{"id":251868,"date":"2025-11-23T19:00:09","date_gmt":"2025-11-23T19:00:09","guid":{"rendered":"https:\/\/www.europesays.com\/es\/251868\/"},"modified":"2025-11-23T19:00:09","modified_gmt":"2025-11-23T19:00:09","slug":"quien-es-tatiana-schlossberg-la-nieta-de-kennedy-diagnosticada-con-cancer-terminal-a-los-35-anos","status":"publish","type":"post","link":"https:\/\/www.europesays.com\/es\/251868\/","title":{"rendered":"Qui\u00e9n es Tatiana Schlossberg, la nieta de Kennedy diagnosticada con c\u00e1ncer terminal a los 35 a\u00f1os"},"content":{"rendered":"<p><img loading=\"lazy\" decoding=\"async\" src=\"https:\/\/www.europesays.com\/es\/wp-content\/uploads\/2025\/10\/1760450890_434_100x100_informalia-logo.jpg\" itemtype=\"\/\/schema.org\/ImageObject\" itemprop=\"url\" alt=\"Informalia\" width=\"64\" height=\"64\" pinger-seen=\"true\"\/><\/p>\n<p>Malas noticias para el clan Kennedy. <b>Tatiana Schlossberg<\/b>, nieta del expresidente de Estados Unidos John F. Kennedy, ha anunciado que padece un <b>c\u00e1ncer terminal<\/b>, un dur\u00edsimo diagn\u00f3stico que le llega con tan solo 35 a\u00f1os. En este punto,<b> los m\u00e9dicos le han dado una previsi\u00f3n de apenas un a\u00f1o de vida<\/b>, tal y como la propia Tatiana ha desvelado en un art\u00edculo publicado en The New York Times.<\/p>\n<p>La nieta, hija del dise\u00f1ador americano Edwin Schlossberg y de la diplom\u00e1tica Caroline Kennedy \u2014esta \u00faltima, hija del 35\u00ba presidente estadounidense\u2014, ha confesado que <b>padece una leucemia mieloide aguda<\/b>, una enfermedad que apareci\u00f3 poco despu\u00e9s de dar a luz a su segunda hija en mayo de 2024. En los \u00faltimos meses, explica, ha centrado todos sus esfuerzos en tratamientos de quimioterapia y en un trasplante de m\u00e9dula que, por desgracia, no ha logrado frenar el avance de su enfermedad.<\/p>\n<p>\u00abDurante el \u00faltimo ensayo cl\u00ednico, <b>mi m\u00e9dico me dijo que podr\u00eda mantenerme viva durante un a\u00f1o, tal vez<\/b>\u00ab, expone la joven en el peri\u00f3dico americano. Entre sus mayores miedo est\u00e1 el de que sus hijos puedan llegar a olvidarla: \u00abMi primer pensamiento fue que mis hijos, cuyos rostros viven permanentemente en el interior de mis p\u00e1rpados, no me recordar\u00edan\u00bb, lamenta.<\/p>\n<p>                            <img decoding=\"async\" src=\"https:\/\/www.europesays.com\/es\/wp-content\/uploads\/2025\/11\/770x_nieta-keneddy.jpg\" loading=\"lazy\"\/><\/p>\n<p>                            George Moran y Tatiana Schlossberg<\/p>\n<p>Tatiana es madre de dos: de un ni\u00f1o, Edwin, que naci\u00f3 en 2022, y de una peque\u00f1a, que naci\u00f3, como apunt\u00e1bamos, en 2024, fruto de su matrimonio con <b>George Moran<\/b>, a quien dio el \u00abs\u00ed, quiero\u00bb en 2017. En lo profesional, Schlossberg destaca como periodista especializada en medioambiente, una trayectoria que hab\u00eda consolidado con \u00e9xito en las principales cabeceras estadounidenses.<\/p>\n<p>WhatsApp<a href=\"https:\/\/api.whatsapp.com\/send?text=https:\/\/www.eleconomista.es\/informalia\/famosos\/noticias\/13658202\/11\/25\/quien-es-tatiana-schlossberg-la-nieta-de-kennedy-diagnosticada-con-cancer-terminal-a-los-35-anos.html?utm_source%3Dwhatsapp%26utm_medium%3Dshare_button&amp;id=1648118629957_whatsapp\" target=\"_blank\" data-action=\"share\/whatsapp\/share\" aria-label=\"Compartir en Whatsapp\" rel=\"nofollow noopener\"><\/a>Facebook<a id=\"fb-share\" href=\"#\" target=\"_blank\" rel=\"noopener noreferrer\" aria-label=\"Compartir en Facebook\"><\/a>Twitter<a href=\"https:\/\/twitter.com\/share?text=Qui%C3%A9n+es+Tatiana+Schlossberg%2C+la+nieta+de+Kennedy+diagnosticada+con+c%C3%A1ncer+terminal+a+los+35+a%C3%B1os&amp;url=https:\/\/www.eleconomista.es\/informalia\/famosos\/noticias\/13658202\/11\/25\/quien-es-tatiana-schlossberg-la-nieta-de-kennedy-diagnosticada-con-cancer-terminal-a-los-35-anos.html&amp;via=Informalia&amp;id=1648118839245_twitter\" target=\"_blank\" aria-label=\"Compartir en Twitter\" rel=\"nofollow noopener\"><\/a>Linkedin<a onclick=\"return abrirLinkedin();\" href=\"https:\/\/www.linkedin.com\/shareArticle?text=Qui%C3%A9n+es+Tatiana+Schlossberg%2C+la+nieta+de+Kennedy+diagnosticada+con+c%C3%A1ncer+terminal+a+los+35+a%C3%B1os&amp;url=https:\/\/www.eleconomista.es\/informalia\/famosos\/noticias\/13658202\/11\/25\/quien-es-tatiana-schlossberg-la-nieta-de-kennedy-diagnosticada-con-cancer-terminal-a-los-35-anos.html&amp;mini=true\" target=\"_blank\" aria-label=\"Compartir en linkedin\" rel=\"nofollow noopener\"><\/a>Beloud<a href=\"https:\/\/beloud.com\/share?text=Qui%C3%A9n+es+Tatiana+Schlossberg%2C+la+nieta+de+Kennedy+diagnosticada+con+c%C3%A1ncer+terminal+a+los+35+a%C3%B1os&amp;url=https:\/\/www.eleconomista.es\/informalia\/famosos\/noticias\/13658202\/11\/25\/quien-es-tatiana-schlossberg-la-nieta-de-kennedy-diagnosticada-con-cancer-terminal-a-los-35-anos.html&amp;via=Informalia&amp;id=1648118839245_beloud\" target=\"_blank\" aria-label=\"Compartir en beloud\" rel=\"nofollow noopener\"><\/a>Bluesky<a href=\"https:\/\/bsky.app\/intent\/compose?text=https:\/\/bsky.app\/intent\/compose?text=https:\/\/www.eleconomista.es\/informalia\/famosos\/noticias\/13658202\/11\/25\/quien-es-tatiana-schlossberg-la-nieta-de-kennedy-diagnosticada-con-cancer-terminal-a-los-35-anos.html&amp;url=https:\/\/www.eleconomista.es\/informalia\/famosos\/noticias\/13658202\/11\/25\/quien-es-tatiana-schlossberg-la-nieta-de-kennedy-diagnosticada-con-cancer-terminal-a-los-35-anos.html&amp;via=elEconomistaes&amp;id=1648118839245_bluesky\" target=\"_blank\" aria-label=\"Compartir en bluesky\" rel=\"nofollow noopener\"><\/a><\/p>\n<p><script async src=\"https:\/\/platform.twitter.com\/widgets.js\" charset=\"utf-8\"><\/script><\/p>\n","protected":false},"excerpt":{"rendered":"Malas noticias para el clan Kennedy. Tatiana Schlossberg, nieta del expresidente de Estados Unidos John F. Kennedy, ha&hellip;\n","protected":false},"author":2,"featured_media":251869,"comment_status":"","ping_status":"","sticky":false,"template":"","format":"standard","meta":{"footnotes":""},"categories":[174],"tags":[255,146,147,25,24,256,260,23],"class_list":{"0":"post-251868","1":"post","2":"type-post","3":"status-publish","4":"format-standard","5":"has-post-thumbnail","7":"category-famosos","8":"tag-celebrities","9":"tag-entertainment","10":"tag-entretenimiento","11":"tag-es","12":"tag-espana","13":"tag-famosos","14":"tag-gente","15":"tag-spain"},"share_on_mastodon":{"url":"","error":""},"_links":{"self":[{"href":"https:\/\/www.europesays.com\/es\/wp-json\/wp\/v2\/posts\/251868","targetHints":{"allow":["GET"]}}],"collection":[{"href":"https:\/\/www.europesays.com\/es\/wp-json\/wp\/v2\/posts"}],"about":[{"href":"https:\/\/www.europesays.com\/es\/wp-json\/wp\/v2\/types\/post"}],"author":[{"embeddable":true,"href":"https:\/\/www.europesays.com\/es\/wp-json\/wp\/v2\/users\/2"}],"replies":[{"embeddable":true,"href":"https:\/\/www.europesays.com\/es\/wp-json\/wp\/v2\/comments?post=251868"}],"version-history":[{"count":0,"href":"https:\/\/www.europesays.com\/es\/wp-json\/wp\/v2\/posts\/251868\/revisions"}],"wp:featuredmedia":[{"embeddable":true,"href":"https:\/\/www.europesays.com\/es\/wp-json\/wp\/v2\/media\/251869"}],"wp:attachment":[{"href":"https:\/\/www.europesays.com\/es\/wp-json\/wp\/v2\/media?parent=251868"}],"wp:term":[{"taxonomy":"category","embeddable":true,"href":"https:\/\/www.europesays.com\/es\/wp-json\/wp\/v2\/categories?post=251868"},{"taxonomy":"post_tag","embeddable":true,"href":"https:\/\/www.europesays.com\/es\/wp-json\/wp\/v2\/tags?post=251868"}],"curies":[{"name":"wp","href":"https:\/\/api.w.org\/{rel}","templated":true}]}}