{"id":251903,"date":"2025-11-23T19:24:13","date_gmt":"2025-11-23T19:24:13","guid":{"rendered":"https:\/\/www.europesays.com\/es\/251903\/"},"modified":"2025-11-23T19:24:13","modified_gmt":"2025-11-23T19:24:13","slug":"el-pueblo-de-albacete-donde-las-casas-atraviesan-la-roca-parece-un-cuento-de-fantasia","status":"publish","type":"post","link":"https:\/\/www.europesays.com\/es\/251903\/","title":{"rendered":"El pueblo de Albacete donde las casas atraviesan la roca: parece un cuento de fantas\u00eda"},"content":{"rendered":"<p>En el coraz\u00f3n de La Manchuela, donde el J\u00facar dibuja una de sus hoces m\u00e1s imponentes, se levanta un pueblo que parece desafiar a la gravedad. <a href=\"https:\/\/www.eldigitaldealbacete.com\/2025\/11\/17\/fotos-la-belleza-deslumbrante-de-disfrutar-de-la-naturaleza-en-estas-dos-joyas-rurales-de-albacete\/\" target=\"_blank\" rel=\"noreferrer noopener nofollow\">Alcal\u00e1 del J\u00facar<\/a>, declarado Conjunto Hist\u00f3rico-Art\u00edstico en 1982, se despliega en terrazas imposibles sobre un acantilado calizo. Pero lo que de verdad lo convierte en un lugar \u00fanico no se ve desde fuera, sino que est\u00e1 excavado en sus entra\u00f1as.<\/p>\n<p>Las c\u00e9lebres <a href=\"https:\/\/www.eldigitaldealbacete.com\/2025\/11\/15\/el-hogar-tallado-en-la-roca-en-este-pueblo-de-albacete-el-lujo-de-vivir-en-una-casa-cueva\/\" target=\"_blank\" rel=\"noreferrer noopener nofollow\">casas-cueva<\/a> del municipio no son simples viviendas tradicionales. Son aut\u00e9nticos pasadizos habitados que atraviesan el cerro de un extremo a otro, con fachadas que asoman al vac\u00edo mientras dormitorios, cocinas y corredores se internan metros y metros en la monta\u00f1a. Desde la distancia, el pueblo ofrece la imagen de un anfiteatro natural recortado sobre el ca\u00f1\u00f3n del J\u00facar.<\/p>\n<p>El origen de esta arquitectura se remonta a la propia formaci\u00f3n del paisaje. El r\u00edo, que durante millones de a\u00f1os ha ido excavando la roca caliza, dej\u00f3 un relieve tan abrupto que sus habitantes se adaptaron a \u00e9l horadando el pe\u00f1asco para crear espacios frescos, seguros y perfectamente integrados en el entorno.<\/p>\n<p>Cuevas con siglos de historia<\/p>\n<p>Entre los recovecos m\u00e1s visitados destacan la Cueva del Diablo y la Cueva de Masag\u00f3, conectadas entre s\u00ed por t\u00faneles que atraviesan de lado a lado la monta\u00f1a. La primera sorprende por su galer\u00eda principal, que desemboca en balcones naturales con vistas privilegiadas sobre la hoz. Nacida como almac\u00e9n y corral, fue ampliada a principios del siglo XX y hoy combina funciones de museo etnogr\u00e1fico, taberna subterr\u00e1nea y mirador.<\/p>\n<p>A trav\u00e9s de una escalera interior se accede a la Cueva del Rey Garad\u00e9n, atribuida al periodo isl\u00e1mico y utilizada, seg\u00fan la tradici\u00f3n, como punto de vigilancia y v\u00eda de escape. Sus galer\u00edas mantienen una humedad constante incluso en pleno verano, lo que intensifica la sensaci\u00f3n de retroceder varios siglos al recorrerlas.<\/p>\n<p>Muy cerca, la Cueva de Masag\u00f3 conserva la distribuci\u00f3n t\u00edpica de una vivienda troglodita, con cocina, habitaciones y estancias peque\u00f1as ventiladas por respiraderos naturales. All\u00ed se exhiben f\u00f3siles, herramientas agr\u00edcolas y elementos relacionados con la prensa de la aceituna, un gui\u00f1o al pasado agr\u00edcola de la comarca.<\/p>\n<p>Un paisaje que es protagonista<\/p>\n<p>El entorno que rodea a Alcal\u00e1 del J\u00facar es inseparable de la experiencia. El r\u00edo serpentea entre la vegetaci\u00f3n de ribera y las paredes de roca, dibujando un escenario que fue durante siglos frontera natural y paso estrat\u00e9gico entre Castilla y Levante. Hoy, la conocida Ruta del Agua permite recorrer este paisaje en un paseo breve y accesible, siguiendo el cauce y descubriendo nuevas perspectivas del caser\u00edo colgado.<\/p>\n<p>A escasos tres kil\u00f3metros del n\u00facleo urbano, la ermita de San Lorenzo completa la postal. Levantada junto a un recodo del J\u00facar y rodeada de chopos y sauces, ofrece una de las vistas m\u00e1s evocadoras del municipio.<\/p>\n<p>Quien llega a Alcal\u00e1 del J\u00facar no solo contempla un pueblo singular; lo atraviesa. Sus cuevas, sus t\u00faneles y sus miradores interiores permiten literalmente caminar por dentro de la monta\u00f1a, una experiencia dif\u00edcil de encontrar en la provincia y que explica por qu\u00e9 este municipio se ha convertido en uno de los referentes del turismo rural de Castilla-La Mancha.<\/p>\n","protected":false},"excerpt":{"rendered":"En el coraz\u00f3n de La Manchuela, donde el J\u00facar dibuja una de sus hoces m\u00e1s imponentes, se levanta&hellip;\n","protected":false},"author":2,"featured_media":251904,"comment_status":"","ping_status":"","sticky":false,"template":"","format":"standard","meta":{"footnotes":""},"categories":[173],"tags":[2545,229,233,231,230,4091,232,234,146,147,25,24,10,8419,23,4664],"class_list":{"0":"post-251903","1":"post","2":"type-post","3":"status-publish","4":"format-standard","5":"has-post-thumbnail","7":"category-arte-y-diseno","8":"tag-albacete","9":"tag-arte","10":"tag-arte-y-diseno","11":"tag-arts","12":"tag-arts-and-design","13":"tag-castilla-la-mancha","14":"tag-design","15":"tag-diseno","16":"tag-entertainment","17":"tag-entretenimiento","18":"tag-es","19":"tag-espana","20":"tag-noticias","21":"tag-pueblos","22":"tag-spain","23":"tag-turismo"},"share_on_mastodon":{"url":"https:\/\/pubeurope.com\/@es\/115600651924922919","error":""},"_links":{"self":[{"href":"https:\/\/www.europesays.com\/es\/wp-json\/wp\/v2\/posts\/251903","targetHints":{"allow":["GET"]}}],"collection":[{"href":"https:\/\/www.europesays.com\/es\/wp-json\/wp\/v2\/posts"}],"about":[{"href":"https:\/\/www.europesays.com\/es\/wp-json\/wp\/v2\/types\/post"}],"author":[{"embeddable":true,"href":"https:\/\/www.europesays.com\/es\/wp-json\/wp\/v2\/users\/2"}],"replies":[{"embeddable":true,"href":"https:\/\/www.europesays.com\/es\/wp-json\/wp\/v2\/comments?post=251903"}],"version-history":[{"count":0,"href":"https:\/\/www.europesays.com\/es\/wp-json\/wp\/v2\/posts\/251903\/revisions"}],"wp:featuredmedia":[{"embeddable":true,"href":"https:\/\/www.europesays.com\/es\/wp-json\/wp\/v2\/media\/251904"}],"wp:attachment":[{"href":"https:\/\/www.europesays.com\/es\/wp-json\/wp\/v2\/media?parent=251903"}],"wp:term":[{"taxonomy":"category","embeddable":true,"href":"https:\/\/www.europesays.com\/es\/wp-json\/wp\/v2\/categories?post=251903"},{"taxonomy":"post_tag","embeddable":true,"href":"https:\/\/www.europesays.com\/es\/wp-json\/wp\/v2\/tags?post=251903"}],"curies":[{"name":"wp","href":"https:\/\/api.w.org\/{rel}","templated":true}]}}