{"id":251905,"date":"2025-11-23T19:26:11","date_gmt":"2025-11-23T19:26:11","guid":{"rendered":"https:\/\/www.europesays.com\/es\/251905\/"},"modified":"2025-11-23T19:26:11","modified_gmt":"2025-11-23T19:26:11","slug":"siempre-he-pensado-que-eras-muy-pedante-2","status":"publish","type":"post","link":"https:\/\/www.europesays.com\/es\/251905\/","title":{"rendered":"Siempre he pensado que eras muy pedante"},"content":{"rendered":"\n<p> Uno de los rostros que se <strong>ha encontrado recientemente con Mediaset es Pedro Ruiz.<\/strong> Pese a su cr\u00edtica al grupo audiovisual en 2023, concretamente a S\u00e1lvame y a otros formatos y tertulias de cr\u00f3nica social, el presentador sorprend\u00eda participando en <a href=\"https:\/\/www.elconfidencial.com\/television\/programas-tv\/2025-09-03\/detalles-el-tiempo-justo-joaquin-prat-telecinco_4201573\/\" target=\"_self\" rel=\"nofollow noopener\">El tiempo justo<\/a> y Todo es mentira en los \u00faltimos meses. <\/p>\n<p> Es por ello que, en su inesperada visita a Fiesta este s\u00e1bado, 22 de noviembre,<strong> el catal\u00e1n agradec\u00eda a <a href=\"https:\/\/www.elconfidencial.com\/television\/programas-tv\/2025-10-26\/fiesta-emma-garcia-mareando-horrorosa-imagen_4235751\/\" target=\"_self\" rel=\"nofollow noopener\">Emma Garc\u00eda<\/a> su recibimiento en el programa de <a href=\"https:\/\/www.elconfidencial.com\/television\/programas-tv\/2025-11-23\/telecinco-agarrate-al-sillon-vaya-fama-audiencia-fin-de-semana_4252959\/\" target=\"_self\" rel=\"nofollow noopener\">Telecinco<\/a>.<\/strong> \u00abYo he sido siempre muy cr\u00edtico con esta casa. Pero esta casa no te elimina y otras, s\u00ed\u00bb, reconoc\u00eda a la presentadora, inmerso en la promoci\u00f3n de su nuevo espect\u00e1culo teatral: Mi vida es una an\u00e9cdota by confidencial. <\/p>\n<p> Preguntado por c\u00f3mo lidia con la fama, Pedro Ruiz se defini\u00f3 como una persona \u00abbastante amable\u00bbhttps:\/\/www.elconfidencial.com\/television\/programas-tv\/2025-11-23\/emma-garcia-telecinco-pedro-ruiz-pedante_4253035\/.\u00bbLa gente me trata con mucho cari\u00f1o; creo que hay que ser sencillo y, dentro de que a veces parezco una persona intratable, <strong>no lo soy, soy una persona bastante cercana\u00bb,<\/strong> asumi\u00f3 el artista, consciente de que \u00aben ocasiones, cuando est\u00e1s a la defensiva, tienes un perfil de ti que no es el mejor\u00bb. <\/p>\n<p> Fue entonces cuando Emma Garc\u00eda quiso revelar la opini\u00f3n que hab\u00eda tenido de su invitado en las \u00faltimas d\u00e9cadas. \u00abVoy a ser sincera, <strong>yo siempre he pensado que eras muy pedante, muy pedante\u00bb,<\/strong> sentenci\u00f3 la presentadora. \u00ab\u00bfPero pedante por detr\u00e1s o por delante?\u00bb, le devolvi\u00f3 Ruiz, tratando de quitar hierro al asunto. <\/p>\n<p>               Emma Garc\u00eda entrevista a Pedro Ruiz en &#8216;Fiesta&#8217;. (Mediaset)             <\/p>\n<p> \u00abCreo que tienes tal conocimiento de tantas cosas y de ese aprendizaje, que sin querer puedes dar esa imagen, que ya no la tengo\u00bb, aclar\u00f3 Emma Garc\u00eda, con Pedro Ruiz d\u00e1ndole, en parte, la raz\u00f3n. <strong>\u00abA veces, como estoy a la defensiva, puedo parecer pedante.<\/strong> A veces me he visto yo y he dicho: &#8216;\u00bfQu\u00e9 haces siendo tan pedante?\u00bb, asumi\u00f3 el invitado en Telecinco, en una entrevista que se desarroll\u00f3 en buenos t\u00e9rminos entre los dos. <\/p>\n<p> Uno de los rostros que se <strong>ha encontrado recientemente con Mediaset es Pedro Ruiz.<\/strong> Pese a su cr\u00edtica al grupo audiovisual en 2023, concretamente a S\u00e1lvame y a otros formatos y tertulias de cr\u00f3nica social, el presentador sorprend\u00eda participando en <a href=\"https:\/\/www.elconfidencial.com\/television\/programas-tv\/2025-09-03\/detalles-el-tiempo-justo-joaquin-prat-telecinco_4201573\/\" target=\"_self\" rel=\"nofollow noopener\">El tiempo justo<\/a> y Todo es mentira en los \u00faltimos meses. <\/p>\n","protected":false},"excerpt":{"rendered":"Uno de los rostros que se ha encontrado recientemente con Mediaset es Pedro Ruiz. Pese a su cr\u00edtica&hellip;\n","protected":false},"author":2,"featured_media":251906,"comment_status":"","ping_status":"","sticky":false,"template":"","format":"standard","meta":{"footnotes":""},"categories":[171],"tags":[146,147,25,24,23,214],"class_list":{"0":"post-251905","1":"post","2":"type-post","3":"status-publish","4":"format-standard","5":"has-post-thumbnail","7":"category-tv","8":"tag-entertainment","9":"tag-entretenimiento","10":"tag-es","11":"tag-espana","12":"tag-spain","13":"tag-tv"},"share_on_mastodon":{"url":"https:\/\/pubeurope.com\/@es\/115600659977827211","error":""},"_links":{"self":[{"href":"https:\/\/www.europesays.com\/es\/wp-json\/wp\/v2\/posts\/251905","targetHints":{"allow":["GET"]}}],"collection":[{"href":"https:\/\/www.europesays.com\/es\/wp-json\/wp\/v2\/posts"}],"about":[{"href":"https:\/\/www.europesays.com\/es\/wp-json\/wp\/v2\/types\/post"}],"author":[{"embeddable":true,"href":"https:\/\/www.europesays.com\/es\/wp-json\/wp\/v2\/users\/2"}],"replies":[{"embeddable":true,"href":"https:\/\/www.europesays.com\/es\/wp-json\/wp\/v2\/comments?post=251905"}],"version-history":[{"count":0,"href":"https:\/\/www.europesays.com\/es\/wp-json\/wp\/v2\/posts\/251905\/revisions"}],"wp:featuredmedia":[{"embeddable":true,"href":"https:\/\/www.europesays.com\/es\/wp-json\/wp\/v2\/media\/251906"}],"wp:attachment":[{"href":"https:\/\/www.europesays.com\/es\/wp-json\/wp\/v2\/media?parent=251905"}],"wp:term":[{"taxonomy":"category","embeddable":true,"href":"https:\/\/www.europesays.com\/es\/wp-json\/wp\/v2\/categories?post=251905"},{"taxonomy":"post_tag","embeddable":true,"href":"https:\/\/www.europesays.com\/es\/wp-json\/wp\/v2\/tags?post=251905"}],"curies":[{"name":"wp","href":"https:\/\/api.w.org\/{rel}","templated":true}]}}