{"id":251909,"date":"2025-11-23T19:28:21","date_gmt":"2025-11-23T19:28:21","guid":{"rendered":"https:\/\/www.europesays.com\/es\/251909\/"},"modified":"2025-11-23T19:28:21","modified_gmt":"2025-11-23T19:28:21","slug":"estas-son-las-3-claves-por-las-que-no-perderse-el-estreno-dimelo-bajito-la-primera-pelicula-que-adapta-la-segunda-trilogia-de-mercedes-ron","status":"publish","type":"post","link":"https:\/\/www.europesays.com\/es\/251909\/","title":{"rendered":"Estas son las 3 claves por las que no perderse el estreno &#8216;D\u00edmelo bajito&#8217;, la primera pel\u00edcula que adapta la segunda trilog\u00eda de Mercedes Ron"},"content":{"rendered":"<p data-journey-content=\"true\" data-node-id=\"3\" class=\"css-6wxqfj emevuu60\">Las plataformas suelen dedicar sus estrenos a todo tipo de g\u00e9neros e historias diversas para poder conquistar muchos p\u00fablicos diferentes. Pero si hay una fuente inagotable de ideas, esa es la literatura y, por suerte, es tan variada que nos permite disfrutar de muchas propuestas emocionantes de thriller, cr\u00edmenes, comedia y hasta romance. <a href=\"https:\/\/www.amazon.es\/pruebaprime?tag=diezminutosspain-21\" target=\"_blank\" rel=\"nofollow noopener\" data-vars-ga-outbound-link=\"https:\/\/www.amazon.es\/pruebaprime?tag=televisionspain-21\" data-vars-ga-ux-element=\"Hyperlink\" data-vars-ga-call-to-action=\"Prime Video\" data-vars-ga-product-id=\"d54f9c83-9b30-418d-be71-fc4c92ad5cce\" data-node-id=\"3.1\" data-href=\"https:\/\/www.amazon.es\/pruebaprime?tag=televisionspain-21\" data-product-url=\"https:\/\/www.amazon.es\/pruebaprime?tag=televisionspain-21\" data-affiliate=\"true\" data-affiliate-url=\"https:\/\/www.amazon.es\/pruebaprime?tag=diezminutosspain-21\" data-affiliate-network=\"{&quot;site_id&quot;:&quot;b22e688a-7e22-416b-81d8-c6bfbd6717c5&quot;,&quot;metadata&quot;:{&quot;links&quot;:{&quot;default&quot;:&quot;https:\/\/www.amazon.es\/pruebaprime?tag=diezminutosspain-21&quot;}},&quot;network&quot;:{&quot;name&quot;:&quot;Amazon&quot;},&quot;product_metadata&quot;:null,&quot;afflink_redirect&quot;:&quot;\/_p\/afflink\/zs23\/amazon-pruebaprime&quot;}\" data-vars-ga-product-brand=\"amazon.es\" data-vars-ga-product-retailer-id=\"3b8e75e6-fb28-4bc7-9133-9913aa42444d\" data-vars-ga-product-sem3-brand=\"amazon.es\" data-vars-ga-link-treatment=\"(not set) | (not set)\" class=\"body-link product-links css-177bzfx e1aq0z090\">Prime Video<\/a> lo ha sabido entender desde sus inicios y por ello apuesta por novelas en espa\u00f1ol que, gracias a su producci\u00f3n, dan el salto a la pantalla y, por suerte, muchas han acabado convertidas en grandes \u00e9xitos. Lo hemos visto como <a href=\"https:\/\/www.diezminutos.es\/teleprograma\/series-tv\/a64427079\/memento-mori-temporada-2-trailer-fecha-estreno\/\" target=\"_blank\" data-vars-ga-outbound-link=\"https:\/\/www.diezminutos.es\/teleprograma\/series-tv\/a64427079\/memento-mori-temporada-2-trailer-fecha-estreno\/\" data-vars-ga-ux-element=\"Hyperlink\" data-vars-ga-call-to-action=\"&#039;Memento Mori&#039;\" data-node-id=\"3.3\" class=\"body-link css-177bzfx emevuu60\" rel=\"nofollow noopener\">&#8216;Memento Mori&#8217;<\/a> y la incontestable <a href=\"https:\/\/www.diezminutos.es\/teleprograma\/series-tv\/a60089978\/reina-roja-saga-libros-juan-gomez-jurado-diferencias-serie\/\" target=\"_blank\" data-vars-ga-outbound-link=\"https:\/\/www.diezminutos.es\/teleprograma\/series-tv\/a60089978\/reina-roja-saga-libros-juan-gomez-jurado-diferencias-serie\/\" data-vars-ga-ux-element=\"Hyperlink\" data-vars-ga-call-to-action=\"&#039;Reina Roja\" data-node-id=\"3.5\" class=\"body-link css-177bzfx emevuu60\" rel=\"nofollow noopener\">&#8216;Reina Roja<\/a>&#8216;, pero ha sido una grata sorpresa comprobar que, adem\u00e1s de este tipo de ficciones m\u00e1s oscuras, tambi\u00e9n <strong data-node-id=\"3.7\">han tenido una gran acogida otras m\u00e1s ligeras y apasionadas, como las tres pel\u00edculas de la saga &#8216;Culpables&#8217; que supon\u00edan la primera adaptaci\u00f3n de Mercedes Ron,<\/strong> la escritora argentina superventas de novela rom\u00e1ntica adolescente. Tan bien han funcionado <a href=\"https:\/\/www.diezminutos.es\/teleprograma\/programas-tv\/a44266404\/culpa-mia-pelicula-prime-video-mas-vista\/\" target=\"_blank\" data-vars-ga-outbound-link=\"https:\/\/www.diezminutos.es\/teleprograma\/programas-tv\/a44266404\/culpa-mia-pelicula-prime-video-mas-vista\/\" data-vars-ga-ux-element=\"Hyperlink\" data-vars-ga-call-to-action=\"&#039;Culpa m\u00eda&#039;\" data-node-id=\"3.9\" class=\"body-link css-177bzfx emevuu60\" rel=\"nofollow noopener\">&#8216;Culpa m\u00eda&#8217;<\/a>, <a href=\"https:\/\/www.diezminutos.es\/teleprograma\/series-tv\/a63291339\/culpa-tuya-pelicula-amor-adolescente-romantica-prime-video\/\" target=\"_blank\" data-vars-ga-outbound-link=\"https:\/\/www.diezminutos.es\/teleprograma\/series-tv\/a63291339\/culpa-tuya-pelicula-amor-adolescente-romantica-prime-video\/\" data-vars-ga-ux-element=\"Hyperlink\" data-vars-ga-call-to-action=\"&#039;Culpa tuya&#039;\" data-node-id=\"3.11\" class=\"body-link css-177bzfx emevuu60\" rel=\"nofollow noopener\">&#8216;Culpa tuya&#8217;<\/a> y <a href=\"https:\/\/www.diezminutos.es\/teleprograma\/series-tv\/a66062240\/culpa-nuestra-marta-hazas-desenlace-saga-mercedes-ron-prime-video\/\" target=\"_blank\" data-vars-ga-outbound-link=\"https:\/\/www.diezminutos.es\/teleprograma\/series-tv\/a66062240\/culpa-nuestra-marta-hazas-desenlace-saga-mercedes-ron-prime-video\/\" data-vars-ga-ux-element=\"Hyperlink\" data-vars-ga-call-to-action=\"&#039;Culpa nuestra&#039;\" data-node-id=\"3.13\" class=\"body-link css-177bzfx emevuu60\" rel=\"nofollow noopener\">&#8216;Culpa nuestra&#8217;<\/a> que, poco despu\u00e9s de cerrar esa trilog\u00eda, Prime Video ya tiene lista para su estreno su pr\u00f3xima adaptaci\u00f3n. Por eso, <strong data-node-id=\"3.15\">os invitamos a descubrir algunas razones que explican por qu\u00e9 deber\u00edamos adentrarnos tambi\u00e9n en &#8216;D\u00edmelo bajito&#8217;, la carta de presentaci\u00f3n de la nueva trilog\u00eda de pel\u00edculas que adaptan a Mercedes Ron.<\/strong><\/p>\n<p data-journey-content=\"true\" data-node-id=\"7\" class=\"css-6wxqfj emevuu60\"><a href=\"https:\/\/www.amazon.es\/pruebaprime?tag=diezminutosspain-21\" target=\"_blank\" data-vars-ga-outbound-link=\"https:\/\/www.amazon.es\/pruebaprime?tag=televisionspain-21\" data-vars-ga-call-to-action=\"CONSIGUE PRIME VIDEO\" rel=\"nofollow noopener\" data-vars-ga-ux-element=\"Hyperlink\" data-vars-ga-product-id=\"d54f9c83-9b30-418d-be71-fc4c92ad5cce\" data-node-id=\"7.0\" data-href=\"https:\/\/www.amazon.es\/pruebaprime?tag=televisionspain-21\" data-product-url=\"https:\/\/www.amazon.es\/pruebaprime?tag=televisionspain-21\" data-affiliate=\"true\" data-affiliate-url=\"https:\/\/www.amazon.es\/pruebaprime?tag=diezminutosspain-21\" data-affiliate-network=\"{&quot;site_id&quot;:&quot;b22e688a-7e22-416b-81d8-c6bfbd6717c5&quot;,&quot;metadata&quot;:{&quot;links&quot;:{&quot;default&quot;:&quot;https:\/\/www.amazon.es\/pruebaprime?tag=diezminutosspain-21&quot;}},&quot;network&quot;:{&quot;name&quot;:&quot;Amazon&quot;},&quot;product_metadata&quot;:null,&quot;afflink_redirect&quot;:&quot;\/_p\/afflink\/zs23\/amazon-pruebaprime&quot;}\" data-vars-ga-product-brand=\"amazon.es\" data-vars-ga-product-retailer-id=\"3b8e75e6-fb28-4bc7-9133-9913aa42444d\" data-vars-ga-product-sem3-brand=\"amazon.es\" data-vars-ga-link-treatment=\"(not set) | (not set)\" class=\"body-btn-link product-links-button css-1yd3z1 e1aq0z090\">CONSIGUE PRIME VIDEO<\/a><\/p>\n<p>Las 3 claves de &#8216;D\u00edmelo bajito&#8217; para disfrutar del estreno de esta saga de Mercedes Ron en Prime Video<\/p>\n<p data-journey-content=\"true\" data-node-id=\"13\" class=\"css-6wxqfj emevuu60\">Quienes hayan disfrutado de las novelas de Mercedes Ron, probablemente, no necesiten alicientes para engancharse a esta nueva trilog\u00eda en Prime Video, ya que seguro que esperaban con ansia, no solo este estreno, sino tambi\u00e9n algunas noticias de <a href=\"https:\/\/www.diezminutos.es\/teleprograma\/series-tv\/a63956059\/marfil-ebano-enfrentados-saga-peliculas-mercedes-ron-prime-video-ester-exposito\/\" target=\"_blank\" data-vars-ga-outbound-link=\"https:\/\/www.diezminutos.es\/teleprograma\/series-tv\/a63956059\/marfil-ebano-enfrentados-saga-peliculas-mercedes-ron-prime-video-ester-exposito\/\" data-vars-ga-ux-element=\"Hyperlink\" data-vars-ga-call-to-action=\"&#039;Marfil&#039; y &#039;\u00c9bano&#039;\" data-node-id=\"13.1\" class=\"body-link css-177bzfx emevuu60\" rel=\"nofollow noopener\">&#8216;Marfil&#8217; y &#8216;\u00c9bano&#8217;<\/a>, la bilog\u00eda que la suceder\u00e1 en la plataforma. Pero, como se trata de un lanzamiento que podr\u00eda atrapar a nuevos espectadores, hemos recopilado <strong data-node-id=\"13.3\">algunas razones de peso por las que aprovechar la oportunidad de adentrarse en la saga &#8216;D\u00edmelo&#8217; a trav\u00e9s de sus pel\u00edculas.<\/strong><\/p>\n<p>B de Bolsillo Trilog\u00eda D\u00edmelo<\/p>\n<p><a target=\"_blank\" rel=\"nofollow noopener\" data-theme-key=\"product-image-wrapper\" href=\"https:\/\/www.amazon.es\/dp\/8413146208?tag=diezminutosspain-21\" aria-label=\"36\u00a0\u20ac en Amazon for Trilog\u00eda D\u00edmelo\" data-href=\"https:\/\/www.amazon.es\/dp\/8413146208\" data-product-url=\"https:\/\/www.amazon.es\/dp\/8413146208\" data-affiliate=\"true\" data-affiliate-url=\"https:\/\/www.amazon.es\/dp\/8413146208?tag=diezminutosspain-21\" data-affiliate-network=\"{&quot;site_id&quot;:&quot;b22e688a-7e22-416b-81d8-c6bfbd6717c5&quot;,&quot;metadata&quot;:{&quot;links&quot;:{&quot;default&quot;:&quot;https:\/\/www.amazon.es\/dp\/8413146208?tag=diezminutosspain-21&quot;}},&quot;network&quot;:{&quot;name&quot;:&quot;Amazon&quot;},&quot;afflink_redirect&quot;:&quot;\/_p\/afflink\/zuAq\/amazon-trilogia-dimelo-tuche-con-dimelo&quot;}\" data-vars-ga-call-to-action=\"36\u00a0\u20ac en Amazon\" data-vars-ga-media-role=\"\" data-vars-ga-media-type=\"Single Product Embed\" data-vars-ga-outbound-link=\"https:\/\/www.amazon.es\/dp\/8413146208\" data-vars-ga-product-brand=\"B de Bolsillo\" data-vars-ga-product-id=\"2f718be2-1ca2-492e-86a0-f96184e5a7ec\" data-vars-ga-product-price=\"36,05\u00a0\u20ac\" data-vars-ga-product-retailer-id=\"2c861c0b-2283-4386-b9b7-2867d16fe732\" data-vars-ga-product-sem3-brand=\"B de Bolsillo\" data-vars-ga-product-sem3-category=\"Libros en castellano\" data-vars-ga-link-treatment=\"(not set) | (not set)\" data-vars-ga-sku=\"8413146208\" data-vars-ga-magento-tracking=\"1\" class=\"product-image-link ebgq4gw2 e1b8bpvs0 css-1b9n4r1 e1c1bym14\"><img  alt=\"Trilog\u00eda D\u00edmelo\" title=\"Trilog\u00eda D\u00edmelo\" src=\"https:\/\/www.europesays.com\/es\/wp-content\/uploads\/2025\/11\/1763896846-81kOzoFo5AL.jpg\" width=\"1962\" height=\"2560\" decoding=\"async\" loading=\"lazy\"\/><\/a><strong data-node-id=\"16\"><br data-node-id=\"16.0\"\/><\/strong>&#8216;D\u00edmelo bajito&#8217; re\u00fane todo lo que nos gusta del g\u00e9nero rom\u00e1ntico <\/p>\n<p data-journey-content=\"true\" data-node-id=\"20\" class=\"css-6wxqfj emevuu60\">Reconozc\u00e1moslo: somos fan\u00e1ticos de las <a href=\"https:\/\/www.diezminutos.es\/teleprograma\/series-tv\/g32064270\/series-netflix-2020-adolescentes-recomendadas\/\" target=\"_blank\" data-vars-ga-outbound-link=\"https:\/\/www.diezminutos.es\/teleprograma\/series-tv\/g32064270\/series-netflix-2020-adolescentes-recomendadas\/\" data-vars-ga-ux-element=\"Hyperlink\" data-vars-ga-call-to-action=\"series adolescentes\" data-node-id=\"20.1\" data-mrf-link=\"https:\/\/www.diezminutos.es\/teleprograma\/series-tv\/g32064270\/series-netflix-2020-adolescentes-recomendadas\/\" data-mrf-recirculation-id=\"[Article] In Text Link_0\" class=\"body-link css-177bzfx emevuu60\" rel=\"nofollow noopener\">series adolescentes<\/a>. Da igual que hayamos superado ese per\u00edodo hace tiempo o que estemos atravesando, precisamente, ese per\u00edodo y nos sintamos identificados. <strong data-node-id=\"20.3\">Cualquier lector de este art\u00edculo aficionado a la novela o la ficci\u00f3n repleta de pasi\u00f3n y amores puede empatizar con una historia como la de &#8216;D\u00edmelo bajito&#8217;. <\/strong><\/p>\n<p data-journey-content=\"true\" data-node-id=\"22\" class=\"css-6wxqfj emevuu60\">En ella, conocemos a Kamila Hamilton, una joven que ten\u00eda todo bajo control hasta que se reencontr\u00f3 con los hermanos Di Bianco, algo que tiene una cierta reminiscencia a <a href=\"https:\/\/www.diezminutos.es\/telenovela\/turcas\/a69055489\/el-verano-que-me-enamore-serie-romantica-prime-video-mas-adictiva-una-nueva-vida\/\" target=\"_blank\" data-vars-ga-outbound-link=\"https:\/\/www.diezminutos.es\/telenovela\/turcas\/a69055489\/el-verano-que-me-enamore-serie-romantica-prime-video-mas-adictiva-una-nueva-vida\/\" data-vars-ga-ux-element=\"Hyperlink\" data-vars-ga-call-to-action=\"&#039;El verano en que me enamor\u00e9&#039;\" data-node-id=\"22.1\" class=\"body-link css-177bzfx emevuu60\" rel=\"nofollow noopener\">&#8216;El verano en que me enamor\u00e9&#8217;<\/a>, aunque pronto descubriremos que es bien distinta. Hace 7 a\u00f1os Thiago fue el que le dio su primer beso, mientras que Taylor siempre fue ese gran amigo que siempre la protegi\u00f3. Sin embargo, con el paso de los a\u00f1os, su vuelta deja su vida completamente patas arriba y es que apenas parece quedar nada de aquella inocente Kami que conocieron. Pero, sorprendidos por un cambio tan radical en ella, ambos hermanos deciden buscar v\u00edas para reconectar con ella y entender qu\u00e9 le ha ocurrido en estos a\u00f1os. \u00bfConseguir\u00e1 alguno de ellos ablandar su coraz\u00f3n? \u00bfSupondr\u00e1 un problema para Kami darse cuenta de que ya no se ven de la misma forma? Descubrir lo ocurrido en esa elipsis temporal en que se pierden la pista y recorrer el camino que <strong data-node-id=\"22.3\">estos tres j\u00f3venes est\u00e1n dispuestos a explorar por entender los l\u00edmites de la amistad, la pasi\u00f3n y hasta el amor&#8230; ser\u00e1 el reto al que nos invite &#8216;D\u00edmelo bajito&#8217;.<\/strong><\/p>\n<p><img draggable=\"true\" alt=\"fernando lindez, alicia falco y diego vidales, protagonistas de 'dimelo bajito'\" title=\"Fernando Lindez, Alicia Falco y Diego Vidales, protagonistas de 'Dimelo bajito'\" loading=\"lazy\" width=\"1333\" height=\"2000\" decoding=\"async\" data-nimg=\"1\" style=\"color:transparent;width:100%;height:auto;\"   src=\"https:\/\/www.europesays.com\/es\/wp-content\/uploads\/2025\/11\/di-melo-bajito-672dd87c5385f.jpg\" class=\"css-0 e1g79fud0\"\/><\/p>\n<p>Julen Marti\u0301n\/\/Amazon Prime<\/p>\n<p>Ver la luz como una trilog\u00eda de pel\u00edculas, la mayor ventaja de &#8216;D\u00edmelo bajito&#8217;<\/p>\n<p data-journey-content=\"true\" data-node-id=\"26\" class=\"css-6wxqfj emevuu60\">Solemos correr el riesgo de probar decenas de nuevas series a lo largo del a\u00f1o, pero muchas de ellas no son tan adictivas o interesantes como esper\u00e1bamos y, sin remedio, nos vemos enfangados en algunas producciones que, m\u00e1s all\u00e1 de su primer episodio, suponen un motivo de desidia que casi preferir\u00edamos abandonar. Pero<strong data-node-id=\"26.1\"> una pel\u00edcula es concreta y recorre una historia de forma limitada, m\u00e1s a\u00fan si se trata de la adaptaci\u00f3n de una novela, porque el foco puede ce\u00f1irse exclusivamente a lo m\u00e1s relevante que se extraen de las p\u00e1ginas originales. <\/strong>Por eso, con invertir apenas un rato de una tarde o noche placentera de invierno en la comodidad de nuestro hogar, podemos entregarnos a eso que hace a\u00f1os se consideraba un placer culpable y recorrer en <a href=\"https:\/\/www.diezminutos.es\/teleprograma\/series-tv\/a62848484\/dimelo-bajito-saga-pelicula-prime-video-parecida-culpa-mia-mercedes-ron\/\" target=\"_blank\" data-vars-ga-outbound-link=\"https:\/\/www.diezminutos.es\/teleprograma\/series-tv\/a62848484\/dimelo-bajito-saga-pelicula-prime-video-parecida-culpa-mia-mercedes-ron\/\" data-vars-ga-ux-element=\"Hyperlink\" data-vars-ga-call-to-action=\"&#039;D\u00edmelo bajito&#039;\" data-node-id=\"26.3\" class=\"body-link css-177bzfx emevuu60\" rel=\"nofollow noopener\">&#8216;D\u00edmelo bajito&#8217;<\/a> una historia de amor, pasiones, enredos y descubrimientos en un viaje de autoconocimiento y madurez sin sentirnos atrapados.<strong data-node-id=\"26.5\"> Y podremos terminar la historia en tan solo tres filmes. Son todo beneficios.<\/strong><\/p>\n<p>Prime Video apuesta por el momento justo para la fecha de estreno de &#8216;D\u00edmelo bajito&#8217; <\/p>\n<p data-journey-content=\"true\" data-node-id=\"32\" class=\"css-6wxqfj emevuu60\">La rutina del d\u00eda a d\u00eda es arrolladora para muchos espectadores, que apenas sacan tiempo entre responsabilidades, trabajos, familias y amigos para poder disfrutar de su ocio. Sin embargo, la proximidad de las fechas navide\u00f1as suele sentirse como un peque\u00f1o oasis en que, por unos d\u00edas, nos permitimos algo de paz, descanso y momentos de cuidado personal en los que incluimos el disfrute del cine y las series.<\/p>\n<p><img draggable=\"true\" alt=\"dimelo bajito\" title=\"Fernando Lindez, Alicia Falco y Diego Vidales, protagonistas de 'Dimelo bajito'\" loading=\"lazy\" width=\"3000\" height=\"4501\" decoding=\"async\" data-nimg=\"1\" style=\"color:transparent;width:100%;height:auto;\"   src=\"https:\/\/www.europesays.com\/es\/wp-content\/uploads\/2025\/11\/dimelo-bajito-69207574c6ee7.jpg\" class=\"css-0 e1g79fud0\"\/><\/p>\n<p>Julen Marti\u0301n\/\/Amazon Prime<\/p>\n<p data-journey-content=\"true\" data-node-id=\"35\" class=\"css-6wxqfj emevuu60\">Por eso resulta un acierto encontrar que<strong data-node-id=\"35.1\"> &#8216;D\u00edmelo bajito&#8217; tendr\u00e1 su gran estreno el pr\u00f3ximo viernes 12 de diciembre,<\/strong> apenas unos d\u00edas antes de los festivos navide\u00f1os, permitiendo a muchos potenciales espectadores que encuentren un rato en el que acurrucarse en su sof\u00e1 y disfrutar de una historia adictiva que les haga desconectar del frenes\u00ed con el que cerramos el a\u00f1o. De modo que, no quedan excusas para acudir a la cita con <a href=\"https:\/\/www.amazon.es\/pruebaprime?tag=diezminutosspain-21\" target=\"_blank\" rel=\"nofollow noopener\" data-vars-ga-outbound-link=\"https:\/\/www.amazon.es\/pruebaprime?tag=televisionspain-21\" data-vars-ga-ux-element=\"Hyperlink\" data-vars-ga-call-to-action=\"Prime Video\" data-vars-ga-product-id=\"d54f9c83-9b30-418d-be71-fc4c92ad5cce\" data-node-id=\"35.3\" data-href=\"https:\/\/www.amazon.es\/pruebaprime?tag=televisionspain-21\" data-product-url=\"https:\/\/www.amazon.es\/pruebaprime?tag=televisionspain-21\" data-affiliate=\"true\" data-affiliate-url=\"https:\/\/www.amazon.es\/pruebaprime?tag=diezminutosspain-21\" data-affiliate-network=\"{&quot;site_id&quot;:&quot;b22e688a-7e22-416b-81d8-c6bfbd6717c5&quot;,&quot;metadata&quot;:{&quot;links&quot;:{&quot;default&quot;:&quot;https:\/\/www.amazon.es\/pruebaprime?tag=diezminutosspain-21&quot;}},&quot;network&quot;:{&quot;name&quot;:&quot;Amazon&quot;},&quot;product_metadata&quot;:null,&quot;afflink_redirect&quot;:&quot;\/_p\/afflink\/zs23\/amazon-pruebaprime&quot;}\" data-vars-ga-product-brand=\"amazon.es\" data-vars-ga-product-retailer-id=\"3b8e75e6-fb28-4bc7-9133-9913aa42444d\" data-vars-ga-product-sem3-brand=\"amazon.es\" data-vars-ga-link-treatment=\"(not set) | (not set)\" class=\"body-link product-links css-177bzfx e1aq0z090\">Prime Video<\/a> y Mercedes Ron en una demostraci\u00f3n m\u00e1s de que este t\u00e1ndem creativo apunta de nuevo al \u00e9xito.<\/p>\n<p data-journey-content=\"true\" data-node-id=\"37\" class=\"css-6wxqfj emevuu60\"><a href=\"https:\/\/www.amazon.es\/pruebaprime?tag=diezminutosspain-21\" target=\"_blank\" data-vars-ga-outbound-link=\"https:\/\/www.amazon.es\/pruebaprime?tag=televisionspain-21\" data-vars-ga-call-to-action=\"VER &#039;D\u00cdMELO BAJITO&#039; EN PRIME VIDEO \" rel=\"nofollow noopener\" data-vars-ga-ux-element=\"Hyperlink\" data-vars-ga-product-id=\"d54f9c83-9b30-418d-be71-fc4c92ad5cce\" data-node-id=\"37.0\" data-href=\"https:\/\/www.amazon.es\/pruebaprime?tag=televisionspain-21\" data-product-url=\"https:\/\/www.amazon.es\/pruebaprime?tag=televisionspain-21\" data-affiliate=\"true\" data-affiliate-url=\"https:\/\/www.amazon.es\/pruebaprime?tag=diezminutosspain-21\" data-affiliate-network=\"{&quot;site_id&quot;:&quot;b22e688a-7e22-416b-81d8-c6bfbd6717c5&quot;,&quot;metadata&quot;:{&quot;links&quot;:{&quot;default&quot;:&quot;https:\/\/www.amazon.es\/pruebaprime?tag=diezminutosspain-21&quot;}},&quot;network&quot;:{&quot;name&quot;:&quot;Amazon&quot;},&quot;product_metadata&quot;:null,&quot;afflink_redirect&quot;:&quot;\/_p\/afflink\/zs23\/amazon-pruebaprime&quot;}\" data-vars-ga-product-brand=\"amazon.es\" data-vars-ga-product-retailer-id=\"3b8e75e6-fb28-4bc7-9133-9913aa42444d\" data-vars-ga-product-sem3-brand=\"amazon.es\" data-vars-ga-link-treatment=\"(not set) | (not set)\" class=\"body-btn-link product-links-button css-1yd3z1 e1aq0z090\">VER &#8216;D\u00cdMELO BAJITO&#8217; EN PRIME VIDEO <\/a><\/p>\n<p><img src=\"https:\/\/www.europesays.com\/es\/wp-content\/uploads\/2025\/11\/1763926101_567_c846bc45-0529-47f5-9c7d-b54f2b3afed7_1682587735.file\" alt=\"Headshot of Nora C\u00e1mara\" title=\"Headshot of Nora C\u00e1mara\" width=\"100%\" height=\"100%\" decoding=\"async\" loading=\"lazy\" class=\"css-o0wq4v ev8dhu53\"\/><\/p>\n<p>Nora es experta en contenidos de cine y televisi\u00f3n en la web de Diez Minutos. Sus intereses personales y profesionales se cruzan en su labor en esta revista, pues dedica su tiempo a estar al d\u00eda en los \u00faltimos estrenos en salas y plataformas, tanto para no perd\u00e9rselos como para recomendarlos. Pero que nadie sufra, tambi\u00e9n desconecta con la m\u00fasica en directo, la lectura y los viajes. \u00a0<\/p>\n<p>Prescriptora audiovisual por verdadera afici\u00f3n, siempre est\u00e1 dispuesta a arrastrarte con ella al apasionante mundo de las sagas como Harry Potter, Star Wars o Marvel, as\u00ed como a sugerirte la \u00faltima serie adictiva que no debes perderte de Netflix, HBO Max, Disney+, Movistar+ y Amazon Prime Video. Eso s\u00ed, si tienes un arrebato de nostalgia, tambi\u00e9n te recordar\u00e1 el cl\u00e1sico perfecto para cualquier estado de \u00e1nimo o tem\u00e1tica que te interese, desde el musical o la ciencia ficci\u00f3n a las adaptaciones literarias.\u00a0<\/p>\n<p>Nora C\u00e1mara se gradu\u00f3 en Periodismo y Comunicaci\u00f3n Audiovisual en la Universidad Carlos III de Madrid en 2015, donde defini\u00f3 su pasi\u00f3n por los contenidos de cine y televisi\u00f3n. Continu\u00f3 su especializaci\u00f3n en estas materias con diversas formaciones de Guion de televisi\u00f3n y Cr\u00edtica cinematogr\u00e1fica, llev\u00e1ndole a mejorar su experiencia en las revistas del grupo HEARST Teleprograma, Supertele y Telenovela, antes de su llegada a Diez Minutos, hace dos a\u00f1os. \u00a0<\/p>\n","protected":false},"excerpt":{"rendered":"Las plataformas suelen dedicar sus estrenos a todo tipo de g\u00e9neros e historias diversas para poder conquistar muchos&hellip;\n","protected":false},"author":2,"featured_media":251910,"comment_status":"","ping_status":"","sticky":false,"template":"","format":"standard","meta":{"footnotes":""},"categories":[169],"tags":[177,253,146,147,25,24,176,175,23],"class_list":{"0":"post-251909","1":"post","2":"type-post","3":"status-publish","4":"format-standard","5":"has-post-thumbnail","7":"category-cine","8":"tag-cine","9":"tag-discover","10":"tag-entertainment","11":"tag-entretenimiento","12":"tag-es","13":"tag-espana","14":"tag-film","15":"tag-movies","16":"tag-spain"},"share_on_mastodon":{"url":"https:\/\/pubeurope.com\/@es\/115600668270355108","error":""},"_links":{"self":[{"href":"https:\/\/www.europesays.com\/es\/wp-json\/wp\/v2\/posts\/251909","targetHints":{"allow":["GET"]}}],"collection":[{"href":"https:\/\/www.europesays.com\/es\/wp-json\/wp\/v2\/posts"}],"about":[{"href":"https:\/\/www.europesays.com\/es\/wp-json\/wp\/v2\/types\/post"}],"author":[{"embeddable":true,"href":"https:\/\/www.europesays.com\/es\/wp-json\/wp\/v2\/users\/2"}],"replies":[{"embeddable":true,"href":"https:\/\/www.europesays.com\/es\/wp-json\/wp\/v2\/comments?post=251909"}],"version-history":[{"count":0,"href":"https:\/\/www.europesays.com\/es\/wp-json\/wp\/v2\/posts\/251909\/revisions"}],"wp:featuredmedia":[{"embeddable":true,"href":"https:\/\/www.europesays.com\/es\/wp-json\/wp\/v2\/media\/251910"}],"wp:attachment":[{"href":"https:\/\/www.europesays.com\/es\/wp-json\/wp\/v2\/media?parent=251909"}],"wp:term":[{"taxonomy":"category","embeddable":true,"href":"https:\/\/www.europesays.com\/es\/wp-json\/wp\/v2\/categories?post=251909"},{"taxonomy":"post_tag","embeddable":true,"href":"https:\/\/www.europesays.com\/es\/wp-json\/wp\/v2\/tags?post=251909"}],"curies":[{"name":"wp","href":"https:\/\/api.w.org\/{rel}","templated":true}]}}