{"id":251917,"date":"2025-11-23T19:32:11","date_gmt":"2025-11-23T19:32:11","guid":{"rendered":"https:\/\/www.europesays.com\/es\/251917\/"},"modified":"2025-11-23T19:32:11","modified_gmt":"2025-11-23T19:32:11","slug":"anunciados-los-osos-de-peluche-sega-labbies","status":"publish","type":"post","link":"https:\/\/www.europesays.com\/es\/251917\/","title":{"rendered":"Anunciados los osos de peluche SEGA Labbies"},"content":{"rendered":"<p>Parece que tenemos un genial anuncio de la franquicia tras el estreno de <a href=\"https:\/\/www.nintenderos.com\/2024\/01\/sonic-x-shadow-generations-se-hace-oficial-y-llegara-a-nintendo-switch-primeros-detalles-y-trailer\/\" rel=\"nofollow noopener\" target=\"_blank\">Sonic x Shadow Generations<\/a>. \u00a1Ahora parece que hay m\u00e1s noticias sobre Sonic, sin duda muy interesantes! Tenemos contenidos interesantes de la franquicia.<\/p>\n<p>SEGA ha presentado <strong data-start=\"19\" data-end=\"35\">SEGA Labbies<\/strong>, una nueva l\u00ednea de tiernos peluches con forma de oso inspirados en personajes ic\u00f3nicos de sus juegos. La primera colecci\u00f3n incluir\u00e1 versiones de <strong data-start=\"182\" data-end=\"204\">Sonic the Hedgehog<\/strong>, <strong data-start=\"206\" data-end=\"222\">Kazuma Kiryu<\/strong> de Yakuza y <strong data-start=\"237\" data-end=\"246\">Joker<\/strong> de Persona 5, y estar\u00e1 disponible a partir del <strong data-start=\"296\" data-end=\"323\">19 de diciembre de 2025<\/strong> en las tiendas SEGA de Tokio y Shangh\u00e1i.<\/p>\n<p>Aqu\u00ed pod\u00e9is verlo:<\/p>\n<p>Otros contenidos en esta categor\u00eda:<\/p>\n<p>Tambi\u00e9n os recordamos\u00a0<a href=\"https:\/\/www.nintenderos.com\/2023\/08\/todos-los-juegos-de-sonic-por-fecha-de-lanzamiento\/\" rel=\"nofollow noopener\" target=\"_blank\">los juegos de Sonic<\/a>\u00a0que hemos recibido hasta ahora. \u00bfQu\u00e9 os parece esta noticia? Os leemos en los comentarios.<\/p>\n<p><a href=\"https:\/\/nintendosoup.com\/sega-labbies-teddy-bears-announced\/\" class=\"external\" rel=\"nofollow noopener\" target=\"_blank\">Fuente<\/a><\/p>\n","protected":false},"excerpt":{"rendered":"Parece que tenemos un genial anuncio de la franquicia tras el estreno de Sonic x Shadow Generations. \u00a1Ahora&hellip;\n","protected":false},"author":2,"featured_media":251918,"comment_status":"","ping_status":"","sticky":false,"template":"","format":"standard","meta":{"footnotes":""},"categories":[81],"tags":[119,123,124,25,24,117,121,122,14060,63731,36966,23,118,120],"class_list":{"0":"post-251917","1":"post","2":"type-post","3":"status-publish","4":"format-standard","5":"has-post-thumbnail","7":"category-ciencia-y-tecnologia","8":"tag-ciencia","9":"tag-ciencia-y-tecnologia","10":"tag-cienciaytecnologia","11":"tag-es","12":"tag-espana","13":"tag-science","14":"tag-science-and-technology","15":"tag-scienceandtechnology","16":"tag-sega","17":"tag-sega-labbies","18":"tag-sonic","19":"tag-spain","20":"tag-technology","21":"tag-tecnologia"},"share_on_mastodon":{"url":"https:\/\/pubeurope.com\/@es\/115600683472740090","error":""},"_links":{"self":[{"href":"https:\/\/www.europesays.com\/es\/wp-json\/wp\/v2\/posts\/251917","targetHints":{"allow":["GET"]}}],"collection":[{"href":"https:\/\/www.europesays.com\/es\/wp-json\/wp\/v2\/posts"}],"about":[{"href":"https:\/\/www.europesays.com\/es\/wp-json\/wp\/v2\/types\/post"}],"author":[{"embeddable":true,"href":"https:\/\/www.europesays.com\/es\/wp-json\/wp\/v2\/users\/2"}],"replies":[{"embeddable":true,"href":"https:\/\/www.europesays.com\/es\/wp-json\/wp\/v2\/comments?post=251917"}],"version-history":[{"count":0,"href":"https:\/\/www.europesays.com\/es\/wp-json\/wp\/v2\/posts\/251917\/revisions"}],"wp:featuredmedia":[{"embeddable":true,"href":"https:\/\/www.europesays.com\/es\/wp-json\/wp\/v2\/media\/251918"}],"wp:attachment":[{"href":"https:\/\/www.europesays.com\/es\/wp-json\/wp\/v2\/media?parent=251917"}],"wp:term":[{"taxonomy":"category","embeddable":true,"href":"https:\/\/www.europesays.com\/es\/wp-json\/wp\/v2\/categories?post=251917"},{"taxonomy":"post_tag","embeddable":true,"href":"https:\/\/www.europesays.com\/es\/wp-json\/wp\/v2\/tags?post=251917"}],"curies":[{"name":"wp","href":"https:\/\/api.w.org\/{rel}","templated":true}]}}