{"id":251924,"date":"2025-11-23T19:36:16","date_gmt":"2025-11-23T19:36:16","guid":{"rendered":"https:\/\/www.europesays.com\/es\/251924\/"},"modified":"2025-11-23T19:36:16","modified_gmt":"2025-11-23T19:36:16","slug":"tenis-%c2%b7-espana-cae-en-la-final-de-la-copa-davis-2025-italia-campeona-por-tercer-ano-seguido","status":"publish","type":"post","link":"https:\/\/www.europesays.com\/es\/251924\/","title":{"rendered":"Tenis \u00b7 Espa\u00f1a cae en la final de la Copa Davis 2025; Italia, campeona por tercer a\u00f1o seguido"},"content":{"rendered":"<p>Italia se proclam\u00f3 campeona de la <a href=\"https:\/\/www.olympics.com\/es\/eventos-deportivos\/2025-itf-tennis-davis-cup-final-bologna\" data-tracking-payload=\"{&quot;implementation_provider&quot;:&quot;sed&quot;,&quot;content_geography&quot;:&quot;AF,AX,AL,DZ,AS,AD,AO,AI,AQ,AG,AR,AM,AW,AU,AT,AZ,BS,BH,BD,BB,BY,BE,BZ,BJ,BM,BT,BO,BQ,BA,BW,BV,BR,IO,UM,VG,VI,BN,BG,BF,BI,KH,CM,CA,CV,KY,CF,TD,CL,CN,CX,CC,CO,KM,CG,CD,CK,CR,HR,CU,CW,CY,CZ,DK,DJ,DM,DO,EC,EG,SV,GQ,ER,EE,ET,FK,FO,FJ,FI,FR,GF,PF,TF,GA,GM,GE,DE,GH,GI,GR,GL,GD,GP,GU,GT,GG,GN,GW,GY,HT,HM,VA,HN,HK,HU,IS,IN,ID,CI,IR,IQ,IE,IM,IL,IT,JM,JP,JE,JO,KZ,KE,KI,KW,KG,LA,LV,LB,LS,LR,LY,LI,LT,LU,MO,MK,MG,MW,MY,MV,ML,MT,MH,MQ,MR,MU,YT,MX,FM,MD,MC,MN,ME,MS,MA,MZ,MM,NA,NR,NP,NL,NC,NZ,NI,NE,NG,NU,NF,KP,MP,NO,OM,PK,PW,PS,PA,PG,PY,PE,PH,PN,PL,PT,PR,QA,RE,RO,RU,RW,BL,SH,KN,LC,MF,PM,VC,WS,SM,ST,SA,SN,RS,SC,SL,SG,SX,SK,SI,SB,SO,ZA,GS,KR,SS,ES,LK,SD,SR,SJ,SZ,SE,CH,SY,TW,TJ,TZ,TH,TL,TG,TK,TO,TT,TN,TR,TM,TC,TV,UG,UA,AE,GB,US,UY,UZ,VU,VE,VN,WF,EH,YE,ZM,ZW,XK&quot;,&quot;content_id&quot;:&quot;2df73a79-1633-4799-99b2-4ffb4c33e7d7&quot;,&quot;content_release_date_local_utc&quot;:&quot;2025-11-23T19:13:57.364Z&quot;,&quot;content_title&quot;:&quot;Tenis \u00b7 Espa\u00f1a cae en la final de la Copa Davis 2025; Italia, campeona por tercer a\u00f1o seguido&quot;,&quot;tag&quot;:&quot;[\\&quot;discipline-tenis\\&quot;,\\&quot;newsclip\\&quot;,\\&quot;2025-itf-tennis-davis-cup-final-bologna\\&quot;,\\&quot;noc-es\\&quot;,\\&quot;gender-male\\&quot;]&quot;,&quot;module_type&quot;:&quot;TextBlock&quot;,&quot;module_title&quot;:&quot;Tenis \u00b7 Espa\u00f1a cae en la final de la Copa Davis 2025; Italia, campeona por tercer a\u00f1o seguido&quot;,&quot;section_level_1&quot;:&quot;news&quot;,&quot;section_level_2&quot;:&quot;espana-pierde-final-copa-davis-2025-italia-campeona&quot;,&quot;discipline&quot;:&quot;discipline-tenis&quot;,&quot;odf_id&quot;:&quot;TEN&quot;,&quot;module_instance&quot;:&quot;Inline&quot;,&quot;module_id&quot;:null}\" data-tracking=\"click\" rel=\"nofollow noopener\" target=\"_blank\"><strong>Copa Davis 2025<\/strong><\/a> por tercer a\u00f1o seguido derrotando a Espa\u00f1a en la final por 2-0.<\/p>\n<p>La selecci\u00f3n italiana levant\u00f3 el t\u00edtulo ante su p\u00fablico completando una fase final impecable:\u00a0<a href=\"https:\/\/www.olympics.com\/es\/atletas\/matteo-berrettini\" data-tracking-payload=\"{&quot;implementation_provider&quot;:&quot;sed&quot;,&quot;content_geography&quot;:&quot;AF,AX,AL,DZ,AS,AD,AO,AI,AQ,AG,AR,AM,AW,AU,AT,AZ,BS,BH,BD,BB,BY,BE,BZ,BJ,BM,BT,BO,BQ,BA,BW,BV,BR,IO,UM,VG,VI,BN,BG,BF,BI,KH,CM,CA,CV,KY,CF,TD,CL,CN,CX,CC,CO,KM,CG,CD,CK,CR,HR,CU,CW,CY,CZ,DK,DJ,DM,DO,EC,EG,SV,GQ,ER,EE,ET,FK,FO,FJ,FI,FR,GF,PF,TF,GA,GM,GE,DE,GH,GI,GR,GL,GD,GP,GU,GT,GG,GN,GW,GY,HT,HM,VA,HN,HK,HU,IS,IN,ID,CI,IR,IQ,IE,IM,IL,IT,JM,JP,JE,JO,KZ,KE,KI,KW,KG,LA,LV,LB,LS,LR,LY,LI,LT,LU,MO,MK,MG,MW,MY,MV,ML,MT,MH,MQ,MR,MU,YT,MX,FM,MD,MC,MN,ME,MS,MA,MZ,MM,NA,NR,NP,NL,NC,NZ,NI,NE,NG,NU,NF,KP,MP,NO,OM,PK,PW,PS,PA,PG,PY,PE,PH,PN,PL,PT,PR,QA,RE,RO,RU,RW,BL,SH,KN,LC,MF,PM,VC,WS,SM,ST,SA,SN,RS,SC,SL,SG,SX,SK,SI,SB,SO,ZA,GS,KR,SS,ES,LK,SD,SR,SJ,SZ,SE,CH,SY,TW,TJ,TZ,TH,TL,TG,TK,TO,TT,TN,TR,TM,TC,TV,UG,UA,AE,GB,US,UY,UZ,VU,VE,VN,WF,EH,YE,ZM,ZW,XK&quot;,&quot;content_id&quot;:&quot;2df73a79-1633-4799-99b2-4ffb4c33e7d7&quot;,&quot;content_release_date_local_utc&quot;:&quot;2025-11-23T19:13:57.364Z&quot;,&quot;content_title&quot;:&quot;Tenis \u00b7 Espa\u00f1a cae en la final de la Copa Davis 2025; Italia, campeona por tercer a\u00f1o seguido&quot;,&quot;tag&quot;:&quot;[\\&quot;discipline-tenis\\&quot;,\\&quot;newsclip\\&quot;,\\&quot;2025-itf-tennis-davis-cup-final-bologna\\&quot;,\\&quot;noc-es\\&quot;,\\&quot;gender-male\\&quot;]&quot;,&quot;module_type&quot;:&quot;TextBlock&quot;,&quot;module_title&quot;:&quot;Tenis \u00b7 Espa\u00f1a cae en la final de la Copa Davis 2025; Italia, campeona por tercer a\u00f1o seguido&quot;,&quot;section_level_1&quot;:&quot;news&quot;,&quot;section_level_2&quot;:&quot;espana-pierde-final-copa-davis-2025-italia-campeona&quot;,&quot;discipline&quot;:&quot;discipline-tenis&quot;,&quot;odf_id&quot;:&quot;TEN&quot;,&quot;module_instance&quot;:&quot;Inline&quot;,&quot;module_id&quot;:null}\" data-tracking=\"click\" rel=\"nofollow noopener\" target=\"_blank\"><strong>Matteo Berrettini<\/strong><\/a> y <strong>Flavio Cobolli<\/strong>\u00a0ganaron todos sus partidos y los anfitriones superaron las tres eliminatorias por 3-0.<\/p>\n<p>Berretini, que suma 11 victorias seguidas en la Copa Davis,\u00a0abri\u00f3 la final derrotando a <a href=\"https:\/\/www.olympics.com\/es\/atletas\/pablo-carreno-busta\" data-tracking-payload=\"{&quot;implementation_provider&quot;:&quot;sed&quot;,&quot;content_geography&quot;:&quot;AF,AX,AL,DZ,AS,AD,AO,AI,AQ,AG,AR,AM,AW,AU,AT,AZ,BS,BH,BD,BB,BY,BE,BZ,BJ,BM,BT,BO,BQ,BA,BW,BV,BR,IO,UM,VG,VI,BN,BG,BF,BI,KH,CM,CA,CV,KY,CF,TD,CL,CN,CX,CC,CO,KM,CG,CD,CK,CR,HR,CU,CW,CY,CZ,DK,DJ,DM,DO,EC,EG,SV,GQ,ER,EE,ET,FK,FO,FJ,FI,FR,GF,PF,TF,GA,GM,GE,DE,GH,GI,GR,GL,GD,GP,GU,GT,GG,GN,GW,GY,HT,HM,VA,HN,HK,HU,IS,IN,ID,CI,IR,IQ,IE,IM,IL,IT,JM,JP,JE,JO,KZ,KE,KI,KW,KG,LA,LV,LB,LS,LR,LY,LI,LT,LU,MO,MK,MG,MW,MY,MV,ML,MT,MH,MQ,MR,MU,YT,MX,FM,MD,MC,MN,ME,MS,MA,MZ,MM,NA,NR,NP,NL,NC,NZ,NI,NE,NG,NU,NF,KP,MP,NO,OM,PK,PW,PS,PA,PG,PY,PE,PH,PN,PL,PT,PR,QA,RE,RO,RU,RW,BL,SH,KN,LC,MF,PM,VC,WS,SM,ST,SA,SN,RS,SC,SL,SG,SX,SK,SI,SB,SO,ZA,GS,KR,SS,ES,LK,SD,SR,SJ,SZ,SE,CH,SY,TW,TJ,TZ,TH,TL,TG,TK,TO,TT,TN,TR,TM,TC,TV,UG,UA,AE,GB,US,UY,UZ,VU,VE,VN,WF,EH,YE,ZM,ZW,XK&quot;,&quot;content_id&quot;:&quot;2df73a79-1633-4799-99b2-4ffb4c33e7d7&quot;,&quot;content_release_date_local_utc&quot;:&quot;2025-11-23T19:13:57.364Z&quot;,&quot;content_title&quot;:&quot;Tenis \u00b7 Espa\u00f1a cae en la final de la Copa Davis 2025; Italia, campeona por tercer a\u00f1o seguido&quot;,&quot;tag&quot;:&quot;[\\&quot;discipline-tenis\\&quot;,\\&quot;newsclip\\&quot;,\\&quot;2025-itf-tennis-davis-cup-final-bologna\\&quot;,\\&quot;noc-es\\&quot;,\\&quot;gender-male\\&quot;]&quot;,&quot;module_type&quot;:&quot;TextBlock&quot;,&quot;module_title&quot;:&quot;Tenis \u00b7 Espa\u00f1a cae en la final de la Copa Davis 2025; Italia, campeona por tercer a\u00f1o seguido&quot;,&quot;section_level_1&quot;:&quot;news&quot;,&quot;section_level_2&quot;:&quot;espana-pierde-final-copa-davis-2025-italia-campeona&quot;,&quot;discipline&quot;:&quot;discipline-tenis&quot;,&quot;odf_id&quot;:&quot;TEN&quot;,&quot;module_instance&quot;:&quot;Inline&quot;,&quot;module_id&quot;:null}\" data-tracking=\"click\" rel=\"nofollow noopener\" target=\"_blank\"><strong>Pablo Carre\u00f1o<\/strong><\/a> por un claro 6-3 y 6-4, mientras que Cobolli remont\u00f3 ante Munar (1-6, 7-6(5) y 7-5) para sumar el punto definitivo que daba la\u00a0Ensaladera\u00a0a los anfitriones.<\/p>\n<p>Es la cuarta vez en su historia\u00a0que Italia se proclama campeona de la Copa Davis, y la tercera que lo hace de forma consecutiva. La primera fue en 1976, derrotando a Chile en una final disputada en el Estadio Nacional de Santiago.<\/p>\n<p>M\u00e1s informaci\u00f3n a continuaci\u00f3n.<\/p>\n","protected":false},"excerpt":{"rendered":"Italia se proclam\u00f3 campeona de la Copa Davis 2025 por tercer a\u00f1o seguido derrotando a Espa\u00f1a en la&hellip;\n","protected":false},"author":2,"featured_media":251925,"comment_status":"","ping_status":"","sticky":false,"template":"","format":"standard","meta":{"footnotes":""},"categories":[5],"tags":[17,18,25,24,13,14,11,19,20,9,10,15,16,23,12,21,22],"class_list":{"0":"post-251924","1":"post","2":"type-post","3":"status-publish","4":"format-standard","5":"has-post-thumbnail","7":"category-titulares","8":"tag-breaking-news","9":"tag-breakingnews","10":"tag-es","11":"tag-espana","12":"tag-featured-news","13":"tag-featurednews","14":"tag-headlines","15":"tag-latest-news","16":"tag-latestnews","17":"tag-news","18":"tag-noticias","19":"tag-noticias-destacadas","20":"tag-noticiasdestacadas","21":"tag-spain","22":"tag-titulares","23":"tag-ultimas-noticias","24":"tag-ultimasnoticias"},"share_on_mastodon":{"url":"https:\/\/pubeurope.com\/@es\/115600699097784138","error":""},"_links":{"self":[{"href":"https:\/\/www.europesays.com\/es\/wp-json\/wp\/v2\/posts\/251924","targetHints":{"allow":["GET"]}}],"collection":[{"href":"https:\/\/www.europesays.com\/es\/wp-json\/wp\/v2\/posts"}],"about":[{"href":"https:\/\/www.europesays.com\/es\/wp-json\/wp\/v2\/types\/post"}],"author":[{"embeddable":true,"href":"https:\/\/www.europesays.com\/es\/wp-json\/wp\/v2\/users\/2"}],"replies":[{"embeddable":true,"href":"https:\/\/www.europesays.com\/es\/wp-json\/wp\/v2\/comments?post=251924"}],"version-history":[{"count":0,"href":"https:\/\/www.europesays.com\/es\/wp-json\/wp\/v2\/posts\/251924\/revisions"}],"wp:featuredmedia":[{"embeddable":true,"href":"https:\/\/www.europesays.com\/es\/wp-json\/wp\/v2\/media\/251925"}],"wp:attachment":[{"href":"https:\/\/www.europesays.com\/es\/wp-json\/wp\/v2\/media?parent=251924"}],"wp:term":[{"taxonomy":"category","embeddable":true,"href":"https:\/\/www.europesays.com\/es\/wp-json\/wp\/v2\/categories?post=251924"},{"taxonomy":"post_tag","embeddable":true,"href":"https:\/\/www.europesays.com\/es\/wp-json\/wp\/v2\/tags?post=251924"}],"curies":[{"name":"wp","href":"https:\/\/api.w.org\/{rel}","templated":true}]}}