{"id":251934,"date":"2025-11-23T19:47:21","date_gmt":"2025-11-23T19:47:21","guid":{"rendered":"https:\/\/www.europesays.com\/es\/251934\/"},"modified":"2025-11-23T19:47:21","modified_gmt":"2025-11-23T19:47:21","slug":"la-mayor-joya-modernista-infravalorada-de-barcelona-que-es-patrimonio-de-la-humanidad","status":"publish","type":"post","link":"https:\/\/www.europesays.com\/es\/251934\/","title":{"rendered":"la mayor joya modernista infravalorada de Barcelona que es Patrimonio de la Humanidad"},"content":{"rendered":"<p>Barcelona lleva d\u00e9cadas exportando una est\u00e9tica muy concreta: <strong>curvas sinuosas, trencad\u00eds a todo color y fachadas que parecen escenas de un sue\u00f1o mediterr\u00e1neo.<\/strong> El <a href=\"https:\/\/www.arquitecturaydiseno.es\/estilo-de-vida\/pueblo-modernista-cataluna-raimat_12581\" rel=\"nofollow noopener\" target=\"_blank\">modernismo catal\u00e1n<\/a> se ha convertido en un lenguaje global, con <a href=\"https:\/\/www.arquitecturaydiseno.es\/arquitectura\/alberto-campo-baeza-arquitecto-gaudi-fue-genio-pero-demasiado-personal-para-mi-gusto_12130\" rel=\"nofollow noopener\" target=\"_blank\">Antoni Gaud\u00ed como su gran embajador<\/a>. Pero m\u00e1s all\u00e1 de <strong>La Pedrera, la Casa Batll\u00f3 o la omnipresente Sagrada Familia<\/strong>, la ciudad alberga otros espacios urbanos igual de ambiciosos que no suelen entrar en el recorrido b\u00e1sico.<\/p>\n<p>En ese mapa alternativo aparece un recinto que muchos visitantes descubren por azar y que, sin embargo, condensa la esencia del movimiento: <strong>artesan\u00eda, luz natural, color, planificaci\u00f3n urbana y una escala sorprendente<\/strong>. Es el momento de dar su lugar al <strong>Recinto Modernista de Sant Pau<\/strong>, una obra de Llu\u00eds Dom\u00e8nech i Montaner que ofrece una lectura menos obvia y m\u00e1s completa de Barcelona.<\/p>\n<p>Llu\u00eds Dom\u00e8nech i Montaner: el modernismo que pensaba en las personas&#13;<img loading=\"lazy\" decoding=\"async\"   src=\"https:\/\/www.europesays.com\/es\/wp-content\/uploads\/2025\/11\/lluis-domenech-i-montaner_6a639dc4_251120114449_1336x2048.webp.webp\" alt=\"Llui\u0301s Dome\u0300nech i Montaner\" class=\"lazyload\" width=\"1336\" height=\"2048\" data-aspectratio=\"1336\/2048\"\/> <\/p>\n<p>El Recinto Modernista de Sant Pau no es un edificio aislado, sino un sistema arquitect\u00f3nico pensado como una peque\u00f1a ciudad. <strong>A principios del siglo XX, Llu\u00eds Dom\u00e8nech i Montaner imagin\u00f3 un\u00a0campus hospitalario que funcionaba como una ciudad jard\u00edn<\/strong>, con pabellones independientes rodeados de vegetaci\u00f3n, conectados mediante t\u00faneles y organizados con <strong>una l\u00f3gica sorprendentemente avanzada para su tiempo<\/strong>. Su premisa era clara: <strong>la luz, el espacio y el entorno pod\u00edan influir en el bienestar tanto como la medicina.<\/strong><\/p>\n<p>Hoy, recorrer <strong>el conjunto provoca una sensaci\u00f3n singular<\/strong>. Por un lado, impone por su monumentalidad. Por otro, transmite una escala amable que invita a moverse sin prisa. <strong>Las c\u00fapulas cer\u00e1micas, el ladrillo visto, las esculturas aleg\u00f3ricas y los mosaicos<\/strong> convierten cada pabell\u00f3n en una pieza de artesan\u00eda arquitect\u00f3nica que sigue funcionando m\u00e1s de un siglo despu\u00e9s.<\/p>\n<p><a href=\"https:\/\/www.arquitecturaydiseno.es\/arquitectura\/primer-rascacielos-espana-cumple-siglo_12712\" data-ga4_event=\"custom_event\" data-ga4_event_name=\"click_intext\" data-ga4_link_url=\"https:\/\/www.arquitecturaydiseno.es\/arquitectura\/primer-rascacielos-espana-cumple-siglo_12712\" data-ga4_link_text=\"100_anos_del_primer_rascacielos_de_espana_el_gigante_de_a_coruna_inspirado_en_chicago\" data-ga4_content_type=\"photo\" data-ga4_element=\"related\" rel=\"nofollow noopener\" target=\"_blank\">&#13;&#13;<img loading=\"lazy\" decoding=\"async\" src=\"https:\/\/www.europesays.com\/es\/wp-content\/uploads\/2025\/11\/edificio-del-banco-pastor-en-a-coruna_3216722b_251121103807_600x600.webp.webp\" alt=\"Edificio del Banco Pastor en A Coru\u00f1a.\" class=\"lazyload\" width=\"600\" height=\"600\" data-aspectratio=\"600\/600\"\/>&#13;&#13;<\/p>\n<p class=\"epigraph\">&#13;Noticia relacionada<\/p>\n<p class=\"title\">100 a\u00f1os del primer &#8216;rascacielos&#8217; de Espa\u00f1a: el gigante de A Coru\u00f1a inspirado en Chicago<\/p>\n<p><\/a>La escala humana de un monumento modernista inesperado&#13;<img loading=\"lazy\" decoding=\"async\"   src=\"https:\/\/www.europesays.com\/es\/wp-content\/uploads\/2025\/11\/recinto-modernista-de-sant-pau-1_ab62bcb8_251120114552_740x1092.webp.webp\" alt=\"Recinto Modernista de Sant Pau 1\" class=\"lazyload\" width=\"740\" height=\"1092\" data-aspectratio=\"740\/1092\"\/> <\/p>\n<p>Sant Pau destaca por algo poco habitual en <a href=\"https:\/\/www.arquitecturaydiseno.es\/arquitectura\/joyas-arquitectura-catalana-ruta-lujo-por-10-obras-imprescindibles-que-deberias-conocer_4317\" rel=\"nofollow noopener\" target=\"_blank\">los grandes iconos tur\u00edsticos de Barcelona<\/a>: su proximidad. No obliga a mirar desde la distancia. No exige la fotograf\u00eda perfecta a su fachada. <strong>Aqu\u00ed se camina entre pabellones, se cruzan patios y se entienden las decisiones de dise\u00f1o a trav\u00e9s del movimiento.<\/strong><\/p>\n<p>La restauraci\u00f3n ha devuelto al conjunto <strong>sus colores originales y ha recuperado la claridad interior<\/strong> que Dom\u00e8nech i Montaner buscaba desde el proyecto inicial. <strong>Los vitrales filtran la luz con suavidad y las cer\u00e1micas aportan una textura casi t\u00e1ctil.<\/strong> Es un modernismo cercano, funcional, cotidiano, que se descubre a ritmo de paseo.<\/p>\n<p>La nueva vida de un cl\u00e1sico barcelon\u00e9s&#13;<img loading=\"lazy\" decoding=\"async\"   src=\"https:\/\/www.europesays.com\/es\/wp-content\/uploads\/2025\/11\/recinto-modernista-de-sant-pau-2_640d4bf0_251120114613_930x680.webp.webp\" alt=\"Recinto Modernista de Sant Pau 2\" class=\"lazyload\" width=\"930\" height=\"680\" data-aspectratio=\"930\/680\"\/> <a href=\"https:\/\/www.arquitecturaydiseno.es\/arquitectura\/antigua-sede-gustavo-gili_12696\" data-ga4_event=\"custom_event\" data-ga4_event_name=\"click_intext\" data-ga4_link_url=\"https:\/\/www.arquitecturaydiseno.es\/arquitectura\/antigua-sede-gustavo-gili_12696\" data-ga4_link_text=\"la_antigua_sede_de_gustavo_gili_los_secretos_de_una_de_las_joyas_del_racionalismo_catalan\" data-ga4_content_type=\"photo\" data-ga4_element=\"related\" rel=\"nofollow noopener\" target=\"_blank\">&#13;&#13;<img loading=\"lazy\" decoding=\"async\" src=\"https:\/\/www.europesays.com\/es\/wp-content\/uploads\/2025\/11\/gustavo-gili_fa659159_251119164226_600x600.webp.webp\" alt=\"gustavo gili\" class=\"lazyload\" width=\"600\" height=\"600\" data-aspectratio=\"600\/600\"\/>&#13;&#13;<\/p>\n<p class=\"epigraph\">&#13;Noticia relacionada<\/p>\n<p class=\"title\">La antigua sede de Gustavo Gili: los secretos de una de las joyas del racionalismo catal\u00e1n<\/p>\n<p><\/a><\/p>\n<p>Tras cerrar su etapa como hospital, <strong>Sant Pau se ha reinventado como espacio cultural, acad\u00e9mico y art\u00edstico<\/strong> sin perder su car\u00e1cter original. Sus pabellones acogen exposiciones, encuentros y programas que dialogan con la arquitectura sin convertirla en un decorado est\u00e1tico. Cada invierno, uno de los momentos m\u00e1s esperados es <strong>Els Llums de Sant Pau, una instalaci\u00f3n lum\u00ednica que transforma los jardines en un recorrido nocturno<\/strong> donde la arquitectura se mezcla con dise\u00f1o contempor\u00e1neo y experiencias inmersivas. <strong>La propuesta funciona porque realza la estructura del recinto sin sobrecargarla.<\/strong><\/p>\n<p>As\u00ed pues, <strong>Sant Pau no aspira a competir con los grandes iconos de la ciudad.<\/strong> Simplemente demuestra que Barcelona a\u00fan guarda sorpresas a gran escala, que el modernismo tiene muchas m\u00e1s lecturas y que el patrimonio puede seguir evolucionando sin perder autenticidad. Es, probablemente, <strong>la joya modernista m\u00e1s infravalorada de la ciudad y una visita imprescindible para entender la Barcelona que existe m\u00e1s all\u00e1 de las postales.<\/strong><\/p>\n","protected":false},"excerpt":{"rendered":"Barcelona lleva d\u00e9cadas exportando una est\u00e9tica muy concreta: curvas sinuosas, trencad\u00eds a todo color y fachadas que parecen&hellip;\n","protected":false},"author":2,"featured_media":251935,"comment_status":"","ping_status":"","sticky":false,"template":"","format":"standard","meta":{"footnotes":""},"categories":[173],"tags":[229,233,231,230,232,234,146,147,25,24,23],"class_list":{"0":"post-251934","1":"post","2":"type-post","3":"status-publish","4":"format-standard","5":"has-post-thumbnail","7":"category-arte-y-diseno","8":"tag-arte","9":"tag-arte-y-diseno","10":"tag-arts","11":"tag-arts-and-design","12":"tag-design","13":"tag-diseno","14":"tag-entertainment","15":"tag-entretenimiento","16":"tag-es","17":"tag-espana","18":"tag-spain"},"share_on_mastodon":{"url":"https:\/\/pubeurope.com\/@es\/115600743038917910","error":""},"_links":{"self":[{"href":"https:\/\/www.europesays.com\/es\/wp-json\/wp\/v2\/posts\/251934","targetHints":{"allow":["GET"]}}],"collection":[{"href":"https:\/\/www.europesays.com\/es\/wp-json\/wp\/v2\/posts"}],"about":[{"href":"https:\/\/www.europesays.com\/es\/wp-json\/wp\/v2\/types\/post"}],"author":[{"embeddable":true,"href":"https:\/\/www.europesays.com\/es\/wp-json\/wp\/v2\/users\/2"}],"replies":[{"embeddable":true,"href":"https:\/\/www.europesays.com\/es\/wp-json\/wp\/v2\/comments?post=251934"}],"version-history":[{"count":0,"href":"https:\/\/www.europesays.com\/es\/wp-json\/wp\/v2\/posts\/251934\/revisions"}],"wp:featuredmedia":[{"embeddable":true,"href":"https:\/\/www.europesays.com\/es\/wp-json\/wp\/v2\/media\/251935"}],"wp:attachment":[{"href":"https:\/\/www.europesays.com\/es\/wp-json\/wp\/v2\/media?parent=251934"}],"wp:term":[{"taxonomy":"category","embeddable":true,"href":"https:\/\/www.europesays.com\/es\/wp-json\/wp\/v2\/categories?post=251934"},{"taxonomy":"post_tag","embeddable":true,"href":"https:\/\/www.europesays.com\/es\/wp-json\/wp\/v2\/tags?post=251934"}],"curies":[{"name":"wp","href":"https:\/\/api.w.org\/{rel}","templated":true}]}}