{"id":251936,"date":"2025-11-23T19:49:12","date_gmt":"2025-11-23T19:49:12","guid":{"rendered":"https:\/\/www.europesays.com\/es\/251936\/"},"modified":"2025-11-23T19:49:12","modified_gmt":"2025-11-23T19:49:12","slug":"movistar-plus-recupera-esta-semana-dos-de-sus-series-policiacas-mas-queridas-con-nuevas-temporadas","status":"publish","type":"post","link":"https:\/\/www.europesays.com\/es\/251936\/","title":{"rendered":"Movistar Plus+ recupera esta semana dos de sus series policiacas m\u00e1s queridas con nuevas temporadas"},"content":{"rendered":"<p class=\"c-paragraph\">Se abre una semana perfecta para ti si eres amante de las <a href=\"https:\/\/www.hobbyconsolas.com\/noticias\/5-temporadas-legion-fans-incondicionales-solo-asesinatos-edificio-vuelve-martes-disney-1481171\" title=\"5 temporadas y una legi\u00f3n de fans incondicionales: Solo asesinatos en el edificio vuelve este martes a Disney+\" rel=\"nofollow noopener\" target=\"_blank\">series polic\u00edacas<\/a>, pues Movistar Plus+ nos traer\u00e1 en los pr\u00f3ximos d\u00edas las nuevas temporadas de dos de sus series estrella en el g\u00e9nero: <a href=\"https:\/\/www.hobbyconsolas.com\/hobbycine\/movistar-plus-apuesta-sus-series-noviembre-por-ley-orden-blue-lights-elsbeth_6883729_0.html\" title=\"Movistar Plus+ apuesta en sus series de noviembre por la ley y el orden: Blue Lights, Elsbeth\u2026\" rel=\"nofollow noopener\" target=\"_blank\">Blue Lights<\/a> y <a href=\"https:\/\/www.hobbyconsolas.com\/noticias\/elsbeth-ha-llegado-movistar-plus-repite-formula-poker-face-1381755\" title=\"La herencia de Colombo sigue viva: Poker Face y Elsbeth mantienen su estructura\" rel=\"nofollow noopener\" target=\"_blank\">Elsbeth<\/a>.<\/p>\n<p class=\"c-paragraph\">En una curiosa coincidencia, ambas regresar\u00e1n a la plataforma de streaming con sus terceras temporadas, aunque no lo har\u00e1n al mismo tiempo. La primera en llegar a <b>Movistar Plus+<\/b> ser\u00e1 <b>Blue Lights<\/b>, un thriller irland\u00e9s creada por <b>Declan Lawn <\/b>y <b>Adam Patterson <\/b>que inici\u00f3 sus andanzas en televisi\u00f3n en el a\u00f1o 2023.<\/p>\n<p class=\"c-paragraph\">La serie sigue la historia de tres personas reci\u00e9n llegadas al cuerpo de polic\u00eda en la comisar\u00eda de Belfast, donde realizan su per\u00edodo de prueba:<\/p>\n<p class=\"c-paragraph\">La agente <b>Grace Ellis<\/b>, una antigua trabajadora social encarnada por <b>Si\u00e2n Brooke<\/b>; la agente <b>Annie Conlon<\/b>, una chica rebelde y cat\u00f3lica interpretada por <b>Katherine Devlin<\/b>; y el agente <b>Thomas Foster<\/b>, un joven t\u00edmido que no logra imponer respeto, al que da vida <b>Nathan Braniff<\/b>.<\/p>\n<p>Elsbeth Tascioni entra de nuevo en acci\u00f3n<\/p>\n<p class=\"c-paragraph\">Unos d\u00edas despu\u00e9s de Blue Lights aterrizar\u00e1 en <a href=\"https:\/\/www.hobbyconsolas.com\/hobbycine\/peliculas-series-estreno-netflix-hbo-max-prime-video-disney-fin-semana-7-noviembre_6881785_0.html\" title=\"Pel\u00edculas y series de estreno en Netflix, HBO Max, Prime Video y Disney+ en el fin de semana (7 de noviembre)\" rel=\"nofollow noopener\" target=\"_blank\">Movistar Plus+<\/a> <b>Elsbeth<\/b>, una comedia estadounidense creada por <b>Michelle King<\/b> y <b>Robert King<\/b>, que naci\u00f3 en 2024 como un spin-off del drama judicial <a href=\"https:\/\/www.hobbyconsolas.com\/reportajes\/good-fight-5-motivos-ver-spin-good-wife-90214\" title=\"The Good Fight - 5 motivos para ver el spin-off de The Good Wife\" rel=\"nofollow noopener\" target=\"_blank\">The Good Wife<\/a>.<\/p>\n<p class=\"c-paragraph\">Como su propio nombre indica, la producci\u00f3n se centra ahora en uno de sus personajes secundarios: <b>Elsbeth Tascioni<\/b>, que vuelve a ser encarnado por la actriz<b> Carrie Preston<\/b>. <b>Elsbeth es una abogada exc\u00e9ntrica <\/b>y poco convencional pero muy astuta. Tras su exitosa carrera en Chicago, empieza a colaborar con el Departamento de Polic\u00eda de Nueva York para atrapar criminales.<\/p>\n<p class=\"c-paragraph\"><b>La tercera temporada de Blue Lights<\/b> se estrenar\u00e1 en Movistar Plus+ el pr\u00f3ximo <b>viernes 27 de noviembre<\/b>, con seis nuevos episodios de una hora de duraci\u00f3n. Por otro lado, <b>la temporada 3 de <\/b><b>Elsbeth<\/b> regresa el <b>domingo 30 de noviembre <\/b>con ocho cap\u00edtulos de unos 45 minutos.<\/p>\n","protected":false},"excerpt":{"rendered":"Se abre una semana perfecta para ti si eres amante de las series polic\u00edacas, pues Movistar Plus+ nos&hellip;\n","protected":false},"author":2,"featured_media":251937,"comment_status":"","ping_status":"","sticky":false,"template":"","format":"standard","meta":{"footnotes":""},"categories":[171],"tags":[146,147,25,24,874,303,7741,6833,773,23,214],"class_list":{"0":"post-251936","1":"post","2":"type-post","3":"status-publish","4":"format-standard","5":"has-post-thumbnail","7":"category-tv","8":"tag-entertainment","9":"tag-entretenimiento","10":"tag-es","11":"tag-espana","12":"tag-esta","13":"tag-movistar","14":"tag-plus","15":"tag-recupera","16":"tag-semana","17":"tag-spain","18":"tag-tv"},"share_on_mastodon":{"url":"","error":""},"_links":{"self":[{"href":"https:\/\/www.europesays.com\/es\/wp-json\/wp\/v2\/posts\/251936","targetHints":{"allow":["GET"]}}],"collection":[{"href":"https:\/\/www.europesays.com\/es\/wp-json\/wp\/v2\/posts"}],"about":[{"href":"https:\/\/www.europesays.com\/es\/wp-json\/wp\/v2\/types\/post"}],"author":[{"embeddable":true,"href":"https:\/\/www.europesays.com\/es\/wp-json\/wp\/v2\/users\/2"}],"replies":[{"embeddable":true,"href":"https:\/\/www.europesays.com\/es\/wp-json\/wp\/v2\/comments?post=251936"}],"version-history":[{"count":0,"href":"https:\/\/www.europesays.com\/es\/wp-json\/wp\/v2\/posts\/251936\/revisions"}],"wp:featuredmedia":[{"embeddable":true,"href":"https:\/\/www.europesays.com\/es\/wp-json\/wp\/v2\/media\/251937"}],"wp:attachment":[{"href":"https:\/\/www.europesays.com\/es\/wp-json\/wp\/v2\/media?parent=251936"}],"wp:term":[{"taxonomy":"category","embeddable":true,"href":"https:\/\/www.europesays.com\/es\/wp-json\/wp\/v2\/categories?post=251936"},{"taxonomy":"post_tag","embeddable":true,"href":"https:\/\/www.europesays.com\/es\/wp-json\/wp\/v2\/tags?post=251936"}],"curies":[{"name":"wp","href":"https:\/\/api.w.org\/{rel}","templated":true}]}}