{"id":251942,"date":"2025-11-23T19:52:19","date_gmt":"2025-11-23T19:52:19","guid":{"rendered":"https:\/\/www.europesays.com\/es\/251942\/"},"modified":"2025-11-23T19:52:19","modified_gmt":"2025-11-23T19:52:19","slug":"es-una-tonteria-eso-de-que-yo-me-quiero-quedar-con-el-club","status":"publish","type":"post","link":"https:\/\/www.europesays.com\/es\/251942\/","title":{"rendered":"\u00abEs una tonter\u00eda eso de que yo me quiero quedar con el club\u00bb"},"content":{"rendered":"<p class=\"voc-p\" style=\"\">No quiso decir nada en su discurso de una hora y 18 minutos, pero s\u00ed le dedic\u00f3 diez en el tramo final de la Asamblea para dar las l\u00edneas maestras de la reforma estatutaria que tiene en la cabeza Florentino de cara al Real Madrid  &#8230; del futuro: \u00abEl dinero del club quiero pas\u00e1rselo a los socios para que no nos lo quite nadie, como as\u00ed lo intent\u00f3 Tebas hace dos a\u00f1os con la <strong>Ley del Deporte.<\/strong> Es una tonter\u00eda eso de que yo quiero quedarme con el club. No se trata de restringir derechos, sino de todo lo contrario, reforzarlos. Habr\u00e1 una Asamblea extraordinaria en las pr\u00f3ximas semanas, explicar\u00e9 detenidamente mi propuesta y se llevar\u00e1 a refer\u00e9ndum, como as\u00ed lo promet\u00ed. Y lo que yo prometo, lo cumplo\u00bb.<\/p>\n<p class=\"voc-p\" style=\"\">El presidente lament\u00f3 algunas informaciones que hablan de una Junta dividida sobre esta reforma estatuaria del club y se mostr\u00f3 convencido de que saldr\u00e1 adelante el refer\u00e9ndum como siempre ha logrado sacar adelante sus propuestas como presidente del <strong>Madrid<\/strong>: \u00abHe le\u00eddo disparates. Estamos muy unidos y esa unidad es la que har\u00e1 esto posible. A los socios no le va costar nada esta reforma. Tenemos que ser consciente de las amenazas externas que tenemos. Mi objetivo es blindar al club de ataques externos a nuestro patrimonio y hacerles entender el tesoro que tenemos en nuestras manos. Hasta ahora ser socio ha sido un sentimiento, un v\u00ednculo emocional, pero por ese valor sentimental siempre habr\u00e1 alguien que quiera aprovecharse de \u00e9l. Tener el carnet de socio del Madrid tendr\u00e1 un valor tangible y real, y no solo sentimental\u00bb.<\/p>\n<p class=\"voc-p\" style=\"\">Los casi 100.000 socios del Madrid tendr\u00e1n una participaci\u00f3n de una nueva filial que quiere hacer el Madrid, <a href=\"https:\/\/www.abc.es\/deportes\/real-madrid\/real-madrid-florentino-cabeza-20251122195124-nt_amp.html\" target=\"_blank\" data-voc-vtm-id=\"in-text-traffic\" title=\"la sociedad mercantil que ayer desvel\u00f3 ABC\" data-mrf-link=\"www.abc.es\" rel=\"nofollow noopener\">la sociedad mercantil que ayer desvel\u00f3 ABC<\/a>, y un peque\u00f1o porcentaje, <strong>un 5%<\/strong> se refiri\u00f3 el presidente (pero podr\u00eda ser hasta un 10%), ser\u00eda para un inversor, o varios, que entrar\u00edan como un aliado estrat\u00e9gico y no como propietarios, y que servir\u00eda para valorar cu\u00e1nto vale exactamente el club: \u00abTendremos nuevos derechos que hoy no tenemos con los actuales estatutos. Y todo ser\u00e1 igual. Habr\u00e1 una Junta, presidente, socios compromisarios&#8230; La estructura ser\u00e1 igual que siempre, pero los 100.000 socios seremos de forma activa los due\u00f1os del club. Tambi\u00e9n evitaremos ataques internos, como ha pasado en otros clubes. Evitaremos que en el futuro otra Junta quiera hacer un mill\u00f3n de socios nuevos porque solo se heredar\u00e1 esta condici\u00f3n en hijos o nietos de socios fallecidos. Debemos preservar la tradici\u00f3n familiar y los socios que fallezcan tendr\u00e1n una compensaci\u00f3n econ\u00f3mica por antig\u00fcedad y fidelidad\u00bb<\/p>\n<p class=\"voc-p\" style=\"\"><strong>Florentino<\/strong> finaliz\u00f3 dejando claro que tiene cuerda para rato y que no se piensa marchar, pero dejando claro que no pretende ser el due\u00f1o del club: \u00abSeguiremos siendo un club de socios, pero debemos crear una filial donde los 100.000 socios queden encuadrados. No queremos salir a bolsa. Una participaci\u00f3n tan limitada de esos hipot\u00e9ticos inversores har\u00e1 que el control del club siga en manos de sus socios y ese inversor deber\u00e1 respetarlo. Ser\u00e1 un aliado estrat\u00e9gico y no un propietario. No debemos depender de la fuerza individual de una directiva ni de un presidente, ni bajo ning\u00fan concepto caer en manos de nadie que no seamos nosotros, los socios\u00bb.<\/p>\n<p><img loading=\"lazy\" decoding=\"async\" width=\"530\" height=\"64\" class=\"logo-premium\" src=\"data:image\/gif;base64,R0lGODlhAQABAAAAACH5BAEKAAEALAAAAAABAAEAAAICTAEAOw==\" alt=\"ABC Premium\"\/><br \/>\nL\u00edmite de sesiones alcanzadas<\/p>\n<ul class=\"listado\">\n<li>El acceso al contenido Premium est\u00e1 abierto por cortes\u00eda del establecimiento donde te encuentras, pero ahora mismo hay demasiados usuarios conectados a la vez. Por favor, int\u00e9ntalo pasados unos minutos.<\/li>\n<\/ul>\n<p>Volver a intentar<\/p>\n<p><img loading=\"lazy\" decoding=\"async\" width=\"530\" height=\"64\" class=\"logo-premium\" src=\"data:image\/gif;base64,R0lGODlhAQABAAAAACH5BAEKAAEALAAAAAABAAEAAAICTAEAOw==\" alt=\"ABC Premium\"\/><br \/>\nHas superado el l\u00edmite de sesiones<\/p>\n<ul class=\"listado\">\n<li>S\u00f3lo puedes tener tres sesiones iniciadas a la vez. Hemos cerrado la sesi\u00f3n m\u00e1s antigua para que sigas navegando sin l\u00edmites en el resto.<\/li>\n<\/ul>\n<p>Sigue navegando<\/p>\n<p>\nArt\u00edculo solo para suscriptores\n<\/p>\n<p>Reportar un error<\/p>\n","protected":false},"excerpt":{"rendered":"No quiso decir nada en su discurso de una hora y 18 minutos, pero s\u00ed le dedic\u00f3 diez&hellip;\n","protected":false},"author":2,"featured_media":251943,"comment_status":"","ping_status":"","sticky":false,"template":"","format":"standard","meta":{"footnotes":""},"categories":[93],"tags":[1798,26635,168,25,24,6077,4341,205,19657,10474,2431,5028,23,167,63734],"class_list":{"0":"post-251942","1":"post","2":"type-post","3":"status-publish","4":"format-standard","5":"has-post-thumbnail","7":"category-deportes","8":"tag-club","9":"tag-creara","10":"tag-deportes","11":"tag-es","12":"tag-espana","13":"tag-filial","14":"tag-inversor","15":"tag-madrid","16":"tag-quedar","17":"tag-quiero","18":"tag-seguira","19":"tag-socios","20":"tag-spain","21":"tag-sports","22":"tag-tonteria"},"share_on_mastodon":{"url":"https:\/\/pubeurope.com\/@es\/115600762227305995","error":""},"_links":{"self":[{"href":"https:\/\/www.europesays.com\/es\/wp-json\/wp\/v2\/posts\/251942","targetHints":{"allow":["GET"]}}],"collection":[{"href":"https:\/\/www.europesays.com\/es\/wp-json\/wp\/v2\/posts"}],"about":[{"href":"https:\/\/www.europesays.com\/es\/wp-json\/wp\/v2\/types\/post"}],"author":[{"embeddable":true,"href":"https:\/\/www.europesays.com\/es\/wp-json\/wp\/v2\/users\/2"}],"replies":[{"embeddable":true,"href":"https:\/\/www.europesays.com\/es\/wp-json\/wp\/v2\/comments?post=251942"}],"version-history":[{"count":0,"href":"https:\/\/www.europesays.com\/es\/wp-json\/wp\/v2\/posts\/251942\/revisions"}],"wp:featuredmedia":[{"embeddable":true,"href":"https:\/\/www.europesays.com\/es\/wp-json\/wp\/v2\/media\/251943"}],"wp:attachment":[{"href":"https:\/\/www.europesays.com\/es\/wp-json\/wp\/v2\/media?parent=251942"}],"wp:term":[{"taxonomy":"category","embeddable":true,"href":"https:\/\/www.europesays.com\/es\/wp-json\/wp\/v2\/categories?post=251942"},{"taxonomy":"post_tag","embeddable":true,"href":"https:\/\/www.europesays.com\/es\/wp-json\/wp\/v2\/tags?post=251942"}],"curies":[{"name":"wp","href":"https:\/\/api.w.org\/{rel}","templated":true}]}}