{"id":251954,"date":"2025-11-23T19:58:21","date_gmt":"2025-11-23T19:58:21","guid":{"rendered":"https:\/\/www.europesays.com\/es\/251954\/"},"modified":"2025-11-23T19:58:21","modified_gmt":"2025-11-23T19:58:21","slug":"sanchez-prepara-el-camino-para-movilizar-a-las-izquierdas","status":"publish","type":"post","link":"https:\/\/www.europesays.com\/es\/251954\/","title":{"rendered":"S\u00e1nchez prepara el camino para movilizar a las izquierdas"},"content":{"rendered":"\n<p> El jueves por la tarde, una vez conocida la condena del Tribunal Supremo al fiscal general, el presidente del Gobierno present\u00f3 en el Congreso la serie televisiva Anatom\u00eda de un instante, basada en la obra de <strong>Javier Cercas<\/strong>. En su intervenci\u00f3n, <strong>S\u00e1nchez<\/strong> <a href=\"https:\/\/www.lamoncloa.gob.es\/presidente\/actividades\/Paginas\/2025\/201125-presidente-anatomia-de-un-instante.aspx\" target=\"_blank\" rel=\"nofollow noopener\">afirm\u00f3 su firme deseo de \u201cdefender la soberan\u00eda popular y la democracia<\/a> frente a aquellos que se creen con la prerrogativa de tutelarla o de amordazarla\u201d. Las palabras resonaron fuera de la sala, ya que, se\u00f1alaron sus cr\u00edticos, trataba de poner la democracia por encima de las instituciones. Pero tambi\u00e9n lo hicieron dentro de ella. <strong>Francesc Marc \u00c1lvaro<\/strong>, diputado de ERC, estaba presente en la sala, y pudo percibir, entre los muchos socialistas que acudieron al acto, \u201c<strong>una predisposici\u00f3n a la batalla mucho m\u00e1s intensa y una llamada a cerrar filas<\/strong>\u201d. <\/p>\n<p> Sin duda, la sentencia abre la puerta a un momento pol\u00edtico diferente. <a href=\"https:\/\/www.elconfidencial.com\/espana\/2025-11-20\/feijoo-exige-a-sanchez-que-dimita-por_4251432\/\" target=\"_self\" rel=\"nofollow noopener\">Las derechas celebraron la resoluci\u00f3n del tribunal<\/a> con alborozo, puesto que no solo ratificaba sus tesis de que el presidente estaba utilizando las instituciones para combatir a sus enemigos pol\u00edticos, sino porque ara\u00f1aba todav\u00eda m\u00e1s la credibilidad de un presidente desgastado. <strong>Las izquierdas quedaron atravesadas por el sentido de la urgencia. La condena era posible, pero no cre\u00edan que se fuera a producir<\/strong>. <\/p>\n<p> Hubo un momento de desorientaci\u00f3n, que fue seguido <strong>por una activaci\u00f3n significativa en redes <\/strong>de los sectores afines. Esta situaci\u00f3n se le pod\u00eda volver en contra al PP, ya que har\u00eda visible entre los electores<strong> el ataque que el poder judicial <\/strong>estaba llevando a cabo, sin disimulo, contra el Gobierno. Circulaba una amenaza de fondo: <strong>PP y Vox no llegan para gobernar, <\/strong>sino para poner en marcha la restauraci\u00f3n. <\/p>\n<p class=\"bodyObject bodyBlockquote\">\u00abLa condena del fiscal general hace todav\u00eda m\u00e1s urgente la aplicaci\u00f3n de la ley de amnist\u00eda, y no solo para Puigdemont\u00bb <\/p>\n<p> M\u00e1s all\u00e1 de lo que los simpatizantes afirmaran en las redes, hab\u00eda que dar una respuesta pol\u00edtica, y de ella se encarg\u00f3 en primer lugar el ministro <strong>Bola\u00f1os<\/strong>. Su intervenci\u00f3n no satisfizo ni a las derechas ni a las izquierdas. Para unos result\u00f3 poco comprometida con la separaci\u00f3n de poderes, para otros fue insuficiente. Tras el debate pertinente en Moncloa, <strong>se impuso la cautela.<\/strong> <\/p>\n<p> <strong>El PSOE, por m\u00e1s que la sentencia hubiera generado \u201cuna indignaci\u00f3n supina\u201d en sus filas, no pod\u00eda ir muy lejos en la respuesta por \u201csu papel institucional\u201d como Gobierno<\/strong>, seg\u00fan aseguran desde el partido. Hubo pol\u00edticos socialistas, como <strong>\u00d3scar L\u00f3pez<\/strong>, <a href=\"https:\/\/x.com\/oscarlopeztwit\/status\/1991642027625447488?s=20\" target=\"_blank\" rel=\"nofollow\">cuyas declaraciones incluyeron un plus de confrontaci\u00f3n<\/a>, pero eso no pod\u00eda hacerse desde Moncloa. El sentir t\u00e1ctico dominante es que \u201csi el PSOE o Sumar quieren subir mucho el tono contra la justicia, ganar\u00e1n en radicalidad lo que perder\u00e1n en institucionalidad\u201d. <\/p>\n<p>            A izquierda y a derecha           <\/p>\n<p> Los socios de Gobierno vivieron el anuncio de la sentencia desde la agitaci\u00f3n. <a href=\"https:\/\/x.com\/EnriqueSantiago\/status\/1991499772822540555?s=20\" target=\"_blank\" rel=\"nofollow\">En IU insist\u00edan en que \u201clos que pod\u00edan hacer, hicieron\u00bb<\/a>. Podemos record\u00f3 que el lawfare que denunciaron quedaba demostrado, <strong>solo que ahora, como afectaba al PSOE, empezaba a tomarse en cuenta. Es una visi\u00f3n compartida por los aliados nacionalistas<\/strong>. <\/p>\n<p> Marc \u00c1lvaro se\u00f1ala que la sentencia da la raz\u00f3n al relato mantenido por ERC, en el sentido de que <strong>\u201clo que estaba en juego en la resoluci\u00f3n judicial del proc\u00e8s <\/strong>no era la respuesta al independentismo, sino la democracia\u201d. El <strong>lawfare <\/strong>hace todav\u00eda m\u00e1s urgente la aplicaci\u00f3n de la <a href=\"https:\/\/www.elconfidencial.com\/espana\/2025-06-24\/otro-paso-para-avalar-la-ley-de-amnistia-la-mayoria-del-tc-cree-que-la-constitucion-no-la-prohibe_4158257\/\" target=\"_self\" rel=\"nofollow noopener\">ley de amnist\u00eda<\/a>, pero no solo para <strong>Puigdemont<\/strong>, sino para todos los implicados\u201d. El Gobierno deber\u00e1 aplicarse en ese objetivo. <\/p>\n<p class=\"bodyObject bodyBlockquote\">La satisfacci\u00f3n en el espectro derecho de la pol\u00edtica es evidente, ya que la mayor\u00eda PP-Vox que otorgan las encuestas puede verse ampliada<\/p>\n<p> Desde la derecha, no hubo dudas sobre la posici\u00f3n acerca de la resoluci\u00f3n de la Sala Segunda: defensa del Estado de derecho, aplauso a la eficacia institucional y petici\u00f3n de la dimisi\u00f3n de S\u00e1nchez. La sentencia es una piedra m\u00e1s en un saco llena de ellas. <strong>Abascal<\/strong> afirm\u00f3 que \u201c<strong>Espa\u00f1a no recuperar\u00e1 la democracia hasta que S\u00e1nchez se siente en un banquillo<\/strong> y responda por su traici\u00f3n\u201d, y <strong>D\u00edaz Ayuso<\/strong> <a href=\"https:\/\/www.elconfidencial.com\/espana\/madrid\/2025-11-21\/ayuso-descorcha-el-champan-antes-de-navidad_4251507\/\" target=\"_self\" rel=\"nofollow noopener\">dio una rueda de prensa para declarar que<\/a> \u201cel 20-N pasar\u00e1 a ser un d\u00eda hist\u00f3rico para la democracia espa\u00f1ola\u201d y alertar sobre la reacci\u00f3n socialista: \u201cNo sabemos qu\u00e9 escenario est\u00e1 preparando ahora Pedro S\u00e1nchez, pero nos tememos algo desquiciado de aqu\u00ed a pr\u00f3ximas fechas.<strong> Es su modus operandi\u201d.<\/strong> <\/p>\n<p> La satisfacci\u00f3n en el espectro derecho de la pol\u00edtica es evidente, ya que las encuestas atribuyen de manera sistem\u00e1tica <strong>mayor\u00eda absoluta a la suma PP-Vox,<\/strong> y la <a href=\"https:\/\/www.elconfidencial.com\/espana\/2025-11-20\/el-supremo-condena-al-fiscal-general-a-12-meses-de-multa-por-revelar-secretos_4251155\/\" target=\"_self\" rel=\"nofollow noopener\">condena del fiscal general <\/a>contribuir\u00e1 a ella. <\/p>\n<p>            La activaci\u00f3n de las izquierdas           <\/p>\n<p> Sin embargo, la visi\u00f3n de Moncloa es otra. Entienden que la derecha ha tenido \u201cuna victoria agridulce ahora, con una posible derrota a medio plazo\u201d. El anuncio del fallo ha generado \u201c<a href=\"https:\/\/x.com\/IdafeMartin\/status\/1991892166495670664?s=20\" target=\"_blank\" rel=\"nofollow\">mucha movilizaci\u00f3n en redes<\/a> y mucha indignaci\u00f3n entre los militantes. <strong>Las encuestas se\u00f1alan cada d\u00eda menos confianza en la justicia y los lectores de medios progresistas hacen cada vez m\u00e1s clics en las noticias sobre lawfare<\/strong>\u201d. Existe caldo de cultivo para que se produzca la activaci\u00f3n de las izquierdas. <\/p>\n<p class=\"bodyObject bodyBlockquote\">La convicci\u00f3n de que hay \u00abuna guerra entre la c\u00fapula judicial con el ejecutivo, que ir\u00e1 a m\u00e1s en los pr\u00f3ximos meses\u00bb, obligar\u00e1 a mover piezas<\/p>\n<p> De fondo, est\u00e1 la cuesti\u00f3n de hasta d\u00f3nde alcanza el sentido de la urgencia que ha despertado el veredicto del Supremo, <strong>y especialmente si acelerar\u00e1 la uni\u00f3n de las izquierdas en las elecciones generales<\/strong>. La convicci\u00f3n general entre los partidos a la izquierda del PSOE y entre los nacionalistas de que hay \u201cuna guerra entre la c\u00fapula judicial con el ejecutivo que ir\u00e1 a m\u00e1s en los pr\u00f3ximos meses\u201d, deber\u00eda mover piezas. <a href=\"https:\/\/www.elconfidencial.com\/espana\/andalucia\/2025-11-20\/por-andalucia-apuesta-por-antonio-maillo-como-candidato-para_4251597\/\" target=\"_self\" rel=\"nofollow noopener\">La llamativa nominaci\u00f3n de<\/a> <strong>Antonio Ma\u00edllo<\/strong> como candidato a la Junta de Andaluc\u00eda es se\u00f1al de que existen movimientos en un espacio que piensa m\u00e1s all\u00e1 del liderazgo de <strong>Yolanda D\u00edaz<\/strong>. Fuentes del PSOE se\u00f1alan la necesidad de que el resto de partidos de su espectro pol\u00edtico se organicen ya. <\/p>\n<p>            Los efectos electorales           <\/p>\n<p> Sin embargo, esta activaci\u00f3n se produce con un asunto escasamente motivador. Los expertos electorales avisan de que, por m\u00e1s que los dos lados lo utilicen para movilizar, a <strong>nivel de calle esto es m\u00e1s una burbuja que un activador de la indignaci\u00f3n social<\/strong>. Las encuestas privadas sobre el asunto demuestran que hay divisi\u00f3n social, pero con muchos ciudadanos desconectados <a href=\"https:\/\/www.elconfidencial.com\/espana\/2025-11-06\/como-funciona-politica-socialista_4242360\/\" target=\"_self\" rel=\"nofollow noopener\">y, sobre todo, preocupados por otros temas<\/a>. <\/p>\n<p> <strong>Paco Camas<\/strong>, de Ipsos, entiende que este debate \u201c<strong>puede dar alas a discursos y posicionamientos cr\u00edticos relativos <\/strong><a href=\"https:\/\/blogs.elconfidencial.com\/espana\/tribuna\/2025-11-12\/indeseable-deslegitimacion-instituciones-juicio-fiscal-general_4245408\/\" target=\"_self\" rel=\"nofollow noopener\">a la politizaci\u00f3n o la parcialidad de la justicia<\/a> en la izquierda y, por supuesto, al refuerzo de la institucionalidad y a la deslegitimaci\u00f3n del Gobierno en la derecha, pero con poco efecto a nivel electoral\u201d. <\/p>\n<p class=\"bodyObject bodyBlockquote\">\u00abLos cambios sociopol\u00edticos que han transformado las elecciones son por la distancia entre la realidad social y la pol\u00edtico-medi\u00e1tica\u00bb<\/p>\n<p> <strong>Mar\u00eda Mart\u00edn<\/strong>, de GAD3, <strong>apunta un factor relevante en la acci\u00f3n electoral contempor\u00e1nea<\/strong>, el de \u201c<a href=\"https:\/\/www.elconfidencial.com\/espana\/2025-08-10\/encuesta-verdad-politica_4188299\/\" target=\"_self\" rel=\"nofollow noopener\">la enorme distancia entre la \u00e9lite pol\u00edtica y medi\u00e1tica y la sociedad<\/a>. Nunca ha habido tanta como ahora\u201d. Los cambios sociopol\u00edticos \u201cque est\u00e1n transformando lo electoral desde hace a\u00f1os son efecto del alejamiento entre la realidad social y la pol\u00edtico-medi\u00e1tica. El asunto del fiscal refuerza esa visi\u00f3n\u201d. <\/p>\n<p> En ese escenario, afirma Mart\u00edn, \u201cel gobierno <strong>sale m\u00e1s perjudicado que la oposici\u00f3n, <\/strong>puesto que la institucionalidad recae sobre \u00e9l, como lo hace la conexi\u00f3n con la realidad. En el imaginario de la gente, <strong>el sistema es el gobierno\u201d. <\/strong>En la medida en que, asegura Mart\u00edn, \u201cla justicia y el TS son suficientemente respetados por los espa\u00f1oles y<strong> no hay una opini\u00f3n p\u00fablica mayoritaria en su contra\u201d<\/strong>, la judicatura escapa de esa consideraci\u00f3n negativa sobre lo sist\u00e9mico. <\/p>\n<p> El ruido acerca de ella implica <a href=\"https:\/\/www.elconfidencial.com\/mundo\/2025-09-10\/elecciones-francia-argentina-espana_4205655\/\" target=\"_self\" rel=\"nofollow noopener\">volver a hablar de temas que solo interesan a los pol\u00edticos y los medios<\/a>. El resultado es que \u201cesa bronca genera m\u00e1s da\u00f1o a quien est\u00e1 en el poder, ya que encarna el sistema\u201d. <strong>Si esta tensi\u00f3n se produjera lejos de un escenario electoral, \u201cno tendr\u00eda consecuencias, pero hay unas elecciones el 21 de diciembre, y ah\u00ed se notar\u00e1 que es perjudicial para el gobierno<\/strong>\u201d. <\/p>\n<p>                Vox y la cohesi\u00f3n de las izquierdas           <\/p>\n<p> En un entorno polarizado, cada parte se\u00f1ala a responsables distintos de las disfunciones. La izquierda entiende que se est\u00e1 produciendo un combate entre el poder judicial para derribar al legislativo y la derecha que el Gobierno est\u00e1 pervirtiendo las instituciones para utilizarlas a su favor.<a href=\"https:\/\/www.elconfidencial.com\/espana\/2025-08-12\/vox-crecimiento-clase-media_4189839\/\" target=\"_self\" rel=\"nofollow noopener\"> Ah\u00ed puede sacar partido Vox<\/a>, la formaci\u00f3n que m\u00e1s abiertamente afirma que est\u00e1 tanto contra las pol\u00edticas del PP como contra las del PSOE, de las que aseguran que forman parte de lo mismo. <strong>Existe la evidente posibilidad, advierten los expertos, de que sean los de Abascal quienes saquen partido<\/strong> de los momentos de enfrentamiento, y las encuestas recientes circulan en esa direcci\u00f3n. <\/p>\n<p> Desde <a href=\"https:\/\/www.elconfidencial.com\/tags\/organismos\/vox-9934\/\" target=\"_self\" rel=\"nofollow noopener\">Bamb\u00fa <\/a>certifican esta tesis, pero tambi\u00e9n advierten de que el ruido alrededor de la sentencia \u201c<strong>no moviliza a la izquierda, pero s\u00ed la cohesiona<\/strong>\u201d. Y hay mucho de eso, que ser\u00e1 importante en las pr\u00f3ximas fechas. Como se\u00f1alan los expertos electorales, <strong>es improbable<\/strong> que la pol\u00e9mica con el fiscal general produzca un aumento de voto para un lado o para el otro, pero <strong>s\u00ed ha introducido un acentuado sentido de la urgencia<\/strong> entre sus cuadros, militantes y simpatizantes de la izquierda, que son los verdaderamente activados. <\/p>\n<p> Si esa agitaci\u00f3n interna logra trasladarse a sus posibles votantes, es decir, si la motivaci\u00f3n a\u00f1adida que ha producido la sentencia se traduce <strong>en una mayor acci\u00f3n pol\u00edtica,<\/strong> capaz de romper la brecha que separa los temas que interesan a los pol\u00edticos de los que interesan a la gente, se entrar\u00eda en otro escenario. Es probable que eso no pueda suceder <a href=\"https:\/\/www.elconfidencial.com\/espana\/2025-11-21\/terremoto-gobierno-derrota-judicial-condena-fiscal-general_4251423\/\" target=\"_self\" rel=\"nofollow noopener\">insistiendo solo en el asunto del fiscal general<\/a>. <\/p>\n","protected":false},"excerpt":{"rendered":"El jueves por la tarde, una vez conocida la condena del Tribunal Supremo al fiscal general, el presidente&hellip;\n","protected":false},"author":2,"featured_media":251955,"comment_status":"","ping_status":"","sticky":false,"template":"","format":"standard","meta":{"footnotes":""},"categories":[8],"tags":[17,18,25,24,13,14,11,19,20,9,10,15,16,23,12,21,22],"class_list":{"0":"post-251954","1":"post","2":"type-post","3":"status-publish","4":"format-standard","5":"has-post-thumbnail","7":"category-espana","8":"tag-breaking-news","9":"tag-breakingnews","10":"tag-es","11":"tag-espana","12":"tag-featured-news","13":"tag-featurednews","14":"tag-headlines","15":"tag-latest-news","16":"tag-latestnews","17":"tag-news","18":"tag-noticias","19":"tag-noticias-destacadas","20":"tag-noticiasdestacadas","21":"tag-spain","22":"tag-titulares","23":"tag-ultimas-noticias","24":"tag-ultimasnoticias"},"share_on_mastodon":{"url":"https:\/\/pubeurope.com\/@es\/115600785771804484","error":""},"_links":{"self":[{"href":"https:\/\/www.europesays.com\/es\/wp-json\/wp\/v2\/posts\/251954","targetHints":{"allow":["GET"]}}],"collection":[{"href":"https:\/\/www.europesays.com\/es\/wp-json\/wp\/v2\/posts"}],"about":[{"href":"https:\/\/www.europesays.com\/es\/wp-json\/wp\/v2\/types\/post"}],"author":[{"embeddable":true,"href":"https:\/\/www.europesays.com\/es\/wp-json\/wp\/v2\/users\/2"}],"replies":[{"embeddable":true,"href":"https:\/\/www.europesays.com\/es\/wp-json\/wp\/v2\/comments?post=251954"}],"version-history":[{"count":0,"href":"https:\/\/www.europesays.com\/es\/wp-json\/wp\/v2\/posts\/251954\/revisions"}],"wp:featuredmedia":[{"embeddable":true,"href":"https:\/\/www.europesays.com\/es\/wp-json\/wp\/v2\/media\/251955"}],"wp:attachment":[{"href":"https:\/\/www.europesays.com\/es\/wp-json\/wp\/v2\/media?parent=251954"}],"wp:term":[{"taxonomy":"category","embeddable":true,"href":"https:\/\/www.europesays.com\/es\/wp-json\/wp\/v2\/categories?post=251954"},{"taxonomy":"post_tag","embeddable":true,"href":"https:\/\/www.europesays.com\/es\/wp-json\/wp\/v2\/tags?post=251954"}],"curies":[{"name":"wp","href":"https:\/\/api.w.org\/{rel}","templated":true}]}}