{"id":251956,"date":"2025-11-23T19:59:12","date_gmt":"2025-11-23T19:59:12","guid":{"rendered":"https:\/\/www.europesays.com\/es\/251956\/"},"modified":"2025-11-23T19:59:12","modified_gmt":"2025-11-23T19:59:12","slug":"elche-real-madrid-en-directo-hoy","status":"publish","type":"post","link":"https:\/\/www.europesays.com\/es\/251956\/","title":{"rendered":"Elche &#8211; Real Madrid, en directo hoy"},"content":{"rendered":"<p>Sigue en vivo y minuto a minuto el partido entre el <strong>Elche <\/strong>y el <strong>Real Madrid <\/strong>de la jornada 13 de <strong>LaLiga EA Sports<\/strong>, que se disputa en el Estadio Mart\u00ednez Valero de la localidad ilicitana. Te lo contamos en RTVE.es debajo de estas l\u00edneas.<\/p>\n<p>En directo, Elche &#8211; Real Madrid | La LigaLa previa<\/p>\n<p>El Madrid defiende su liderato y visita a un rival tradicionalmente accesible, pero con numerosas bajas, sobre todo en defensa, que suponen un quebradero de cabeza para el t\u00e9cnico <strong>Xabi Alonso<\/strong>. A lo largo de la semana se ha conocido la del brasile\u00f1o <strong>\u00c9der Militao<\/strong>, que se une a la de <strong>Antonio R\u00fcdiger, aunque finalmente el tolosarra s\u00ed contar\u00e1 con Dean Huijsen<\/strong> en la n\u00f3mina de defensas centrales. En determinadas circunstancias ha ocupado dicha demarcaci\u00f3n <strong>Aurelien Tchouameni<\/strong>, pero tampoco se le espera a tiempo para este partido, por lo que parece que ser\u00e1 Asencio quien acompa\u00f1e al espa\u00f1ol. En el lateral derecho todo apunta a que jugar\u00e1 el ingl\u00e9s <strong>Trent Alexander Arnold<\/strong>, toda vez que <strong>Dani Carvajal<\/strong> a\u00fan no est\u00e1 recuperado aunque el uruguayo Fede Valverde s\u00ed ha llegado a tiempo finalmente para este choque. Sin ser su posici\u00f3n natural, el charr\u00faa ha entrado en los planes de Alonso antes que el flamante fichaje de este verano. Otro de los reci\u00e9n llegados, <strong>Franco Mastuantono<\/strong>, es tambi\u00e9n baja en el ataque.<\/p>\n<p>El conjunto blanco visita a un Elche que, de la mano de <strong>\u00c9der Sarabia<\/strong>, llega a este tramo de la temporada en una esperanzadora und\u00e9cima posici\u00f3n en la temporada del ascenso. El t\u00e9cnico vasco cuenta en principio con todos los efectivos y su \u00fanico h\u00e1ndicap es la historia, puesto que s\u00f3lo se contabilizan <strong>seis victorias ilicitanas <\/strong>en 48 partidos de liga, con once empates y el resto son victorias madridistas. El \u00faltimo triunfo local data de la <strong>temporada 1977-1978<\/strong> y desde entonces lo \u00fanico que ha conseguido puntuar en casa el Elche es un empate en la temporada 2020-2021.<\/p>\n","protected":false},"excerpt":{"rendered":"Sigue en vivo y minuto a minuto el partido entre el Elche y el Real Madrid de la&hellip;\n","protected":false},"author":2,"featured_media":251957,"comment_status":"","ping_status":"","sticky":false,"template":"","format":"standard","meta":{"footnotes":""},"categories":[5],"tags":[17,18,25,24,13,14,11,19,20,9,10,15,16,23,12,21,22],"class_list":{"0":"post-251956","1":"post","2":"type-post","3":"status-publish","4":"format-standard","5":"has-post-thumbnail","7":"category-titulares","8":"tag-breaking-news","9":"tag-breakingnews","10":"tag-es","11":"tag-espana","12":"tag-featured-news","13":"tag-featurednews","14":"tag-headlines","15":"tag-latest-news","16":"tag-latestnews","17":"tag-news","18":"tag-noticias","19":"tag-noticias-destacadas","20":"tag-noticiasdestacadas","21":"tag-spain","22":"tag-titulares","23":"tag-ultimas-noticias","24":"tag-ultimasnoticias"},"share_on_mastodon":{"url":"https:\/\/pubeurope.com\/@es\/115600789533469311","error":""},"_links":{"self":[{"href":"https:\/\/www.europesays.com\/es\/wp-json\/wp\/v2\/posts\/251956","targetHints":{"allow":["GET"]}}],"collection":[{"href":"https:\/\/www.europesays.com\/es\/wp-json\/wp\/v2\/posts"}],"about":[{"href":"https:\/\/www.europesays.com\/es\/wp-json\/wp\/v2\/types\/post"}],"author":[{"embeddable":true,"href":"https:\/\/www.europesays.com\/es\/wp-json\/wp\/v2\/users\/2"}],"replies":[{"embeddable":true,"href":"https:\/\/www.europesays.com\/es\/wp-json\/wp\/v2\/comments?post=251956"}],"version-history":[{"count":0,"href":"https:\/\/www.europesays.com\/es\/wp-json\/wp\/v2\/posts\/251956\/revisions"}],"wp:featuredmedia":[{"embeddable":true,"href":"https:\/\/www.europesays.com\/es\/wp-json\/wp\/v2\/media\/251957"}],"wp:attachment":[{"href":"https:\/\/www.europesays.com\/es\/wp-json\/wp\/v2\/media?parent=251956"}],"wp:term":[{"taxonomy":"category","embeddable":true,"href":"https:\/\/www.europesays.com\/es\/wp-json\/wp\/v2\/categories?post=251956"},{"taxonomy":"post_tag","embeddable":true,"href":"https:\/\/www.europesays.com\/es\/wp-json\/wp\/v2\/tags?post=251956"}],"curies":[{"name":"wp","href":"https:\/\/api.w.org\/{rel}","templated":true}]}}