{"id":251960,"date":"2025-11-23T20:07:17","date_gmt":"2025-11-23T20:07:17","guid":{"rendered":"https:\/\/www.europesays.com\/es\/251960\/"},"modified":"2025-11-23T20:07:17","modified_gmt":"2025-11-23T20:07:17","slug":"santi-aldama-lo-vuelve-a-bordar-con-los-grizzlies-y-fulmina-a-los-mavericks-en-su-duelo-con-cooper-flagg","status":"publish","type":"post","link":"https:\/\/www.europesays.com\/es\/251960\/","title":{"rendered":"Santi Aldama lo vuelve a bordar con los Grizzlies y fulmina a los Mavericks en su duelo con Cooper Flagg"},"content":{"rendered":"<p class=\"ft-text ft-helper-align-justify\"><a class=\"ft-link ft-link--decoration\" href=\"https:\/\/www.laprovincia.es\/deportes-canarias\/2025\/11\/21\/santi-aldama-desata-kings-iguala-123963794.html\" rel=\"nofollow noopener\" target=\"_blank\"><strong>Santi Aldama<\/strong><\/a> asume responsabilidades y reclama los focos ante las adversidades para que <strong>Memphis<\/strong> logre su segundo triunfo consecutivo. El internacional espa\u00f1ol volvi\u00f3 a ejercer como uno de los l\u00edderes de los <strong>Grizzlies<\/strong> para conseguir una victoria muy importante a domicilio ante los <a class=\"ft-link ft-link--decoration\" href=\"https:\/\/www.laprovincia.es\/deportes-canarias\/2025\/11\/08\/grizzlies-santi-aldama-recuperan-sensaciones-123503487.html\" rel=\"nofollow noopener\" target=\"_blank\"><strong>Dallas Mavericks<\/strong><\/a> (102-96).<\/p>\n<p class=\"ft-text ft-helper-align-justify\">A pesar de que las bajas pod\u00edan hacer mella de nuevo en la franquicia de Tennessee \u2014que no pudo contar con <strong>Ja Morant<\/strong> ni <strong>Jaren Jackson Jr.<\/strong>\u2014, el grancanario dio otro paso al frente tras igualar su r\u00e9cord de anotaci\u00f3n en la <a class=\"ft-link ft-link--decoration\" href=\"https:\/\/www.laprovincia.es\/tags\/baloncesto\/\" rel=\"nofollow noopener\" target=\"_blank\">NBA<\/a> y se coron\u00f3 como <strong>el mejor jugador de la noche<\/strong>, continuando as\u00ed con la progresi\u00f3n que viene exhibiendo.<\/p>\n<p>Rozando el doble-doble<\/p>\n<p class=\"ft-text ft-helper-align-justify\">El isle\u00f1o termin\u00f3 el encuentro con <strong>20 puntos, 8 rebotes y 4 asistencias<\/strong> en casi 35 minutos de juego, firmando tambi\u00e9n buenos porcentajes en sus lanzamientos. Todo ello, frente a <strong>Cooper Flagg<\/strong>, flamante n\u00famero uno del <strong>Draft 2025<\/strong>, que se qued\u00f3 en 12 puntos, 7 rebotes y 1 asistencia en su duelo particular con el exjugador del Canterbury.<\/p>\n<p class=\"ft-text ft-helper-align-justify\">Gracias a esta victoria, los <strong>Memphis Grizzlies<\/strong> se instalan ya en puestos de <strong>Play-In<\/strong>, con un balance de 6 triunfos y 11 derrotas. Sus pr\u00f3ximos compromisos de esta semana ser\u00e1n ante los <strong>Denver Nuggets<\/strong>, los <strong>New Orleans Pelicans<\/strong> y ante<strong> Los \u00c1ngeles Clippers<\/strong>.<\/p>\n","protected":false},"excerpt":{"rendered":"Santi Aldama asume responsabilidades y reclama los focos ante las adversidades para que Memphis logre su segundo triunfo&hellip;\n","protected":false},"author":2,"featured_media":251961,"comment_status":"","ping_status":"","sticky":false,"template":"","format":"standard","meta":{"footnotes":""},"categories":[269],"tags":[15778,299,298,63736,25885,35570,168,25,24,58883,1725,15777,12434,23,167,15144,739],"class_list":{"0":"post-251960","1":"post","2":"type-post","3":"status-publish","4":"format-standard","5":"has-post-thumbnail","7":"category-baloncesto","8":"tag-aldama","9":"tag-baloncesto","10":"tag-basketball","11":"tag-bordar","12":"tag-dallas-mavericks","13":"tag-denver-nuggets","14":"tag-deportes","15":"tag-es","16":"tag-espana","17":"tag-grizzlies","18":"tag-nba","19":"tag-santi","20":"tag-santi-aldama","21":"tag-spain","22":"tag-sports","23":"tag-tennessee","24":"tag-vuelve"},"share_on_mastodon":{"url":"https:\/\/pubeurope.com\/@es\/115600821254091217","error":""},"_links":{"self":[{"href":"https:\/\/www.europesays.com\/es\/wp-json\/wp\/v2\/posts\/251960","targetHints":{"allow":["GET"]}}],"collection":[{"href":"https:\/\/www.europesays.com\/es\/wp-json\/wp\/v2\/posts"}],"about":[{"href":"https:\/\/www.europesays.com\/es\/wp-json\/wp\/v2\/types\/post"}],"author":[{"embeddable":true,"href":"https:\/\/www.europesays.com\/es\/wp-json\/wp\/v2\/users\/2"}],"replies":[{"embeddable":true,"href":"https:\/\/www.europesays.com\/es\/wp-json\/wp\/v2\/comments?post=251960"}],"version-history":[{"count":0,"href":"https:\/\/www.europesays.com\/es\/wp-json\/wp\/v2\/posts\/251960\/revisions"}],"wp:featuredmedia":[{"embeddable":true,"href":"https:\/\/www.europesays.com\/es\/wp-json\/wp\/v2\/media\/251961"}],"wp:attachment":[{"href":"https:\/\/www.europesays.com\/es\/wp-json\/wp\/v2\/media?parent=251960"}],"wp:term":[{"taxonomy":"category","embeddable":true,"href":"https:\/\/www.europesays.com\/es\/wp-json\/wp\/v2\/categories?post=251960"},{"taxonomy":"post_tag","embeddable":true,"href":"https:\/\/www.europesays.com\/es\/wp-json\/wp\/v2\/tags?post=251960"}],"curies":[{"name":"wp","href":"https:\/\/api.w.org\/{rel}","templated":true}]}}