{"id":251964,"date":"2025-11-23T20:09:11","date_gmt":"2025-11-23T20:09:11","guid":{"rendered":"https:\/\/www.europesays.com\/es\/251964\/"},"modified":"2025-11-23T20:09:11","modified_gmt":"2025-11-23T20:09:11","slug":"soy-mas-sensible-de-lo-que-la-gente-cree-pero-de-tonta-tengo-muy-poco","status":"publish","type":"post","link":"https:\/\/www.europesays.com\/es\/251964\/","title":{"rendered":"Soy m\u00e1s sensible de lo que la gente cree\u2026 pero de tonta tengo muy poco"},"content":{"rendered":"<p id=\"e8QSidhp8C\" data-wc=\"77\">Si sentarse con <strong>Susi Caramelo<\/strong>\u00a0 \u00a0es siempre una fiesta, entrevistarla despu\u00e9s de presentar un <strong>dating show<\/strong>\u00a0 donde la \u00a0<a class=\"hm-link ho-link\" href=\"https:\/\/www.hola.com\/actualidad\/20251114867496\/susi-caramelo-se-sincera-sobre-su-historia-con-dani-mateo-una-tonteria-un-tonteito\/\" data-mrf-recirculation=\"article-body-link\" rel=\"nofollow noopener\" target=\"_blank\">gente liga disfrazada de criaturas imposibles<\/a>\u00a0 es, directamente, entrar en otra dimensi\u00f3n. Ella llega con su risa contagiosa, su lengua afilada y esa mezcla impecable entre gamberra adorable y sabia del caos emocional. Y s\u00ed, habla <a class=\"hm-link ho-link\" href=\"https:\/\/www.hola.com\/actualidad\/20240903716157\/asi-es-susi-caramelo-el-nuevo-fichaje-de-el-hormiguero\/\" data-mrf-recirculation=\"article-body-link\" rel=\"nofollow noopener\" target=\"_blank\">sin filtros: de amor, de disfraces,<\/a> de su salto en solitario en Atresmedia y hasta de lo que ha aprendido sobre s\u00ed misma.<\/p>\n<p id=\"eN3q_xbp7Oq\" data-wc=\"33\">\u00a0Entre risas y confesiones, descubrimos a la Susi m\u00e1s personal: <strong>sensible, lista, luminosa\u2026<\/strong> y tan bestia como el programa que ahora conduce. Aqu\u00ed, su versi\u00f3n m\u00e1s aut\u00e9ntica. Y quiz\u00e1s tambi\u00e9n la m\u00e1s inesperada.<\/p>\n<p> <img src=\"https:\/\/www.europesays.com\/es\/wp-content\/uploads\/2025\/11\/1878e2fbd7cf-foto-10.jpg\"   width=\"1080\" height=\"1800\" loading=\"lazy\" decoding=\"async\" alt=\"susi caramelo H+\" fetchpriority=\"auto\" class=\"image ho-image\"\/>\u00a9 @JESUSAPARICIO<br \/>\nEl formato y su esencia<\/p>\n<p id=\"eLq6jIasSpJ\" data-wc=\"21\"><strong>-\u00bfQu\u00e9 fue lo primero que pensaste cuando te propusieron presentar un dating show donde la gente liga disfrazada de criaturas fant\u00e1sticas?\u00a0<\/strong><\/p>\n<p id=\"ehuH6C3kYWF\" data-wc=\"34\">-Hab\u00eda visto la edici\u00f3n extranjera, y me pareci\u00f3 brutal. Me parece maravilloso conocer a una persona y dejar de lado esa parte superficial que tenemos todos. As\u00ed que no hay mejor programa que este.<\/p>\n<p id=\"ef9AylDlq1b\" data-wc=\"20\"><strong>-&#8216;Amor a lo bestia&#8217; apuesta por enamorarse sin ver la cara. \u00bfCrees que as\u00ed es m\u00e1s f\u00e1cil conectar de verdad?\u00a0<\/strong><\/p>\n<p id=\"e-nlmWypNKA\" data-wc=\"17\">-Totalmente. Cuando no te distrae en otras cosas, te quedan con lo importante: c\u00f3mo te hace sentir.<\/p>\n<p id=\"eqnRgkfYN_I\" data-wc=\"16\"><strong>-\u00bfQu\u00e9 dir\u00edas que hace \u00fanico a este programa dentro del mundo de los dating shows ?<\/strong><\/p>\n<p id=\"ekTfE0diJYZ\" data-wc=\"43\">&#8211; Lo que lo hace \u00fanico es que aqu\u00ed el f\u00edsico no enga\u00f1a\u2026 porque directamente no est\u00e1. Y claro, el coraz\u00f3n se te mueve de otra manera. Adem\u00e1s, los disfraces son tan brutales que te olvidan de todo lo que has visto antes.\u00a0<\/p>\n<p> <img src=\"https:\/\/www.europesays.com\/es\/wp-content\/uploads\/2025\/11\/e4876bdbc7ec-37333006016197587418811555695508708267882030n.jpg\"   width=\"1080\" height=\"1800\" loading=\"lazy\" decoding=\"async\" alt=\"Susi Caramelo, la nueva colaboradora de 'El Hormiguero'\" fetchpriority=\"auto\" class=\"image ho-image\"\/><br \/>\nLas historias de amor<\/p>\n<p id=\"ehtCoYC8AIus\" data-wc=\"15\"><strong>-\u00bfTe ha sorprendido la sinceridad de los participantes al no tener f\u00edsico de por medio?<\/strong><\/p>\n<p id=\"e2yJBAzMHXf\" data-wc=\"10\">&#8211; Much\u00edsimo. Sin la cara,\u00a0<a class=\"hm-link ho-link\" href=\"https:\/\/www.hola.com\/actualidad\/20251118868191\/andreu-buenafuente-y-silvia-abril-la-pareja-televisiva-que-se-enamoro-entre-carcajadas-trabajaba-en-mi-productora-y-yo-pensaba-esta-tia-es-diferente\/\" data-mrf-recirculation=\"article-body-link\" rel=\"nofollow noopener\" target=\"_blank\">todos se vuelven m\u00e1s vulnerables\u2026<\/a><\/p>\n<p id=\"etwgJEizGQq\" data-wc=\"25\"><strong>&#8211;\u00a0\u00a0<\/strong><strong>Tu humor es clave en el programa, tambi\u00e9n en la narraci\u00f3n. \u00bfC\u00f3mo encontraste el equilibrio entre re\u00edrte y respetar las emociones de los participantes?\u00a0<\/strong><\/p>\n<p id=\"esRhE35P6tf\" data-wc=\"28\">-Pues porque tengo coraz\u00f3n, aunque lo disimulo. Me r\u00edo, s\u00ed, pero cuando veo que alguien est\u00e1 abriendo el alma, me callo, respiro\u2026 y al final me sale empat\u00eda.<\/p>\n<p id=\"eCPNLkFW99EB\" data-wc=\"12\"><strong>&#8211;\u00a0\u00a0<\/strong><strong>\u00a0\u00bfC\u00f3mo te ha sentado ese salto al frente de un programa?\u00a0<\/strong><\/p>\n<p id=\"ecxAa29xAce\" data-wc=\"27\">-No es mi primera vez como presentadora, pero ha sido como un subid\u00f3n.\u00a0\u00a0<a class=\"hm-link ho-link\" href=\"https:\/\/www.hola.com\/actualidad\/20251121868387\/ana-rosa-quintana-nuria-roca-susanna-griso-isabel-jimenez-sonsoles-onega-dia-mundial-de-la-television\/\" data-mrf-recirculation=\"article-body-link\" rel=\"nofollow noopener\" target=\"_blank\">Es v\u00e9rtigo pero tambi\u00e9n adrenalina pura<\/a>. Y me encanta sentir que conf\u00eda en m\u00ed.<\/p>\n<p id=\"engIWEWU78Ad\" data-wc=\"14\"><strong>-\u00bfQu\u00e9 ha significado para ti que conf\u00eden en ti como rostro principal del programa?\u00a0<\/strong><\/p>\n<p id=\"ek4YIB2LgTw\" data-wc=\"12\">-Es un regalazo. Significa que ven algo en m\u00ed, y yo encantada.<\/p>\n<p id=\"er-q5GGC5j61\" data-wc=\"24\"><strong>-Vienes de triunfar en &#8216;Tu cara me suena&#8217;, &#8216;El desaf\u00edo&#8217; y como colaboradora en &#8216;El Hormiguero&#8217;. \u00bfDir\u00edas que est\u00e1s en tu mejor momento profesional?\u00a0<\/strong><\/p>\n<p id=\"eigqc_vk4BN\" data-wc=\"10\">-Siempre pienso que mi mejor momento profesional est\u00e1 por llegar&#8230;<\/p>\n<p> <img src=\"https:\/\/www.europesays.com\/es\/wp-content\/uploads\/2025\/11\/056da27719d7-susi-caramelo.jpg\"   width=\"819\" height=\"1024\" loading=\"lazy\" decoding=\"async\" alt=\"Susi Caramelo en el programa 'Pasapalabra'\" fetchpriority=\"auto\" class=\"image ho-image\"\/>\u00a9 @susicarameloSusi Caramelo en el programa &#8216;Pasapalabra&#8217;<br \/>\nSobre su personalidad<\/p>\n<p id=\"e3wkLplMxKnt\" data-wc=\"21\"><strong>-Tienes fama de decir lo que piensas sin filtros. \u00bfTe ha servido o te ha dado alg\u00fan susto en este proyecto?\u00a0<\/strong><\/p>\n<p id=\"eLaooQWZvbi\" data-wc=\"22\">-Un poco de las dos cosas. Me sirve para conectar, pero tambi\u00e9n he tenido que morderme la lengua para no mentir alguna.<\/p>\n<p id=\"ecoQ6uGdLmtd\" data-wc=\"16\"><strong>-\u00bfQu\u00e9 no sabe la gente de ti y te gustar\u00eda que se descubriera en el programa?\u00a0<\/strong><\/p>\n<p id=\"edOkvRD3ShX\" data-wc=\"25\">&#8211;\u00a0\u00a0<a class=\"hm-link ho-link\" href=\"https:\/\/www.hola.com\/actualidad\/20251118868142\/paula-badosa-david-broncano-expareja-la-revuelta\/\" data-mrf-recirculation=\"article-body-link\" rel=\"nofollow noopener\" target=\"_blank\">Soy m\u00e1s sensible de lo que la gente cree\u2026<\/a> pero de tonta tengo muy poco. Tengo un fondo bonito, aunque me haga la dura.\u00a0<\/p>\n","protected":false},"excerpt":{"rendered":"Si sentarse con Susi Caramelo\u00a0 \u00a0es siempre una fiesta, entrevistarla despu\u00e9s de presentar un dating show\u00a0 donde la&hellip;\n","protected":false},"author":2,"featured_media":251965,"comment_status":"","ping_status":"","sticky":false,"template":"","format":"standard","meta":{"footnotes":""},"categories":[174],"tags":[517,255,146,147,25,24,256,23,807],"class_list":{"0":"post-251964","1":"post","2":"type-post","3":"status-publish","4":"format-standard","5":"has-post-thumbnail","7":"category-famosos","8":"tag-actualidad","9":"tag-celebrities","10":"tag-entertainment","11":"tag-entretenimiento","12":"tag-es","13":"tag-espana","14":"tag-famosos","15":"tag-spain","16":"tag-television"},"share_on_mastodon":{"url":"https:\/\/pubeurope.com\/@es\/115600829626710937","error":""},"_links":{"self":[{"href":"https:\/\/www.europesays.com\/es\/wp-json\/wp\/v2\/posts\/251964","targetHints":{"allow":["GET"]}}],"collection":[{"href":"https:\/\/www.europesays.com\/es\/wp-json\/wp\/v2\/posts"}],"about":[{"href":"https:\/\/www.europesays.com\/es\/wp-json\/wp\/v2\/types\/post"}],"author":[{"embeddable":true,"href":"https:\/\/www.europesays.com\/es\/wp-json\/wp\/v2\/users\/2"}],"replies":[{"embeddable":true,"href":"https:\/\/www.europesays.com\/es\/wp-json\/wp\/v2\/comments?post=251964"}],"version-history":[{"count":0,"href":"https:\/\/www.europesays.com\/es\/wp-json\/wp\/v2\/posts\/251964\/revisions"}],"wp:featuredmedia":[{"embeddable":true,"href":"https:\/\/www.europesays.com\/es\/wp-json\/wp\/v2\/media\/251965"}],"wp:attachment":[{"href":"https:\/\/www.europesays.com\/es\/wp-json\/wp\/v2\/media?parent=251964"}],"wp:term":[{"taxonomy":"category","embeddable":true,"href":"https:\/\/www.europesays.com\/es\/wp-json\/wp\/v2\/categories?post=251964"},{"taxonomy":"post_tag","embeddable":true,"href":"https:\/\/www.europesays.com\/es\/wp-json\/wp\/v2\/tags?post=251964"}],"curies":[{"name":"wp","href":"https:\/\/api.w.org\/{rel}","templated":true}]}}