{"id":251970,"date":"2025-11-23T20:13:13","date_gmt":"2025-11-23T20:13:13","guid":{"rendered":"https:\/\/www.europesays.com\/es\/251970\/"},"modified":"2025-11-23T20:13:13","modified_gmt":"2025-11-23T20:13:13","slug":"muere-ornella-vanoni-mito-de-la-musica-italiana","status":"publish","type":"post","link":"https:\/\/www.europesays.com\/es\/251970\/","title":{"rendered":"Muere Ornella Vanoni, mito de la m\u00fasica italiana"},"content":{"rendered":"<p>Ornella Vanoni, una muy querida artista que tuvo una carrera musical de siete d\u00e9cadas con \u00e9xitos internacionales como \u00abSenza Fine\u00bb y \u00abL&#8217;appuntamento\u00bb, ha fallecido a los 91 a\u00f1os. En una publicaci\u00f3n del s\u00e1bado, la primera ministra italiana, Giorgia Meloni, expres\u00f3<b> su profundo pesar por la p\u00e9rdida de Vanoni, <\/b>cuya \u00abvoz inconfundible\u00bb dej\u00f3 una huella en la cultura italiana durante generaciones.<\/p>\n<p><b>\u00abItalia pierde a una artista \u00fanica que nos deja un legado art\u00edstico irrepetible\u00bb,<\/b> afirm\u00f3 Meloni.Vanoni falleci\u00f3 de un paro card\u00edaco en su casa de Mil\u00e1n, seg\u00fan inform\u00f3 el peri\u00f3dico italiano \u00abLa Stampa\u00bb. Vanoni grab\u00f3 m\u00e1s de 100 \u00e1lbumes con ventas de m\u00e1s de 55 millones de copias, lo que la convirti\u00f3 en un icono para generaciones de fans y le vali\u00f3 el apodo de \u00abLa dama de la canci\u00f3n italiana\u00bb, seg\u00fan el peri\u00f3dico \u00abLaPresse\u00bb.<\/p>\n<p>Nacida en Mil\u00e1n en 1937, el primer amor de Vanoni fue el teatro, que culmin\u00f3 con actuaciones en los escenarios de Broadway en 1964. Pero su pasi\u00f3n por la m\u00fasica, combinada con lo que LaPresse describi\u00f3 como un \u00abestilo interpretativo muy personal y sofisticado\u00bb y un amplio repertorio que abarcaba desde el jazz hasta el pop, la llev\u00f3 a colaborar con algunos de los compositores m\u00e1s importantes de Italia y del extranjero.<\/p>\n<p><img decoding=\"async\" loading=\"lazy\" src=\"https:\/\/www.europesays.com\/es\/wp-content\/uploads\/2025\/11\/1763928793_105_123.jpg\" alt=\"Italy Obit Vanoni\" width=\"2540\" height=\"3543\"\/><b>Italy Obit Vanoni<\/b>ASSOCIATED PRESSAgencia AP<\/p>\n<p>La colaboraci\u00f3n -y la historia de amor- de Vanoni con el famoso cantautor genov\u00e9s Gino Paoli dio lugar al \u00e9xito \u00abSenza Fine\u00bb (Sin fin), que la catapult\u00f3 al escenario internacional en 1961. Sus colaboraciones posteriores abarcaron una amplia gama de talentos art\u00edsticos, entre los que se encontraban Gil Evans, Herbie Hancock y George Benson, seg\u00fan la agencia de noticias italiana ANSA.<\/p>\n<p>Vanoni destac\u00f3 en numerosos premios de prestigiosos festivales de m\u00fasica en Italia, incluido el Festival de M\u00fasica de San Remo, el m\u00e1s popular del pa\u00eds, en el que particip\u00f3 ocho veces y obtuvo el segundo puesto en 1968 con la canci\u00f3n \u00abCasa Bianca\u00bb.<\/p>\n<p>Su talento se extendi\u00f3 a la composici\u00f3n de canciones, lo que fue reconocido cuando gan\u00f3 dos veces el prestigioso Premio Tenco, siendo la \u00fanica cantante italiana en recibir el premio como compositora y la \u00fanica mujer en ganarlo dos veces. Seg\u00fan ANSA, Vanoni era muy solicitada como invitada en programas de televisi\u00f3n en sus \u00faltimos a\u00f1os debido a su naturaleza impredecible, la gran cantidad de an\u00e9cdotas que compart\u00eda y su \u00abtotal indiferencia hacia lo pol\u00edticamente correcto\u00bb.<\/p>\n","protected":false},"excerpt":{"rendered":"Ornella Vanoni, una muy querida artista que tuvo una carrera musical de siete d\u00e9cadas con \u00e9xitos internacionales como&hellip;\n","protected":false},"author":2,"featured_media":251971,"comment_status":"","ping_status":"","sticky":false,"template":"","format":"standard","meta":{"footnotes":""},"categories":[170],"tags":[146,147,25,24,184,185,23],"class_list":{"0":"post-251970","1":"post","2":"type-post","3":"status-publish","4":"format-standard","5":"has-post-thumbnail","7":"category-musica","8":"tag-entertainment","9":"tag-entretenimiento","10":"tag-es","11":"tag-espana","12":"tag-music","13":"tag-musica","14":"tag-spain"},"share_on_mastodon":{"url":"https:\/\/pubeurope.com\/@es\/115600845290054374","error":""},"_links":{"self":[{"href":"https:\/\/www.europesays.com\/es\/wp-json\/wp\/v2\/posts\/251970","targetHints":{"allow":["GET"]}}],"collection":[{"href":"https:\/\/www.europesays.com\/es\/wp-json\/wp\/v2\/posts"}],"about":[{"href":"https:\/\/www.europesays.com\/es\/wp-json\/wp\/v2\/types\/post"}],"author":[{"embeddable":true,"href":"https:\/\/www.europesays.com\/es\/wp-json\/wp\/v2\/users\/2"}],"replies":[{"embeddable":true,"href":"https:\/\/www.europesays.com\/es\/wp-json\/wp\/v2\/comments?post=251970"}],"version-history":[{"count":0,"href":"https:\/\/www.europesays.com\/es\/wp-json\/wp\/v2\/posts\/251970\/revisions"}],"wp:featuredmedia":[{"embeddable":true,"href":"https:\/\/www.europesays.com\/es\/wp-json\/wp\/v2\/media\/251971"}],"wp:attachment":[{"href":"https:\/\/www.europesays.com\/es\/wp-json\/wp\/v2\/media?parent=251970"}],"wp:term":[{"taxonomy":"category","embeddable":true,"href":"https:\/\/www.europesays.com\/es\/wp-json\/wp\/v2\/categories?post=251970"},{"taxonomy":"post_tag","embeddable":true,"href":"https:\/\/www.europesays.com\/es\/wp-json\/wp\/v2\/tags?post=251970"}],"curies":[{"name":"wp","href":"https:\/\/api.w.org\/{rel}","templated":true}]}}