{"id":251975,"date":"2025-11-23T20:16:08","date_gmt":"2025-11-23T20:16:08","guid":{"rendered":"https:\/\/www.europesays.com\/es\/251975\/"},"modified":"2025-11-23T20:16:08","modified_gmt":"2025-11-23T20:16:08","slug":"el-antidoto-frente-a-la-soledad","status":"publish","type":"post","link":"https:\/\/www.europesays.com\/es\/251975\/","title":{"rendered":"El ant\u00eddoto frente a la soledad"},"content":{"rendered":"<p class=\"v-mdl-ath__p v-mdl-ath__p--6\">\nDomingo, 23 de noviembre 2025, 20:48<\/p>\n<p class=\"v-p\">Vivimos en un mundo que, parad\u00f3jicamente, nos conecta m\u00e1s que nunca a trav\u00e9s de la tecnolog\u00eda, pero que a la vez nos a\u00edsla en nuestras propias burbujas. La soledad no deseada, especialmente entre las personas mayores, es una de las grandes epidemias silenciosas de nuestro tiempo. En Bizkaia, seg\u00fan datos del Eustat, m\u00e1s de 80.000 personas mayores de 65 a\u00f1os viven solas. Una cifra que nos interpela y nos obliga a buscar soluciones creativas y, sobre todo, humanas.<\/p>\n<p class=\"v-p\">Y una de las respuestas m\u00e1s poderosas la tenemos mucho m\u00e1s cerca de lo que pensamos: en el encuentro, en la conexi\u00f3n entre generaciones. Cuando j\u00f3venes y mayores comparten tiempo, experiencias y conversaciones, se produce una magia que va m\u00e1s all\u00e1 del simple acompa\u00f1amiento. Se teje una red de afectos, de aprendizajes mutuos, que enriquece a ambas partes y fortalece el conjunto de la sociedad.<\/p>\n<p>Beneficios que van en todas las direcciones<\/p>\n<p class=\"v-p\">Los beneficios de los v\u00ednculos intergeneracionales son innumerables. Para las personas mayores, supone una oportunidad de sentirse escuchadas, valoradas y conectadas con el presente. Combatir la soledad, estimular la mente y mantenerse activos son solo algunos de los efectos positivos de estas relaciones. Para los m\u00e1s j\u00f3venes, el contacto con los mayores es una fuente inagotable de sabidur\u00eda, de perspectiva hist\u00f3rica y de valores como el respeto, la paciencia y la empat\u00eda.<\/p>\n<p class=\"v-p\">En un mundo que a menudo parece moverse a una velocidad de v\u00e9rtigo, la calma y la experiencia de nuestros mayores pueden ser un ancla fundamental para las nuevas generaciones. Y a su vez, la energ\u00eda, la curiosidad y la visi\u00f3n de futuro de los j\u00f3venes pueden ser un revulsivo para quienes a menudo se sienten al margen de una sociedad que avanza sin ellos.<\/p>\n<p>Iniciativas que tejen puentes en Bizkaia<\/p>\n<p class=\"v-p\">En Bizkaia, afortunadamente, contamos con iniciativas que trabajan activamente para fomentar estos v\u00ednculos. Un ejemplo es el programa <a href=\"https:\/\/www.bbk.eus\/es\/proyectos\/bbk-topa\/\" rel=\"nofollow noopener\" target=\"_blank\" data-voc-vtm-id=\"in-text-traffic\" title=\"BBK Topa\" data-mrf-link=\"www.bbk.eus\">BBK Topa<\/a>, un proyecto que busca impulsar la intergeneracionalidad a trav\u00e9s de diferentes actividades y formaciones. Desde talleres de voluntariado hasta laboratorios de sexualidad en la longevidad, pasando por ciclos de poes\u00eda o charlas de actualidad, BBK Topa ofrece un amplio abanico de posibilidades para que j\u00f3venes y mayores se encuentren y compartan.<\/p>\n<p class=\"v-p\">Otro ejemplo es <a href=\"https:\/\/www.bbk.eus\/es\/proyectos\/bbk-sasoiko\/\" rel=\"nofollow noopener\" target=\"_blank\" data-voc-vtm-id=\"in-text-traffic\" title=\"BBK Sasoiko\" data-mrf-link=\"www.bbk.eus\">BBK Sasoiko<\/a>, un espacio que promueve el envejecimiento activo y participativo y que incluye en su programaci\u00f3n actividades intergeneracionales. O el programa <a href=\"https:\/\/kuvu.eu\/\" rel=\"nofollow noopener\" target=\"_blank\" data-voc-vtm-id=\"in-text-traffic\" title=\"Kuvu\" data-mrf-link=\"kuvu.eu\">Kuvu<\/a>, que facilita la convivencia entre j\u00f3venes y mayores a trav\u00e9s del alquiler de habitaciones en casas de personas que viven solas.<\/p>\n<p>Peque\u00f1os gestos que marcan la diferencia<\/p>\n<p class=\"v-p\">Pero m\u00e1s all\u00e1 de los programas institucionales, la construcci\u00f3n de una sociedad m\u00e1s intergeneracional empieza en nuestro d\u00eda a d\u00eda, en nuestras propias familias y comunidades. Peque\u00f1os gestos como llamar a nuestros abuelos para preguntarles c\u00f3mo est\u00e1n, invitar a un vecino mayor a tomar un caf\u00e9 o simplemente pararnos a charlar con las personas mayores de nuestro barrio pueden marcar una gran diferencia.<\/p>\n<p class=\"v-p\">Se trata, en definitiva, de recuperar esa cultura de la vecindad, del cuidado mutuo, que siempre ha caracterizado a nuestra tierra. De entender que todos, independientemente de nuestra edad, tenemos algo que aportar y algo que aprender. Y que, en un mundo que a menudo nos empuja al individualismo, la mejor receta contra la soledad es, simplemente, estar juntos.<\/p>\n<p>Construyendo puentes desde la cotidianidad<\/p>\n<p class=\"v-p\">En nuestro d\u00eda a d\u00eda, podemos encontrar m\u00faltiples oportunidades para fomentar estos v\u00ednculos. En el mercado, por ejemplo, podemos observar c\u00f3mo las conversaciones entre vendedores mayores y j\u00f3venes compradores crean momentos de intercambio cultural y de conocimiento. En los parques de nuestros barrios, cuando abuelos y nietos comparten juegos, se produce un aprendizaje mutuo que va m\u00e1s all\u00e1 de las palabras.<\/p>\n<p class=\"v-p\">La clave est\u00e1 en entender que cada encuentro, por peque\u00f1o que sea, puede ser una oportunidad para tender puentes. Desde escuchar las historias de nuestros mayores hasta ense\u00f1arles a usar una aplicaci\u00f3n del m\u00f3vil, cada gesto contribuye a construir una sociedad m\u00e1s emp\u00e1tica y conectada.<\/p>\n<p>El futuro se construye entre todos<\/p>\n<p class=\"v-p\">Los v\u00ednculos intergeneracionales no son solo una bonita teor\u00eda; son una necesidad urgente para construir una sociedad m\u00e1s justa y cohesionada. En Bizkaia, tenemos la oportunidad de ser pioneros en este cambio, de demostrar que es posible crear espacios donde todas las generaciones se sientan valoradas y escuchadas.<\/p>\n<p class=\"v-p\">Porque al final, todos hemos sido j\u00f3venes y, si tenemos suerte, todos seremos mayores. Y en ese camino, lo que realmente importa no es la edad que tengamos, sino la capacidad de seguir aprendiendo, de seguir creciendo y de seguir cuid\u00e1ndonos unos a otros.<\/p>\n<p>Reporta un error<\/p>\n","protected":false},"excerpt":{"rendered":"Domingo, 23 de noviembre 2025, 20:48 Vivimos en un mundo que, parad\u00f3jicamente, nos conecta m\u00e1s que nunca a&hellip;\n","protected":false},"author":2,"featured_media":251976,"comment_status":"","ping_status":"","sticky":false,"template":"","format":"standard","meta":{"footnotes":""},"categories":[92],"tags":[63737,25,24,3419,165,166,32840,23],"class_list":{"0":"post-251975","1":"post","2":"type-post","3":"status-publish","4":"format-standard","5":"has-post-thumbnail","7":"category-salud","8":"tag-antidoto","9":"tag-es","10":"tag-espana","11":"tag-frente","12":"tag-health","13":"tag-salud","14":"tag-soledad","15":"tag-spain"},"share_on_mastodon":{"url":"https:\/\/pubeurope.com\/@es\/115600856517113892","error":""},"_links":{"self":[{"href":"https:\/\/www.europesays.com\/es\/wp-json\/wp\/v2\/posts\/251975","targetHints":{"allow":["GET"]}}],"collection":[{"href":"https:\/\/www.europesays.com\/es\/wp-json\/wp\/v2\/posts"}],"about":[{"href":"https:\/\/www.europesays.com\/es\/wp-json\/wp\/v2\/types\/post"}],"author":[{"embeddable":true,"href":"https:\/\/www.europesays.com\/es\/wp-json\/wp\/v2\/users\/2"}],"replies":[{"embeddable":true,"href":"https:\/\/www.europesays.com\/es\/wp-json\/wp\/v2\/comments?post=251975"}],"version-history":[{"count":0,"href":"https:\/\/www.europesays.com\/es\/wp-json\/wp\/v2\/posts\/251975\/revisions"}],"wp:featuredmedia":[{"embeddable":true,"href":"https:\/\/www.europesays.com\/es\/wp-json\/wp\/v2\/media\/251976"}],"wp:attachment":[{"href":"https:\/\/www.europesays.com\/es\/wp-json\/wp\/v2\/media?parent=251975"}],"wp:term":[{"taxonomy":"category","embeddable":true,"href":"https:\/\/www.europesays.com\/es\/wp-json\/wp\/v2\/categories?post=251975"},{"taxonomy":"post_tag","embeddable":true,"href":"https:\/\/www.europesays.com\/es\/wp-json\/wp\/v2\/tags?post=251975"}],"curies":[{"name":"wp","href":"https:\/\/api.w.org\/{rel}","templated":true}]}}