{"id":251977,"date":"2025-11-23T20:17:08","date_gmt":"2025-11-23T20:17:08","guid":{"rendered":"https:\/\/www.europesays.com\/es\/251977\/"},"modified":"2025-11-23T20:17:08","modified_gmt":"2025-11-23T20:17:08","slug":"la-produccion-de-lelisir-de-mario-gas-sigue-entusiasmando","status":"publish","type":"post","link":"https:\/\/www.europesays.com\/es\/251977\/","title":{"rendered":"La producci\u00f3n de &#8216;L\u2019elisir&#8217; de Mario Gas sigue entusiasmando"},"content":{"rendered":"<p>A pesar de que ha cumplido cuatro d\u00e9cadas de andadura y de ser la quinta vez que se ofrece en las temporadas del Gran Teatre del Liceu, el \u00e9xito de esta muy eficaz y divertida producci\u00f3n, con direcci\u00f3n de escena de <strong>Mario Gas<\/strong> repuesta por <strong>Leo Castaldi<\/strong>, ha sabido conquistar nuevamente al p\u00fablico barcelon\u00e9s (ver previa <a href=\"https:\/\/www.operaactual.com\/noticia\/el-liceu-revive-la-magia-de-lelisir-damore-con-un-triple-reparto-estelar\/\" target=\"_blank\" rel=\"noopener nofollow\">en este enlace<\/a>). El popular melodramma giocoso de Gaetano Donizetti, con su trama de comedia de enredos, llena de equ\u00edvocos y musicalmente rica en d\u00faos, arias y coros de una calidad excepcional, sigue latiendo con poder\u00edo en un montaje que ya se podr\u00eda calificar de cl\u00e1sico.<\/p>\n<p>La escenograf\u00eda y vestuario de <strong>Marcelo Grande<\/strong> transfieren la acci\u00f3n de L\u2019elisir donizettiano a la \u00e9poca mussoliniana, convirtiendo al pelot\u00f3n del sargento Belcore en un contingente de camicie nere y ofreciendo la trama de forma muy eficaz en una peque\u00f1a plaza de un barrio obrero con una muy adecuada caracterizaci\u00f3n de los personajes.<\/p>\n<p>Lamentablemente, antes de iniciarse la funci\u00f3n de estreno, se anuncio que el tenor mexicano Javier Camarena estaba indispuesto y que cantar\u00eda en su lugar el tenor programado para el tercer reparto de la quincena de funciones de esta reposici\u00f3n, el cantante criado en Nueva Zelanda de ascendencia tongana <strong>Filipe Manu<\/strong>. Toda una oportunidad para este joven int\u00e9rprete, ganador del Concurso Tenor Vi\u00f1as 2024, que organiza el Liceu y que ha pasado por el programa de formaci\u00f3n del Covent Garden de Londres. Y el artista supo aprovecharla, porque cumpli\u00f3 con adecuaci\u00f3n con el papel de Nemorino; en todo caso lo defendi\u00f3 con una voz blanquecina, de escasa proyecci\u00f3n y agudos poco punzantes. A su lado debutaba el papel de Adina la soprano local <strong>Serena S\u00e1enz<\/strong>, quien ofreci\u00f3 una lectura excelsa del personaje, vital y elegante a nivel actoral, de firme emisi\u00f3n canora y espectacular registro agudo por proyecci\u00f3n y t\u00e9cnica; fue capaz de modular la voz a conciencia, dejando en ocasiones en evidencia al tenor.<\/p>\n<p>Excelente vocal y dram\u00e1ticamente el Belcore del bar\u00edtono brit\u00e1nico <strong>Huw Montague Rendall<\/strong>, quien debutaba tambi\u00e9n en el coliseo de La Rambla. Muy meritoria tambi\u00e9n la interpretaci\u00f3n de Gianetta de la soprano de Tarrasa <strong>Anna Farr\u00e9s<\/strong> en un reparto eminentemente joven que cont\u00f3 con el Dr. Dulcamara del gran bar\u00edtono italiano <strong>Ambrogio Maestri<\/strong> como puntal de la representaci\u00f3n: carism\u00e1tico, de voz intensa y profunda, nuevamente demostr\u00f3 se un int\u00e9rprete ideal para este tipo de personajes, con un silabato excelso y una presencia esc\u00e9nica comunicativa y cargada de simpat\u00eda que hizo las delicias del p\u00fablico en una producci\u00f3n que le brinda un gran protagonismo, especialmente con la repetici\u00f3n de la escena final desde el patio de butacas, como propina nada improvisada.<\/p>\n<p>El Coro del <a href=\"https:\/\/www.liceubarcelona.cat\/es\/lelisir-damore\" target=\"_blank\" rel=\"noopener nofollow\">Gran Teatre<\/a> ofreci\u00f3 una lectura muy eficaz y empastada formando parte activa de un montaje que juega muy eficazmente con sus movimientos y caracterizaciones, especialmente en las escenas finales de cada acto. El director musical venezolano <strong>Diego Matheuz<\/strong>, proveniente, como su valedor Gustavo Dudamel, de El Sistema, ofreci\u00f3 una lectura sin duda interesante de la partitura, aunque en ocasiones en exceso trepidante, tap\u00f3 a algunos de los solistas con excesos de volumen orquestal y en diversas escenas no adecu\u00f3 el foso a la acci\u00f3n sobre el escenario. Aun as\u00ed obtuvo numerosos aplausos al final de la velada junto al resto de solistas, orquesta, coro y figurantes. <strong>* Fernando SANS RIVI\u00c8RE, director de \u00d3PERA ACTUAL<\/strong><\/p>\n","protected":false},"excerpt":{"rendered":"A pesar de que ha cumplido cuatro d\u00e9cadas de andadura y de ser la quinta vez que se&hellip;\n","protected":false},"author":2,"featured_media":251978,"comment_status":"","ping_status":"","sticky":false,"template":"","format":"standard","meta":{"footnotes":""},"categories":[91],"tags":[63738,63739,63740,63741,146,147,25,24,63742,63743,63744,63745,42740,63746,23],"class_list":{"0":"post-251977","1":"post","2":"type-post","3":"status-publish","4":"format-standard","5":"has-post-thumbnail","7":"category-entretenimiento","8":"tag-ambrogio-maestri","9":"tag-anna-farres","10":"tag-cor-del-gran-teatre-del-liceu","11":"tag-diego-matheuz","12":"tag-entertainment","13":"tag-entretenimiento","14":"tag-es","15":"tag-espana","16":"tag-filipe-manu","17":"tag-huw-montague-rendall","18":"tag-leo-castaldi","19":"tag-mario-gas","20":"tag-orquestra-simfonica-del-gran-teatre-del-liceu","21":"tag-serena-saenz","22":"tag-spain"},"share_on_mastodon":{"url":"https:\/\/pubeurope.com\/@es\/115600860404665354","error":""},"_links":{"self":[{"href":"https:\/\/www.europesays.com\/es\/wp-json\/wp\/v2\/posts\/251977","targetHints":{"allow":["GET"]}}],"collection":[{"href":"https:\/\/www.europesays.com\/es\/wp-json\/wp\/v2\/posts"}],"about":[{"href":"https:\/\/www.europesays.com\/es\/wp-json\/wp\/v2\/types\/post"}],"author":[{"embeddable":true,"href":"https:\/\/www.europesays.com\/es\/wp-json\/wp\/v2\/users\/2"}],"replies":[{"embeddable":true,"href":"https:\/\/www.europesays.com\/es\/wp-json\/wp\/v2\/comments?post=251977"}],"version-history":[{"count":0,"href":"https:\/\/www.europesays.com\/es\/wp-json\/wp\/v2\/posts\/251977\/revisions"}],"wp:featuredmedia":[{"embeddable":true,"href":"https:\/\/www.europesays.com\/es\/wp-json\/wp\/v2\/media\/251978"}],"wp:attachment":[{"href":"https:\/\/www.europesays.com\/es\/wp-json\/wp\/v2\/media?parent=251977"}],"wp:term":[{"taxonomy":"category","embeddable":true,"href":"https:\/\/www.europesays.com\/es\/wp-json\/wp\/v2\/categories?post=251977"},{"taxonomy":"post_tag","embeddable":true,"href":"https:\/\/www.europesays.com\/es\/wp-json\/wp\/v2\/tags?post=251977"}],"curies":[{"name":"wp","href":"https:\/\/api.w.org\/{rel}","templated":true}]}}