{"id":251984,"date":"2025-11-23T20:21:12","date_gmt":"2025-11-23T20:21:12","guid":{"rendered":"https:\/\/www.europesays.com\/es\/251984\/"},"modified":"2025-11-23T20:21:12","modified_gmt":"2025-11-23T20:21:12","slug":"sanchez-allana-el-camino-para-que-conde-pumpido-corrija-la-condena-al-fiscal-general","status":"publish","type":"post","link":"https:\/\/www.europesays.com\/es\/251984\/","title":{"rendered":"S\u00e1nchez allana el camino para que Conde-Pumpido corrija la condena al fiscal general"},"content":{"rendered":"<p style=\"\">Era el primer pronunciamiento p\u00fablico del presidente del Gobierno sobre el fiscal general del Estado tras <a href=\"https:\/\/www.abc.es\/espana\/supremo-condena-fiscal-general-estado-revelacion-secretos-20251120140311-nt.html\" target=\"_self\" data-voc-vtm-id=\"in-text-traffic\" title=\"su condena\" data-mrf-link=\"www.abc.es\" rel=\"nofollow noopener\">su condena<\/a>. Y adem\u00e1s de <a href=\"https:\/\/www.abc.es\/espana\/pedro-sanchez-muestra-discrepancia-condena-garcia-ortiz-20251123132654-nt.html\" target=\"_self\" data-voc-vtm-id=\"in-text-traffic\" title=\"reafirmarse\" data-mrf-link=\"www.abc.es\" rel=\"nofollow noopener\">reafirmarse<\/a> en su <strong>\u00abinocencia\u00bb<\/strong> -como ya hizo durante el juicio hace unos d\u00edas- Pedro S\u00e1nchez quiso apuntar ya a \u00abotras  &#8230; instancias jurisdiccionales\u00bb cuando se conozca la sentencia \u00edntegra. Desde Johannesburgo, capital de Sud\u00e1frica, donde acudi\u00f3 este fin de semana a la cumbre del G-20, el presidente dio por hecho que la sentencia<strong> tendr\u00e1 \u00abaspectos controvertidos\u00bb<\/strong> que \u00abtendr\u00e1n que dirimirse\u00bb en esas instancias, en clara referencia al <strong>Tribunal Constitucional<\/strong> e incluso a la justicia europea.<\/p>\n<p class=\"voc-p\" style=\"\">A pesar de que S\u00e1nchez confirm\u00f3 que su Gobierno \u00abacata\u00bb el fallo adelantado por la Sala de lo Penal del Tribunal Supremo el pasado jueves, tambi\u00e9n quiso insistir en que <a href=\"https:\/\/www.abc.es\/espana\/pedro-sanchez-muestra-discrepancia-condena-garcia-ortiz-20251123132654-nt.html\" target=\"_self\" data-voc-vtm-id=\"in-text-traffic\" title=\"\u00ablo lamentan\u00bb y \u00abno lo comparten\u00bb.\" data-mrf-link=\"www.abc.es\" rel=\"nofollow noopener\">\u00ablo lamentan\u00bb y \u00abno lo comparten\u00bb.<\/a>\u00a0<\/p>\n<p class=\"voc-p\" style=\"\">\u00abRespetamos las sentencias, las acatamos, pero en una sociedad democr\u00e1tica podemos manifestar nuestra discrepancia. Creo en la inocencia de \u00c1lvaro Garc\u00eda Ortiz\u00bb, repiti\u00f3 el presidente, sin llegar tan lejos en sus manifestaciones como otros ministros, empezando por \u00d3scar L\u00f3pez, rival de Isabel D\u00edaz Ayuso en la Comunidad de Madrid, y que en los \u00faltimos d\u00edas ha criticado con dureza a los magistrados del Supremo.<\/p>\n<p class=\"voc-p\" style=\"\">Lo que s\u00ed hizo el presidente es repetir algunos de sus argumentos: \u00abCreo en los testimonios que han dado periodistas de dilatada experiencia y que han manifestado que el fiscal no era el origen de las filtraciones\u00bb, insisti\u00f3 apuntando a los informadores de &#8216;El Pa\u00eds&#8217;, la &#8216;Cadena Ser&#8217; y &#8216;eldiario.es&#8217; que durante el juicio aseguraron que su fuente no era Garc\u00eda Ortiz a las repetidas preguntas sobre ello.<\/p>\n<p class=\"voc-p\" style=\"\">Cuando se conoci\u00f3 el fallo condenatorio, el ministro de Justicia, <strong>F\u00e9lix Bola\u00f1os,<\/strong> confirm\u00f3 que el Ejecutivo nombrar\u00eda en los pr\u00f3ximos d\u00edas a un nuevo fiscal general del Estado. <strong>El relevo, entonces, se espera muy r\u00e1pido<\/strong>. El presidente no quiso dar pistas sobre los nombres que barajas ni tampoco habl\u00f3 del perfil en el que piensan durante la rueda de prensa. S\u00ed confirm\u00f3 que habr\u00e1 nombramiento m\u00e1s pronto que tarde. \u00abYa lo sabr\u00e1n cuando corresponda\u00bb, zanj\u00f3.<\/p>\n<p class=\"voc-p\" style=\"\">Y tambi\u00e9n allan\u00f3 el camino para que el Tribunal Constitucional, presidido por C\u00e1ndido Conde-Pumpido, pueda corregir la decisi\u00f3n del Supremo m\u00e1s adelante. En Moncloa tienen esa idea en la cabeza desde el mismo jueves cuando el fallo se hizo p\u00fablico, <a href=\"https:\/\/www.abc.es\/espana\/moncloa-instara-fiscal-general-recurra-constitucional-dispuesta-20251121042630-nt.html\" target=\"_self\" data-voc-vtm-id=\"in-text-traffic\" title=\"como ya public\u00f3 ABC\" data-mrf-link=\"www.abc.es\" rel=\"nofollow noopener\">como ya public\u00f3 ABC<\/a>. <\/p>\n<p class=\"voc-p\" style=\"\">A pesar de que el presidente del Gobierno evit\u00f3 abrir una guerra con los magistrados del Supremo en sus declaraciones, hubo un dardo muy evidente dirigido a <strong>Manuel Marchena<\/strong>.<\/p>\n<p class=\"voc-p\" style=\"\">\u00abNo me habr\u00e1n escuchado decir que vamos a controlar la Sala Segunda, que es la Sala de lo Penal del Supremo, por la puerta de atr\u00e1s\u00bb, afirm\u00f3, en alusi\u00f3n a lo que ocurri\u00f3 en 2018, cuando el Gobierno pact\u00f3 con el PP de Pablo Casado que fuera Marchena quien ocupara la presidencia del CGPJ. <\/p>\n<p class=\"voc-p\" style=\"\">Entonces, el portavoz popular en el Senado, Ignacio Cosid\u00f3, escribi\u00f3 en un chat con todos los senadores de su partido que ese movimiento permitir\u00eda al PP controlar el Supremo a trav\u00e9s de Marchena. <strong>Una mancha que sigue persiguiendo a los populares<\/strong> y que S\u00e1nchez no dud\u00f3 en utilizar, sobre todo, para se\u00f1alar al magistrado como art\u00edfice de la condena al fiscal general.<\/p>\n","protected":false},"excerpt":{"rendered":"Era el primer pronunciamiento p\u00fablico del presidente del Gobierno sobre el fiscal general del Estado tras su condena.&hellip;\n","protected":false},"author":2,"featured_media":251985,"comment_status":"","ping_status":"","sticky":false,"template":"","format":"standard","meta":{"footnotes":""},"categories":[8],"tags":[41909,17,18,5141,793,63747,63748,25,24,13,14,6987,3015,11,19,20,9,10,15,16,199,23,12,21,22],"class_list":{"0":"post-251984","1":"post","2":"type-post","3":"status-publish","4":"format-standard","5":"has-post-thumbnail","7":"category-espana","8":"tag-allana","9":"tag-breaking-news","10":"tag-breakingnews","11":"tag-camino","12":"tag-condena","13":"tag-condepumpido","14":"tag-corrija","15":"tag-es","16":"tag-espana","17":"tag-featured-news","18":"tag-featurednews","19":"tag-fiscal","20":"tag-general","21":"tag-headlines","22":"tag-latest-news","23":"tag-latestnews","24":"tag-news","25":"tag-noticias","26":"tag-noticias-destacadas","27":"tag-noticiasdestacadas","28":"tag-sanchez","29":"tag-spain","30":"tag-titulares","31":"tag-ultimas-noticias","32":"tag-ultimasnoticias"},"share_on_mastodon":{"url":"https:\/\/pubeurope.com\/@es\/115600876163200013","error":""},"_links":{"self":[{"href":"https:\/\/www.europesays.com\/es\/wp-json\/wp\/v2\/posts\/251984","targetHints":{"allow":["GET"]}}],"collection":[{"href":"https:\/\/www.europesays.com\/es\/wp-json\/wp\/v2\/posts"}],"about":[{"href":"https:\/\/www.europesays.com\/es\/wp-json\/wp\/v2\/types\/post"}],"author":[{"embeddable":true,"href":"https:\/\/www.europesays.com\/es\/wp-json\/wp\/v2\/users\/2"}],"replies":[{"embeddable":true,"href":"https:\/\/www.europesays.com\/es\/wp-json\/wp\/v2\/comments?post=251984"}],"version-history":[{"count":0,"href":"https:\/\/www.europesays.com\/es\/wp-json\/wp\/v2\/posts\/251984\/revisions"}],"wp:featuredmedia":[{"embeddable":true,"href":"https:\/\/www.europesays.com\/es\/wp-json\/wp\/v2\/media\/251985"}],"wp:attachment":[{"href":"https:\/\/www.europesays.com\/es\/wp-json\/wp\/v2\/media?parent=251984"}],"wp:term":[{"taxonomy":"category","embeddable":true,"href":"https:\/\/www.europesays.com\/es\/wp-json\/wp\/v2\/categories?post=251984"},{"taxonomy":"post_tag","embeddable":true,"href":"https:\/\/www.europesays.com\/es\/wp-json\/wp\/v2\/tags?post=251984"}],"curies":[{"name":"wp","href":"https:\/\/api.w.org\/{rel}","templated":true}]}}