{"id":251986,"date":"2025-11-23T20:22:10","date_gmt":"2025-11-23T20:22:10","guid":{"rendered":"https:\/\/www.europesays.com\/es\/251986\/"},"modified":"2025-11-23T20:22:10","modified_gmt":"2025-11-23T20:22:10","slug":"espana-pierdela-copa-davis-2025-ante-italia-resumen-y-cronica","status":"publish","type":"post","link":"https:\/\/www.europesays.com\/es\/251986\/","title":{"rendered":"Espa\u00f1a pierde]la Copa Davis 2025 ante Italia: resumen y cr\u00f3nica"},"content":{"rendered":"<p>Hicieron so\u00f1ar a todo Espa\u00f1a, pero la todopoderosa Italia despert\u00f3 al cuarteto m\u00e1gico que se present\u00f3 en Bolonia con la intenci\u00f3n de hacer historia. La derrota de Carre\u00f1o ante Berrettini por 6-3, 6-4 puso contra las cuerdas al equipo espa\u00f1ol, y esta vez Jaume Munar no pudo lograr la machada de derrotar a Cobolli ante un Bologna Fiere que se convirti\u00f3 en una olla a presi\u00f3n, dando alas al italiano cuando peor estaba para volver a ganar de forma \u00e9pica un duelo que pudo caer de cualquier lado (1-6, 7-6, 7-5).<\/p>\n<p>SEGUIR\u00c1 AMPLIACI\u00d3N<\/p>\n<p>Espa\u00f1a \u2013 Italia | Resumen del segundo partido | Copa Davis 2025 <\/p>\n","protected":false},"excerpt":{"rendered":"Hicieron so\u00f1ar a todo Espa\u00f1a, pero la todopoderosa Italia despert\u00f3 al cuarteto m\u00e1gico que se present\u00f3 en Bolonia&hellip;\n","protected":false},"author":2,"featured_media":251987,"comment_status":"","ping_status":"","sticky":false,"template":"","format":"standard","meta":{"footnotes":""},"categories":[5],"tags":[17,18,25,24,13,14,11,19,20,9,10,15,16,23,12,21,22],"class_list":{"0":"post-251986","1":"post","2":"type-post","3":"status-publish","4":"format-standard","5":"has-post-thumbnail","7":"category-titulares","8":"tag-breaking-news","9":"tag-breakingnews","10":"tag-es","11":"tag-espana","12":"tag-featured-news","13":"tag-featurednews","14":"tag-headlines","15":"tag-latest-news","16":"tag-latestnews","17":"tag-news","18":"tag-noticias","19":"tag-noticias-destacadas","20":"tag-noticiasdestacadas","21":"tag-spain","22":"tag-titulares","23":"tag-ultimas-noticias","24":"tag-ultimasnoticias"},"share_on_mastodon":{"url":"https:\/\/pubeurope.com\/@es\/115600879995298118","error":""},"_links":{"self":[{"href":"https:\/\/www.europesays.com\/es\/wp-json\/wp\/v2\/posts\/251986","targetHints":{"allow":["GET"]}}],"collection":[{"href":"https:\/\/www.europesays.com\/es\/wp-json\/wp\/v2\/posts"}],"about":[{"href":"https:\/\/www.europesays.com\/es\/wp-json\/wp\/v2\/types\/post"}],"author":[{"embeddable":true,"href":"https:\/\/www.europesays.com\/es\/wp-json\/wp\/v2\/users\/2"}],"replies":[{"embeddable":true,"href":"https:\/\/www.europesays.com\/es\/wp-json\/wp\/v2\/comments?post=251986"}],"version-history":[{"count":0,"href":"https:\/\/www.europesays.com\/es\/wp-json\/wp\/v2\/posts\/251986\/revisions"}],"wp:featuredmedia":[{"embeddable":true,"href":"https:\/\/www.europesays.com\/es\/wp-json\/wp\/v2\/media\/251987"}],"wp:attachment":[{"href":"https:\/\/www.europesays.com\/es\/wp-json\/wp\/v2\/media?parent=251986"}],"wp:term":[{"taxonomy":"category","embeddable":true,"href":"https:\/\/www.europesays.com\/es\/wp-json\/wp\/v2\/categories?post=251986"},{"taxonomy":"post_tag","embeddable":true,"href":"https:\/\/www.europesays.com\/es\/wp-json\/wp\/v2\/tags?post=251986"}],"curies":[{"name":"wp","href":"https:\/\/api.w.org\/{rel}","templated":true}]}}