{"id":251994,"date":"2025-11-23T20:32:13","date_gmt":"2025-11-23T20:32:13","guid":{"rendered":"https:\/\/www.europesays.com\/es\/251994\/"},"modified":"2025-11-23T20:32:13","modified_gmt":"2025-11-23T20:32:13","slug":"te-encaprichas-de-la-persona-con-la-que-estas-trabajando-pero-cuando-acabas-la-pelicula-vuelves-a-tu-vida-normal-en-este-caso-no-fue-asi-por-lo-que-tuvimos-que-pasar-a-la-accion-y-ser-sinceros-con","status":"publish","type":"post","link":"https:\/\/www.europesays.com\/es\/251994\/","title":{"rendered":"Te encaprichas de la persona con la que est\u00e1s trabajando, pero cuando acabas la pel\u00edcula vuelves a tu vida normal. En este caso no fue as\u00ed, por lo que tuvimos que pasar a la acci\u00f3n y ser sinceros con nuestras vidas"},"content":{"rendered":"<p data-gtm-element-container=\"modulo-texto-link\" class=\"paragraph\"><a href=\"https:\/\/www.imdb.com\/es-es\/name\/nm0000104\/\" rel=\"nofollow noreferrer noopener\" target=\"_blank\">Antonio Banderas<\/a> cuenta c\u00f3mo empez\u00f3 su relaci\u00f3n con Melanie Griffith desde un punto de sinceridad: \u00abCuando nos conocimos, los dos est\u00e1bamos casados, pero nuestros matrimonios no funcionaban\u00bb, declar\u00f3 en una <a href=\"https:\/\/www.elle.com\/es\/living\/ocio-cultura\/a64887103\/antonio-banderas-sobre-melanie-griffith-matrimonio-dos-casados\/\" rel=\"nofollow noreferrer noopener\" target=\"_blank\">entrevista recogida por Elle<\/a>. Esta revelaci\u00f3n, tan \u00edntima como vulnerable, refleja que su<strong> v\u00ednculo naci\u00f3 en un momento complicado de sus vidas, pero con una qu\u00edmica tan fuerte que no pudieron ignorarla<\/strong>. Ambos decidieron ser honestos con sus respectivas parejas y con ellos mismos, dando un paso valiente hacia lo que finalmente se convertir\u00eda en un amor duradero.<\/p>\n<p data-gtm-element-container=\"modulo-texto-link\" class=\"paragraph\">Para Banderas, no fue simplemente un flechazo de set: <strong>su atracci\u00f3n creci\u00f3 r\u00e1pido, con llamadas, encuentros continuos y la necesidad de construir algo real<\/strong>. Aun sabiendo que sus vidas estaban en tensi\u00f3n, optaron por actuar con responsabilidad y pasi\u00f3n, conscientes de que lo que estaban iniciando era m\u00e1s que un romance pasajero.<\/p>\n<blockquote class=\"instagram-media\" data-instgrm-captioned=\"\" data-instgrm-version=\"6\" style=\"background: #FFF; border: 0; border-radius: 3px; box-shadow: 0 0 1px 0 rgba(0,&#10;0, 0, 0.5), 0 1px 10px 0 rgba(0, 0, 0, 0.15); margin: 1px; max-width: 658px; padding: 0;&#10;width: 99.375%; width: -webkit-calc(100% - 2px); width: calc(100% - 2px);\">\n<\/blockquote>\n<p>Una relaci\u00f3n que evolucion\u00f3 junto a su familia<\/p>\n<p data-gtm-element-container=\"modulo-texto-link\" class=\"paragraph\">A lo largo de los a\u00f1os, su relaci\u00f3n con Griffith madur\u00f3 hasta convertirse en un compromiso profundo. Tuvieron una hija juntos, y su vida familiar demostr\u00f3 que <strong>su amor trascend\u00eda la fama y el glamour: para Antonio, Melanie segu\u00eda siendo una parte esencial<\/strong> de su mundo, incluso cuando tomaron caminos distintos. En sus palabras, la madurez que alcanzaron les permiti\u00f3 construir una amistad basada en el respeto y la admiraci\u00f3n mutua.<\/p>\n<p data-gtm-element-container=\"modulo-texto-link\" class=\"paragraph\">Aunque se divorciaron, Banderas ha insistido en que <a href=\"https:\/\/www.lavanguardia.com\/magazine\/protagonistas\/20241229\/10236498\/admirable-relacion-antonio-banderas-melanie-griffith-diez-anos-divorcio-todavia-mi-familia-gvm2.html\" rel=\"nofollow noreferrer noopener\" target=\"_blank\">su relaci\u00f3n con Griffith no termin\u00f3 con resentimientos<\/a>, sino con cari\u00f1o y gratitud. \u00c9l admite que el ingrediente clave ha sido su <strong>responsabilidad como padres: anteponer siempre el bienestar de su hija y mantener una conexi\u00f3n sincera y respetuosa<\/strong>. Su visi\u00f3n de ese v\u00ednculo es inspiradora: el amor puede cambiar de forma, pero su base debe seguir siendo el respeto incondicional.<\/p>\n<blockquote class=\"instagram-media\" data-instgrm-captioned=\"\" data-instgrm-version=\"6\" style=\"background: #FFF; border: 0; border-radius: 3px; box-shadow: 0 0 1px 0 rgba(0,&#10;0, 0, 0.5), 0 1px 10px 0 rgba(0, 0, 0, 0.15); margin: 1px; max-width: 658px; padding: 0;&#10;width: 99.375%; width: -webkit-calc(100% - 2px); width: calc(100% - 2px);\">\n<\/blockquote>\n<p>Reflexiones sobre el amor y la separaci\u00f3n<\/p>\n<p data-gtm-element-container=\"modulo-texto-link\" class=\"paragraph\">En su reflexi\u00f3n, Banderas subraya que para \u00e9l el amor no es solo un sentimiento, sino una decisi\u00f3n consciente. Asegura que, aunque no logr\u00f3 mantener su matrimonio con Melanie, aprendi\u00f3 que <strong>el verdadero reto de una relaci\u00f3n duradera est\u00e1 en el trabajo diario y en la capacidad de admirar al otro<\/strong>. Esa lecci\u00f3n, dice, es lo que realmente importa con el paso del tiempo.<\/p>\n<p data-gtm-element-container=\"modulo-texto-link\" class=\"paragraph\">Adem\u00e1s, confiesa que uno de sus mayores deseos tras su separaci\u00f3n era conservar algo a\u00fan m\u00e1s valioso que el matrimonio: una amistad genuina. Para \u00e9l, Melanie es, hoy, <strong>mucho m\u00e1s que una ex; es alguien que sigue siendo parte de su vida, un apoyo y un pilar familiar<\/strong>. Esa reconciliaci\u00f3n personal habla de madurez emocional y de un v\u00ednculo que desaf\u00eda los convencionalismos.<\/p>\n<p>    Lee tambi\u00e9n<\/p>\n<p data-gtm-element-container=\"modulo-texto-link\" class=\"paragraph\">La historia de Banderas y Griffith no es solo un romance de Hollywood: es <strong>una lecci\u00f3n sobre c\u00f3mo amar, cambiar y seguir adelante sin renunciar al cari\u00f1o<\/strong>. Aunque su matrimonio no dur\u00f3 para siempre, su relaci\u00f3n ha dejado huellas profundas en sus vidas y en la de su hija. Para Antonio, ese cap\u00edtulo de su vida es un tesoro del que a\u00fan se siente orgulloso.<\/p>\n<p data-gtm-element-container=\"modulo-texto-link\" class=\"paragraph\">Consciente de lo que vivi\u00f3 y lo que aprendi\u00f3, \u00e9l <strong>afirma que su relaci\u00f3n con Melanie define una parte esencial de su historia personal<\/strong>: no solo como pareja, sino como padres, compa\u00f1eros y amigos. Y es ese legado el que, seg\u00fan \u00e9l, perdura como su verdadera herencia m\u00e1s valiosa.<\/p>\n","protected":false},"excerpt":{"rendered":"Antonio Banderas cuenta c\u00f3mo empez\u00f3 su relaci\u00f3n con Melanie Griffith desde un punto de sinceridad: \u00abCuando nos conocimos,&hellip;\n","protected":false},"author":2,"featured_media":251995,"comment_status":"","ping_status":"","sticky":false,"template":"","format":"standard","meta":{"footnotes":""},"categories":[174],"tags":[255,146,147,25,24,256,23],"class_list":{"0":"post-251994","1":"post","2":"type-post","3":"status-publish","4":"format-standard","5":"has-post-thumbnail","7":"category-famosos","8":"tag-celebrities","9":"tag-entertainment","10":"tag-entretenimiento","11":"tag-es","12":"tag-espana","13":"tag-famosos","14":"tag-spain"},"share_on_mastodon":{"url":"https:\/\/pubeurope.com\/@es\/115600919552751782","error":""},"_links":{"self":[{"href":"https:\/\/www.europesays.com\/es\/wp-json\/wp\/v2\/posts\/251994","targetHints":{"allow":["GET"]}}],"collection":[{"href":"https:\/\/www.europesays.com\/es\/wp-json\/wp\/v2\/posts"}],"about":[{"href":"https:\/\/www.europesays.com\/es\/wp-json\/wp\/v2\/types\/post"}],"author":[{"embeddable":true,"href":"https:\/\/www.europesays.com\/es\/wp-json\/wp\/v2\/users\/2"}],"replies":[{"embeddable":true,"href":"https:\/\/www.europesays.com\/es\/wp-json\/wp\/v2\/comments?post=251994"}],"version-history":[{"count":0,"href":"https:\/\/www.europesays.com\/es\/wp-json\/wp\/v2\/posts\/251994\/revisions"}],"wp:featuredmedia":[{"embeddable":true,"href":"https:\/\/www.europesays.com\/es\/wp-json\/wp\/v2\/media\/251995"}],"wp:attachment":[{"href":"https:\/\/www.europesays.com\/es\/wp-json\/wp\/v2\/media?parent=251994"}],"wp:term":[{"taxonomy":"category","embeddable":true,"href":"https:\/\/www.europesays.com\/es\/wp-json\/wp\/v2\/categories?post=251994"},{"taxonomy":"post_tag","embeddable":true,"href":"https:\/\/www.europesays.com\/es\/wp-json\/wp\/v2\/tags?post=251994"}],"curies":[{"name":"wp","href":"https:\/\/api.w.org\/{rel}","templated":true}]}}