{"id":252006,"date":"2025-11-23T20:40:21","date_gmt":"2025-11-23T20:40:21","guid":{"rendered":"https:\/\/www.europesays.com\/es\/252006\/"},"modified":"2025-11-23T20:40:21","modified_gmt":"2025-11-23T20:40:21","slug":"llega-el-invierno-pediatra-anima-a-los-padres-a-vacunar-a-sus-hijos","status":"publish","type":"post","link":"https:\/\/www.europesays.com\/es\/252006\/","title":{"rendered":"Llega el invierno: pediatra anima a los padres a vacunar a sus hijos"},"content":{"rendered":"<p>Durham.-<strong> <\/strong>Vacunar a los ni\u00f1os puede evitar que sufran las consecuencias de enfermedades respiratorias que alcanzan su pico entre enero y febrero.<\/p>\n<p>En ese sentido, la pediatra <a href=\"https:\/\/www.doctoragabriela.org\/\" rel=\"nofollow noopener\" target=\"_blank\">Gabriela Maradiaga Panayoti<\/a> pidi\u00f3 a los padres que conf\u00eden en las vacunas contra la influenza y el COVID-19 como una manera segura para proteger a sus hijos y al resto de la familia.<\/p>\n<p>Respecto a las dudas de si vacunar o no a los ni\u00f1os contra la influenza, la pediatra nos recuerda que no se trata de una gripe, como muchos pueden creer de forma equivocada.\u00a0<\/p>\n<p>\u201cLa influenza es m\u00e1s fuerte que una gripe y no es COVID-19.\u00a0Puede dejar al ni\u00f1o en cama, puede contagiar a otros chicos y el padre o la madre tendr\u00e1 que quedarse a cuidar al hijo enfermo en casa y\u00a0podr\u00eda perder\u00a0un d\u00eda de trabajo\u201d, advierte la pediatra en conversaci\u00f3n con Qu\u00e9 Pasa.\u00a0<\/p>\n<p>Y a\u00f1ade que muchas veces es tan grave la influenza que los menores acaban en el hospital, ya que el mal respiratorio deriva en neumon\u00eda. Inclusive,\u00a0hay ni\u00f1os que mueren todos los a\u00f1os, \u201cpero la\u00a0mayor\u00eda\u00a0de estos casos se pueden prevenir con la vacuna\u201d.<\/p>\n<p>Asimismo, explica que \u201csi los padres vacunan a sus hijos contra la influenza, puede que sean afectados, pero\u00a0es probable que los s\u00edntomas sean mucho menos severos que en quien no ha sido vacunado\u201d.<\/p>\n<p>En septiembre empezaron en Carolina del Norte las campa\u00f1as de <a href=\"https:\/\/quepasamedia.com\/noticias-locales\/charlotte\/aumento-de-contagios-de-mpox-en-mecklenburg\/\" rel=\"nofollow noopener\" target=\"_blank\">vacunaci\u00f3n<\/a> contra la influenza porque el invierno est\u00e1 por llegar y los picos de las enfermedades respiratorias se dan en enero y febrero. <\/p>\n<p>\u201cHay muchas facilidades para aplicarlas y el seguimiento respectivo de los casos\u201d, explica la pediatra.<\/p>\n<p>Vale recordar que hay distintas organizaciones de la comunidad que emprenden campa\u00f1as de vacunaci\u00f3n en varios puntos.<\/p>\n<p>Se trata de ferias, establecimientos y lugares de conveniencia que las ofrecen en horario fijo y esa informaci\u00f3n tambi\u00e9n llega por correo electr\u00f3nico, WhatsApp, Facebook y otros medios de comunicaci\u00f3n.<\/p>\n<p><img loading=\"lazy\" decoding=\"async\" width=\"1024\" height=\"576\" src=\"https:\/\/www.europesays.com\/es\/wp-content\/uploads\/2025\/11\/Diseno-sin-titulo-17_page-0001-1-1024x576.jpg\" alt=\"\" class=\"wp-image-2691967\"  \/>La Dra. Gabriela Maradiaga explica lo importancia de vacunar a los ni\u00f1os en esta \u00e9poca del a\u00f1o.<\/p>\n<p>Las vacunas son seguras<\/p>\n<p>La doctora Maradiaga se\u00f1ala que es muy positivo que la mayor\u00eda de las familias latinas de Carolina del Norte conf\u00eden en los programas de vacunaci\u00f3n.<\/p>\n<p>Reitera que, si bien los cuestionamientos hacia las vacunas no son algo nuevo y se dan en todos los sectores, tambi\u00e9n es cierto que muchas de esas dudas nacen de la desinformaci\u00f3n que se propaga principalmente por las redes sociales y WhatsApp.\u00a0<\/p>\n<p>Sobre cu\u00e1les son las vacunas que m\u00e1s dudas provocan entre los padres de familia, la pediatra explica que la del COVID-19 ocupa el primer lugar y que lamentablemente le sigue la de la influenza.\u00a0<\/p>\n<p>Uno de los motivos principales, advierte, es que hay quienes tienen la idea de que el COVID-19 ya dej\u00f3 de ser una amenaza o no existe y que la vacuna puede convertirse en un riesgo para los beb\u00e9s y ni\u00f1os que la reciben.\u00a0<\/p>\n<p>La confianza entre el m\u00e9dico y el paciente<\/p>\n<p>Sobre c\u00f3mo abordan los pediatras este panorama de desconfianza, la doctora Maradiaga dice que para los pediatras, no son nuevas las dudas sobre las vacunas, solo que han aumentado.<\/p>\n<p>Si bien eso a veces puede ser desgastante para los pediatras, no por ello dejar\u00e1n de trabajar para resolver cualquier duda de sus pacientes y ofrecerles datos comprobados por la ciencia, para que los ni\u00f1os accedan a los programas de vacunaci\u00f3n.<\/p>\n<p>Por ello, explica que es muy importante mantener esa relaci\u00f3n de confianza m\u00e9dico-paciente. \u201cLes agradecemos que conf\u00eden en nosotros como m\u00e9dicos, pues ver\u00e1n que jam\u00e1s minimizamos las consultas que tengan. Les damos respuestas y una explicaci\u00f3n seria a todos cada vez que nos lo pregunten\u201d.<\/p>\n<p>Pero considera que son los expertos quienes deben llevar adelante los temas de salud para no provocar dudas entre la gente. <\/p>\n<p>Como ejemplo, record\u00f3 que el sarampi\u00f3n, uno de los virus m\u00e1s contagiosos que existen, necesita una tasa de vacunaci\u00f3n encima del 95% para que no haya brotes.\u00a0<\/p>\n<p>Sin embargo, advierte que hay comunidades de Estados Unidos donde la tasa de vacunaci\u00f3n del sarampi\u00f3n est\u00e1 entre el 70 y 80%.\u00a0<\/p>\n<p>\u201cEn Carolina del Norte contamos con un muy buen programa de salud p\u00fablica y nuestros gobernantes s\u00ed se fijan bastante en la ciencia, ello nos ayuda mucho a todos\u201d, indica.<\/p>\n<p>\u201cAdem\u00e1s, les suelo contar a las madres en la consulta que las vacunas tambi\u00e9n las he aplicado a mis hijos y que jam\u00e1s les aplicar\u00eda a ellos algo si no pensara que el beneficio pesar\u00e1 m\u00e1s que el riesgo, porque las consecuencias de no vacunarse pueden ser graves\u201d, a\u00f1ade la pediatra.<\/p>\n<p>Recomendaciones a los padres de familia<\/p>\n<p>Uno de los consejos m\u00e1s importantes de la doctora Maradiaga es redefinir el riesgo. Si bien los padres tienen la opci\u00f3n de decidir si vacunan o no a sus hijos, es relevante tener en cuenta que si consideran que escoger el \u201cno\u201d, es exponer al ni\u00f1o a las enfermedades que la vacuna previene.\u00a0<\/p>\n<p>Por eso, reitera que lo mejor es resolver todas las dudas y preguntas con los profesionales que saben del tema.<\/p>\n<p><img loading=\"lazy\" decoding=\"async\" width=\"1024\" height=\"683\" src=\"https:\/\/www.europesays.com\/es\/wp-content\/uploads\/2025\/11\/medico-masculino-sosteniendo-un-algodon-en-los-hombros-de-un-nino-despues-de-una-vacunacion-1024x683.jpeg\" alt=\"\" class=\"wp-image-2691958\"  \/>Consulte al pediatra o m\u00e9dico de cabecera para salir de dudas y proceder de la mejor manera por el bien de sus hijos, m\u00e1s aun ahora que llega el invierno.<\/p>\n<p>Aqu\u00ed les dejamos otras recomendaciones de la doctora Gabriela Maradiaga.<\/p>\n<p><strong>1. Consulte a su pediatra o m\u00e9dico de familia:<\/strong> Nos lo explica con un ejemplo simple: Si tu auto se malogra, no le pides ayuda al peluquero. De igual manera, si tienes dudas sobre la salud de tu hijo o hija, consulta a alguien con formaci\u00f3n profesional y que tenga el mejor inter\u00e9s por sus hijos. Y este profesional puede ser el m\u00e9dico de familia o el pediatra.<\/p>\n<p><strong>2. No se quede con la duda: si tiene preguntas, no hay problema.<\/strong> Los pediatras est\u00e1n acostumbrados y entrenados para escuchar las dudas de sus pacientes y darles respuestas. Es importante agradecer a las personas por preguntar y hablar del tema abiertamente. La doctora Maradiaga, como el resto de pediatras, se toma su tiempo para resolverlas.<\/p>\n<p>3. <strong>Busque informaci\u00f3n de calidad y en espa\u00f1ol:<\/strong> Si usted necesita investigar respecto a las vacunas en fuentes oficiales con informaci\u00f3n en espa\u00f1ol, est\u00e1n a la mano las publicaciones en l\u00ednea de los <a href=\"https:\/\/www.cdc.gov\/spanish\/index.html\" rel=\"nofollow noopener\" target=\"_blank\">Centros para el Control y la Prevenci\u00f3n de Enfermedades (CDC)<\/a>, la Organizaci\u00f3n Mundial de la Salud y la <a href=\"https:\/\/www.healthychildren.org\/Spanish\/Paginas\/default.aspx\" rel=\"nofollow noopener\" target=\"_blank\">Academia Americana de Pediatr\u00eda (AAP)<\/a>.\u00a0<\/p>\n<p>Finalmente, la pediatra reitera que las vacunas ayudan a mantener sanos a los ni\u00f1os. \u201cY si los hijos est\u00e1n bien, la familia estar\u00e1 bien\u201d.<\/p>\n<p>Comprometida con la comunidad latina\u00a0<\/p>\n<p>La doctora Gabriela Maradiaga\u00a0Panayoti no es ajena a la labor con la comunidad latina en Carolina del Norte. Ha trabajado muy de cerca con los departamentos de salud para informar en espa\u00f1ol en distintas redes sociales sobre las vacunas.\u00a0<\/p>\n<p>Fue parte de campa\u00f1as muy intensas que se dieron durante la pandemia del COVID-19, atendiendo a la necesidad de la comunidad de recibir mayor informaci\u00f3n confiable sobre los temas de salud en su idioma materno.\u00a0<\/p>\n<p>Ha logrado una importante conexi\u00f3n con nuestra comunidad latina, pues sus mensajes son claros, did\u00e1cticos y siempre basados en la ciencia y su vasta experiencia.<\/p>\n<p><strong>TE PUEDE SERVIR<\/strong>:<\/p>\n<p><a href=\"https:\/\/covid19.ncdhhs.gov\/media\/4775\/open\" rel=\"nofollow noopener\" target=\"_blank\">https:\/\/covid19.ncdhhs.gov\/media\/4775\/open<\/a><\/p>\n<p>\n\tArt\u00edculos relacionados<\/p>\n","protected":false},"excerpt":{"rendered":"Durham.- Vacunar a los ni\u00f1os puede evitar que sufran las consecuencias de enfermedades respiratorias que alcanzan su pico&hellip;\n","protected":false},"author":2,"featured_media":252007,"comment_status":"","ping_status":"","sticky":false,"template":"","format":"standard","meta":{"footnotes":""},"categories":[92],"tags":[26714,25,24,165,16250,166,23,1454],"class_list":{"0":"post-252006","1":"post","2":"type-post","3":"status-publish","4":"format-standard","5":"has-post-thumbnail","7":"category-salud","8":"tag-durham","9":"tag-es","10":"tag-espana","11":"tag-health","12":"tag-invierno","13":"tag-salud","14":"tag-spain","15":"tag-vacunas"},"share_on_mastodon":{"url":"https:\/\/pubeurope.com\/@es\/115600950956300816","error":""},"_links":{"self":[{"href":"https:\/\/www.europesays.com\/es\/wp-json\/wp\/v2\/posts\/252006","targetHints":{"allow":["GET"]}}],"collection":[{"href":"https:\/\/www.europesays.com\/es\/wp-json\/wp\/v2\/posts"}],"about":[{"href":"https:\/\/www.europesays.com\/es\/wp-json\/wp\/v2\/types\/post"}],"author":[{"embeddable":true,"href":"https:\/\/www.europesays.com\/es\/wp-json\/wp\/v2\/users\/2"}],"replies":[{"embeddable":true,"href":"https:\/\/www.europesays.com\/es\/wp-json\/wp\/v2\/comments?post=252006"}],"version-history":[{"count":0,"href":"https:\/\/www.europesays.com\/es\/wp-json\/wp\/v2\/posts\/252006\/revisions"}],"wp:featuredmedia":[{"embeddable":true,"href":"https:\/\/www.europesays.com\/es\/wp-json\/wp\/v2\/media\/252007"}],"wp:attachment":[{"href":"https:\/\/www.europesays.com\/es\/wp-json\/wp\/v2\/media?parent=252006"}],"wp:term":[{"taxonomy":"category","embeddable":true,"href":"https:\/\/www.europesays.com\/es\/wp-json\/wp\/v2\/categories?post=252006"},{"taxonomy":"post_tag","embeddable":true,"href":"https:\/\/www.europesays.com\/es\/wp-json\/wp\/v2\/tags?post=252006"}],"curies":[{"name":"wp","href":"https:\/\/api.w.org\/{rel}","templated":true}]}}