{"id":252021,"date":"2025-11-23T20:52:11","date_gmt":"2025-11-23T20:52:11","guid":{"rendered":"https:\/\/www.europesays.com\/es\/252021\/"},"modified":"2025-11-23T20:52:11","modified_gmt":"2025-11-23T20:52:11","slug":"un-pilar-de-movistar-team-se-retira-a-los-36-anos","status":"publish","type":"post","link":"https:\/\/www.europesays.com\/es\/252021\/","title":{"rendered":"Un pilar de Movistar Team se retira a los 36 a\u00f1os"},"content":{"rendered":"<p>Otro corredor WorldTour confirma su adi\u00f3s: <a href=\"https:\/\/ciclismoaldia.es\/davide-cimolai\" title=\"Davide Cimolai\" rel=\"nofollow noopener\" target=\"_blank\">Davide Cimolai<\/a>, de <a href=\"https:\/\/ciclismoaldia.es\/movistar-team\" title=\"Movistar Team\" rel=\"nofollow noopener\" target=\"_blank\">Movistar Team<\/a>. El italiano, de 36 a\u00f1os, debut\u00f3 como profesional en 2010 directamente en el WorldTour y ha desarrollado toda su carrera en equipos de primer nivel, donde logr\u00f3 victorias y se consolid\u00f3 como un gregario fiable para l\u00edderes de calidad.\u201cLlevaba tiempo pensando en esta decisi\u00f3n. Sinceramente, empec\u00e9 2025 con la idea de hacer un gran a\u00f1o y luego terminar a finales de 2026\u201d, explic\u00f3 Cimolai en declaraciones a <a href=\"https:\/\/www.ilnordest.it\/storie-di-sport\/intervista-davide-cimolai-addio-world-tour-ciclismo-ritiro-jnvhbwwu?fbclid=IwY2xjawOPqxxleHRuA2FlbQIxMABicmlkETE5TXVKZ1dmQzVzYzdzWFNpc3J0YwZhcHBfaWQQMjIyMDM5MTc4ODIwMDg5MgABHr5n7cF0sMddbRaRmGsGbxVR7iVhblgZkc1QEX33k1IZmO8kJLfdW84UuZ7M_aem_iV-SJOqs38oyo9K6YSEOZw&amp;brid=twiqBV04DW2_A3j6WKuQWw\" target=\"_blank\" rel=\"nofollow noopener\">IlNordEst<\/a>. \u201cLuego, por c\u00f3mo fue la temporada, entend\u00ed que ser\u00eda la \u00faltima.\u201d<\/p>\n<p>Cimolai colgar\u00e1 la bici tras dos campa\u00f1as en Movistar, la \u00faltima sin resultados rese\u00f1ables y marcada por constantes dificultades; un curso similar al que vivi\u00f3 Fernando Gaviria, con quien trabaj\u00f3 estrechamente.<\/p>\n<p>\u201cSufr\u00ed mucho f\u00edsica y mentalmente. Siempre iba a contrapi\u00e9 con la forma. No me considero un fen\u00f3meno, pero tambi\u00e9n este a\u00f1o podr\u00eda haber tenido mi cuota de \u00e9xito si me hubiera encontrado bien. A mitad de temporada ya estaba cansado: asegur\u00e9 al equipo que seguir\u00eda hasta la \u00faltima carrera, en China. Fue un a\u00f1o dif\u00edcil y entend\u00ed que era el momento de retirarme.\u201d<\/p>\n<p>Un palmar\u00e9s s\u00f3lido<\/p>\n<p>Con nueve victorias profesionales, Cimolai cuenta en su palmar\u00e9s con triunfos en Par\u00eds-Niza, Volta a Catalunya y Trofeo Laigueglia, entre otros, todos entre 2015 y 2019. Form\u00f3 parte de Liquigas durante dos temporadas, Lampre cinco, Groupama dos, Israel tres, Cofidis dos y, por \u00faltimo, Movistar dos. Entre 2010 y 2025 acumul\u00f3 experiencia en estructuras muy distintas, con varios a\u00f1os \u2014al inicio y al final\u2014 como gregario y lanzador.<\/p>\n<p>Orgulloso de su longevidad en el pelot\u00f3n, sostiene que es el momento natural para apartarse del deporte. \u201cMi profesionalidad, especialmente en los \u00faltimos a\u00f1os, ha dado frutos. Cualidades como saber trabajar en equipo y ayudar a mis compa\u00f1eros me han favorecido. Cuando empec\u00e9 me dije que correr\u00eda hasta los 35. Haberlo logrado me llena de orgullo.\u201d<\/p>\n<p>Particip\u00f3 en muchas victorias de nivel, pero destaca un d\u00eda de 2018 como el m\u00e1s especial: en Glasgow form\u00f3 parte del grupo ganador de cinco y lanz\u00f3 a Matteo Trentin al t\u00edtulo frente a un joven Mathieu van der Poel y Wout van Aert.<\/p>\n<p>\u201cHe tenido m\u00e1s de un \u00e9xito, empezando por el Campeonato de Europa que gan\u00e9 con Matteo Trentin. Si en mis a\u00f1os dorados hubiera tenido la experiencia y la capacidad de sufrimiento que tengo ahora, habr\u00eda logrado mejores resultados. Pero los \u2018y si\u2019 no hacen avanzar. Ahora me gustar\u00eda seguir dentro del ciclismo, aunque tambi\u00e9n tengo un proyecto agr\u00edcola que me intriga\u201d, concluy\u00f3.<\/p>\n<p><img decoding=\"async\" width=\"500\" height=\"280\" loading=\"lazy\" src=\"https:\/\/www.europesays.com\/es\/wp-content\/uploads\/2025\/11\/cimolai-1202317250-690e04901a30c.jpg@webp.webp\" class=\"w-auto h-auto\" alt=\"cimolai\"\/><\/p>\n<p>Davide Cimolai, con Movistar Team<\/p>\n","protected":false},"excerpt":{"rendered":"Otro corredor WorldTour confirma su adi\u00f3s: Davide Cimolai, de Movistar Team. El italiano, de 36 a\u00f1os, debut\u00f3 como&hellip;\n","protected":false},"author":2,"featured_media":223770,"comment_status":"","ping_status":"","sticky":false,"template":"","format":"standard","meta":{"footnotes":""},"categories":[273],"tags":[313,312,63751,168,25,24,8660,23,167],"class_list":{"0":"post-252021","1":"post","2":"type-post","3":"status-publish","4":"format-standard","5":"has-post-thumbnail","7":"category-ciclismo","8":"tag-ciclismo","9":"tag-cycling","10":"tag-davide-cimolai","11":"tag-deportes","12":"tag-es","13":"tag-espana","14":"tag-movistar-team","15":"tag-spain","16":"tag-sports"},"share_on_mastodon":{"url":"https:\/\/pubeurope.com\/@es\/115600998202925713","error":""},"_links":{"self":[{"href":"https:\/\/www.europesays.com\/es\/wp-json\/wp\/v2\/posts\/252021","targetHints":{"allow":["GET"]}}],"collection":[{"href":"https:\/\/www.europesays.com\/es\/wp-json\/wp\/v2\/posts"}],"about":[{"href":"https:\/\/www.europesays.com\/es\/wp-json\/wp\/v2\/types\/post"}],"author":[{"embeddable":true,"href":"https:\/\/www.europesays.com\/es\/wp-json\/wp\/v2\/users\/2"}],"replies":[{"embeddable":true,"href":"https:\/\/www.europesays.com\/es\/wp-json\/wp\/v2\/comments?post=252021"}],"version-history":[{"count":0,"href":"https:\/\/www.europesays.com\/es\/wp-json\/wp\/v2\/posts\/252021\/revisions"}],"wp:featuredmedia":[{"embeddable":true,"href":"https:\/\/www.europesays.com\/es\/wp-json\/wp\/v2\/media\/223770"}],"wp:attachment":[{"href":"https:\/\/www.europesays.com\/es\/wp-json\/wp\/v2\/media?parent=252021"}],"wp:term":[{"taxonomy":"category","embeddable":true,"href":"https:\/\/www.europesays.com\/es\/wp-json\/wp\/v2\/categories?post=252021"},{"taxonomy":"post_tag","embeddable":true,"href":"https:\/\/www.europesays.com\/es\/wp-json\/wp\/v2\/tags?post=252021"}],"curies":[{"name":"wp","href":"https:\/\/api.w.org\/{rel}","templated":true}]}}