{"id":252024,"date":"2025-11-23T20:55:09","date_gmt":"2025-11-23T20:55:09","guid":{"rendered":"https:\/\/www.europesays.com\/es\/252024\/"},"modified":"2025-11-23T20:55:09","modified_gmt":"2025-11-23T20:55:09","slug":"real-madrid-tebas-se-me-acusa-de-antimadridista-no-lo-soy-y-duele-escucharlo-sigo-siendo-madridista-como-el-que-mas","status":"publish","type":"post","link":"https:\/\/www.europesays.com\/es\/252024\/","title":{"rendered":"Real Madrid | Tebas: \u00abSe me acusa de antimadridista. No lo soy. Y duele escucharlo. Sigo siendo madridista como el que m\u00e1s\u00bb"},"content":{"rendered":"<p data-gtm-element-container=\"modulo-texto-link\" class=\"paragraph\"><strong>Javier Tebas s<\/strong>iempre se ha declarado madridista y tras los ataques de F<strong>lorentino P\u00e9rez y la petici\u00f3n de un socio de que sea declarada &#8216;persona non grata&#8217;, e<\/strong>l presidente de LaLiga ha vuelto a declararse madridista en un mensaje en su cuenta de la red social &#8216;X&#8217;.<\/p>\n<p data-gtm-element-container=\"modulo-texto-link\" class=\"paragraph\">\u00abHoy, en la Asamblea del Real Madrid, un socio ha pedido que se me declarara \u201cpersona non grata\u201d y el presidente ha respondido: \u201cno s\u00e9 qu\u00e9 ganamos si todos estamos de acuerdo\u201d. Algunos han aplaudido. Yo, sinceramente, s\u00f3lo he sentido una cosa: tristeza\u00bb, comenz\u00f3 diciendo<strong> Tebas.<\/strong><\/p>\n<p data-gtm-element-container=\"modulo-texto-link\" class=\"paragraph\"><strong>\u00abSoy madridista desde los seis a\u00f1os, cuando volv\u00ed a Espa\u00f1a con mi familia. Nadie me lo impuso, <\/strong>no hered\u00e9 el carnet de mi padre ni de mi abuelo. Eleg\u00ed ser del Madrid. Y el madridismo no te lo da un papel, un voto en una asamblea o una butaca en el palco. El madridismo est\u00e1 en millones de aficionados an\u00f3nimos que sufren y disfrutan con su equipo, muchas veces m\u00e1s que algunos que s\u00ed tienen papel y su despacho\u00bb, continu\u00f3 diciendo.<\/p>\n<p>    Lee tambi\u00e9n<\/p>\n<p data-gtm-element-container=\"modulo-texto-link\" class=\"paragraph\"><strong>\u00abSe me acusa de antimadridista. No lo soy. Y duele escucharlo. Sigo siendo madridista como el que m\u00e1s. Precisamente por eso defiendo una Liga fuerte, competitiva, con valor para todos,<\/strong> donde cada club \u2013grande o peque\u00f1o\u2013 tenga su lugar. Porque sin una Liga s\u00f3lida, el propio Real Madrid tambi\u00e9n ser\u00e1 m\u00e1s peque\u00f1o\u00bb, confes\u00f3 Tebas.<\/p>\n<blockquote class=\"twitter-tweet\" data-lang=\"es\"><p>\n<a href=\"https:\/\/twitter.com\/Tebasjavier\/status\/1992655449196491068\" rel=\"nofollow noopener\" target=\"_blank\">\n<\/p><\/blockquote>\n<p data-gtm-element-container=\"modulo-texto-link\" class=\"paragraph\"><strong>El presidente de LaLiga se\u00f1al\u00f3 a los dirigentes del Real Madrid.<\/strong> \u00abHoy, quienes dirigen el Real Madrid \u2013no el Real Madrid como club, ni su historia, \u2013 empujan megaproyectos de competiciones que debilitan y destruyen la \u201ccasa\u201d que les ayud\u00f3 a ser grandes: LaLiga. Defender LaLiga, decir lo que se piensa, a quien corresponda y en cualquier lugar es defender ese ecosistema que permiti\u00f3 al Real Madrid convertirse en lo que es\u00bb, se\u00f1al\u00f3.<\/p>\n<p data-gtm-element-container=\"modulo-texto-link\" class=\"paragraph\"><strong>\u00abPodr\u00e1n llamarme \u201cpersona non grata\u201d. Podr\u00e1n intentar expulsarme del relato del madridismo. Pero lo que no pueden hacer es borrar lo que siento desde los seis a\u00f1o<\/strong>s. Defender LaLiga tambi\u00e9n es, a mi manera, defender al Real Madrid. Y eso no me lo quita ni una asamblea ni una etiqueta\u00bb, finaliz\u00f3 Tebas.<\/p>\n<p><script async src=\"https:\/\/platform.twitter.com\/widgets.js\" charset=\"utf-8\"><\/script><\/p>\n","protected":false},"excerpt":{"rendered":"Javier Tebas siempre se ha declarado madridista y tras los ataques de Florentino P\u00e9rez y la petici\u00f3n de&hellip;\n","protected":false},"author":2,"featured_media":252025,"comment_status":"","ping_status":"","sticky":false,"template":"","format":"standard","meta":{"footnotes":""},"categories":[268],"tags":[168,25,24,280,282,281,23,167],"class_list":{"0":"post-252024","1":"post","2":"type-post","3":"status-publish","4":"format-standard","5":"has-post-thumbnail","7":"category-futbol","8":"tag-deportes","9":"tag-es","10":"tag-espana","11":"tag-football","12":"tag-futbol","13":"tag-soccer","14":"tag-spain","15":"tag-sports"},"share_on_mastodon":{"url":"https:\/\/pubeurope.com\/@es\/115601009886916188","error":""},"_links":{"self":[{"href":"https:\/\/www.europesays.com\/es\/wp-json\/wp\/v2\/posts\/252024","targetHints":{"allow":["GET"]}}],"collection":[{"href":"https:\/\/www.europesays.com\/es\/wp-json\/wp\/v2\/posts"}],"about":[{"href":"https:\/\/www.europesays.com\/es\/wp-json\/wp\/v2\/types\/post"}],"author":[{"embeddable":true,"href":"https:\/\/www.europesays.com\/es\/wp-json\/wp\/v2\/users\/2"}],"replies":[{"embeddable":true,"href":"https:\/\/www.europesays.com\/es\/wp-json\/wp\/v2\/comments?post=252024"}],"version-history":[{"count":0,"href":"https:\/\/www.europesays.com\/es\/wp-json\/wp\/v2\/posts\/252024\/revisions"}],"wp:featuredmedia":[{"embeddable":true,"href":"https:\/\/www.europesays.com\/es\/wp-json\/wp\/v2\/media\/252025"}],"wp:attachment":[{"href":"https:\/\/www.europesays.com\/es\/wp-json\/wp\/v2\/media?parent=252024"}],"wp:term":[{"taxonomy":"category","embeddable":true,"href":"https:\/\/www.europesays.com\/es\/wp-json\/wp\/v2\/categories?post=252024"},{"taxonomy":"post_tag","embeddable":true,"href":"https:\/\/www.europesays.com\/es\/wp-json\/wp\/v2\/tags?post=252024"}],"curies":[{"name":"wp","href":"https:\/\/api.w.org\/{rel}","templated":true}]}}