{"id":252026,"date":"2025-11-23T20:56:10","date_gmt":"2025-11-23T20:56:10","guid":{"rendered":"https:\/\/www.europesays.com\/es\/252026\/"},"modified":"2025-11-23T20:56:10","modified_gmt":"2025-11-23T20:56:10","slug":"eran-maquiavelicos-yo-muerta-de-miedo","status":"publish","type":"post","link":"https:\/\/www.europesays.com\/es\/252026\/","title":{"rendered":"Eran maquiav\u00e9licos; yo, muerta de miedo"},"content":{"rendered":"<p class=\"c-paragraph\">Hace ya d\u00e9cadas,\u00a0<b>Chonchi Alonso mantuvo una tormentosa relaci\u00f3n amorosa con el actor <a href=\"https:\/\/www.20minutos.es\/tags\/personas\/andres-pajares.html\" title=\"Andr\u00e9s Pajares\" rel=\"nofollow noopener\" target=\"_blank\">Andr\u00e9s Pajares<\/a><\/b>, fruto de la cual naci\u00f3 Mari Cielo, la hija que tienen en com\u00fan.\u00a0<\/p>\n<p class=\"c-paragraph\">Alejada de la televisi\u00f3n en los \u00faltimos tiempos, despu\u00e9s de a\u00f1os pase\u00e1ndose por los plat\u00f3s con <b>duros enfrentamientos<\/b>, ahora Chonchi ha decidido dar una entrevista a Fiesta para <b>arremeter duramente contra el int\u00e9rprete y su hijo, Andr\u00e9s Burguera<\/b>.<\/p>\n<p class=\"c-paragraph\">En ella habla de las \u00abhumillaciones\u00bb y \u00abvejaciones\u00bb que sufri\u00f3 durante su relaci\u00f3n, ya no solo por parte del actor, sino tambi\u00e9n de su hijo. \u00ab<b>Humillaciones, vejaciones y todo lo que te quepa en la mente<\/b>. Perdimos el arraigo y vino la agresividad\u00bb, cuenta a Kike Calleja.\u00a0<\/p>\n<p class=\"c-paragraph\">\u00abNo quiero que esto se malinterprete como que quiero meter mierda, solo estoy contestando a que <b>\u00e9l ha dicho que le dio un infarto por nuestra culpa, pero no, el infarto le dio por otra cosa<\/b>\u00ab, aclara haciendo un elocuente gesto ante la c\u00e1mara.<\/p>\n<p class=\"c-paragraph\">\u00abAntes me tachaban de loca y <b>yo me quedaba calladita porque estaba muerta de miedo<\/b>, pero que no me toquen los cojones porque puedo empezar a hablar. Yo sal\u00ed huyendo de aquella relaci\u00f3n poco a poco, cuando pude\u00bb, comenta. \u00ab<b>Erais maquiav\u00e9licos<\/b>\u00ab, les se\u00f1ala directamente.<\/p>\n<p class=\"c-paragraph\">Sobre el hijo de actor, al que conoci\u00f3 cuando \u00e9l solo era un ni\u00f1o, dice:\u00a0\u00ab<b>No quer\u00eda que se sintiera distinto a su hermana, mi hija Mari Cielo, por eso le di mi apellido <\/b>a ese ni\u00f1o, para que tuviera los mismos derechos que la ni\u00f1a. Este chico es un mentiroso y se cree hasta sus propias mentiras\u00bb. Y aclara: \u00abYo a ese ni\u00f1o le di lo que ten\u00eda, yo <b>nunca le he puesto la mano encima, nunca jam\u00e1s<\/b>\u00ab.<\/p>\n","protected":false},"excerpt":{"rendered":"Hace ya d\u00e9cadas,\u00a0Chonchi Alonso mantuvo una tormentosa relaci\u00f3n amorosa con el actor Andr\u00e9s Pajares, fruto de la cual&hellip;\n","protected":false},"author":2,"featured_media":252027,"comment_status":"","ping_status":"","sticky":false,"template":"","format":"standard","meta":{"footnotes":""},"categories":[174],"tags":[3732,255,63752,146,147,25,24,256,4596,4207,23,63753],"class_list":{"0":"post-252026","1":"post","2":"type-post","3":"status-publish","4":"format-standard","5":"has-post-thumbnail","7":"category-famosos","8":"tag-alonso","9":"tag-celebrities","10":"tag-chonchi","11":"tag-entertainment","12":"tag-entretenimiento","13":"tag-es","14":"tag-espana","15":"tag-famosos","16":"tag-habla","17":"tag-las","18":"tag-spain","19":"tag-vejaciones"},"share_on_mastodon":{"url":"https:\/\/pubeurope.com\/@es\/115601013694639838","error":""},"_links":{"self":[{"href":"https:\/\/www.europesays.com\/es\/wp-json\/wp\/v2\/posts\/252026","targetHints":{"allow":["GET"]}}],"collection":[{"href":"https:\/\/www.europesays.com\/es\/wp-json\/wp\/v2\/posts"}],"about":[{"href":"https:\/\/www.europesays.com\/es\/wp-json\/wp\/v2\/types\/post"}],"author":[{"embeddable":true,"href":"https:\/\/www.europesays.com\/es\/wp-json\/wp\/v2\/users\/2"}],"replies":[{"embeddable":true,"href":"https:\/\/www.europesays.com\/es\/wp-json\/wp\/v2\/comments?post=252026"}],"version-history":[{"count":0,"href":"https:\/\/www.europesays.com\/es\/wp-json\/wp\/v2\/posts\/252026\/revisions"}],"wp:featuredmedia":[{"embeddable":true,"href":"https:\/\/www.europesays.com\/es\/wp-json\/wp\/v2\/media\/252027"}],"wp:attachment":[{"href":"https:\/\/www.europesays.com\/es\/wp-json\/wp\/v2\/media?parent=252026"}],"wp:term":[{"taxonomy":"category","embeddable":true,"href":"https:\/\/www.europesays.com\/es\/wp-json\/wp\/v2\/categories?post=252026"},{"taxonomy":"post_tag","embeddable":true,"href":"https:\/\/www.europesays.com\/es\/wp-json\/wp\/v2\/tags?post=252026"}],"curies":[{"name":"wp","href":"https:\/\/api.w.org\/{rel}","templated":true}]}}