{"id":252028,"date":"2025-11-23T20:59:17","date_gmt":"2025-11-23T20:59:17","guid":{"rendered":"https:\/\/www.europesays.com\/es\/252028\/"},"modified":"2025-11-23T20:59:17","modified_gmt":"2025-11-23T20:59:17","slug":"no-ha-entrado-y-ya-esta-gastado","status":"publish","type":"post","link":"https:\/\/www.europesays.com\/es\/252028\/","title":{"rendered":"No ha entrado\u2026 y ya est\u00e1 gastado"},"content":{"rendered":"<p><img loading=\"lazy\" decoding=\"async\" src=\"https:\/\/www.europesays.com\/es\/wp-content\/uploads\/2025\/10\/1760450890_434_100x100_informalia-logo.jpg\" itemtype=\"\/\/schema.org\/ImageObject\" itemprop=\"url\" alt=\"Informalia\" width=\"64\" height=\"64\" pinger-seen=\"true\"\/><\/p>\n<p>Fue el pasado 15 de octubre cuando <b>Juan del Val<\/b> se alz\u00f3 con el <b>Premio Planeta 2025 <\/b>por Vera, una historia de amor. Desde entonces, el escritor no ha dejado de encabezar titulares y tertulias. Un mes despu\u00e9s, el asunto sigue de plena actualidad y no precisamente por la novela.<\/p>\n<p>Ha sido su mujer, Nuria Roca, quien ha vuelto a poner el tema sobre la mesa en un p\u00f3dcast en el que particip\u00f3 recientemente. Entre risas, confes\u00f3 que, a d\u00eda de hoy, <b>no ha visto ni un euro del mill\u00f3n de euros que otorga el codiciado galard\u00f3n<\/b>.<\/p>\n<p>\u00abYa est\u00e1 todo gastado. <b>No ha entrado y ya est\u00e1 gastado <\/b>antes de llegar a la cuenta. Hombre, por supuesto, tengo hipoteca como todo el mundo, con lo cual est\u00e1 todo m\u00e1s que gastado\u00bb, coment\u00f3, muy ir\u00f3nica. En este sentido, la periodista confes\u00f3 en qu\u00e9 le gustar\u00eda emplear un pellizco del premio. <b>\u00abMe gustar\u00eda irme a Nueva York con \u00e9l<\/b>, con tres d\u00edas me vale\u00bb, desvel\u00f3.<\/p>\n<p>La conversaci\u00f3n lleg\u00f3 este s\u00e1bado a La Roca, en La Sexta, donde el matrimonio volvi\u00f3 a bromear sobre el famoso mill\u00f3n de euros. <b>\u00abYo, con el premio, ya me puedo retirar\u00bb<\/b>, solt\u00f3 Del Val despu\u00e9s de comentar las cifras que, seg\u00fan un estudio, garantizar\u00edan la libertad financiera de los espa\u00f1oles. Y, con el plat\u00f3 ya entregado a la risa, el escritor aprovech\u00f3 para lanzarle una pullita a su mujer:<b> \u00ab\u00bfT\u00fa d\u00f3nde dices que nos hemos gastado el premio?\u00bb<\/b>, le pregunt\u00f3, mirando a la periodista.<\/p>\n<p>                            <img decoding=\"async\" src=\"https:\/\/www.europesays.com\/es\/wp-content\/uploads\/2025\/11\/770x_del-val-roca.jpg\" loading=\"lazy\"\/><\/p>\n<p>\u00abEs que leo un mont\u00f3n de titulares que dicen: &#8216;Juan del Val ya se ha gastado el premio&#8217;, <b>\u00a1pero si no lo he cobrado!\u00bb<\/b>, admiti\u00f3 el escritor entre risas en el programa de su mujer.<\/p>\n<p>WhatsApp<a href=\"https:\/\/api.whatsapp.com\/send?text=https:\/\/www.eleconomista.es\/informalia\/television\/noticias\/13658174\/11\/25\/el-ironico-pique-de-juan-del-val-y-nuria-roca-con-el-millon-de-euros-del-premio-planeta-no-ha-entrado-y-ya-esta-gastado.html?utm_source%3Dwhatsapp%26utm_medium%3Dshare_button&amp;id=1648118629957_whatsapp\" target=\"_blank\" data-action=\"share\/whatsapp\/share\" aria-label=\"Compartir en Whatsapp\" rel=\"nofollow noopener\"><\/a>Facebook<a id=\"fb-share\" href=\"#\" target=\"_blank\" rel=\"noopener noreferrer\" aria-label=\"Compartir en Facebook\"><\/a>Twitter<a href=\"https:\/\/twitter.com\/share?text=El+pique+de+Juan+del+Val+y+Nuria+Roca+con+el+mill%C3%B3n+de+euros+del+Premio+Planeta%3A+%22No+ha+entrado%E2%80%A6+y+ya+est%C3%A1+gastado%22&amp;url=https:\/\/www.eleconomista.es\/informalia\/television\/noticias\/13658174\/11\/25\/el-ironico-pique-de-juan-del-val-y-nuria-roca-con-el-millon-de-euros-del-premio-planeta-no-ha-entrado-y-ya-esta-gastado.html&amp;via=Informalia&amp;id=1648118839245_twitter\" target=\"_blank\" aria-label=\"Compartir en Twitter\" rel=\"nofollow noopener\"><\/a>Linkedin<a onclick=\"return abrirLinkedin();\" href=\"https:\/\/www.linkedin.com\/shareArticle?text=El+pique+de+Juan+del+Val+y+Nuria+Roca+con+el+mill%C3%B3n+de+euros+del+Premio+Planeta%3A+%22No+ha+entrado%E2%80%A6+y+ya+est%C3%A1+gastado%22&amp;url=https:\/\/www.eleconomista.es\/informalia\/television\/noticias\/13658174\/11\/25\/el-ironico-pique-de-juan-del-val-y-nuria-roca-con-el-millon-de-euros-del-premio-planeta-no-ha-entrado-y-ya-esta-gastado.html&amp;mini=true\" target=\"_blank\" aria-label=\"Compartir en linkedin\" rel=\"nofollow noopener\"><\/a>Beloud<a href=\"https:\/\/beloud.com\/share?text=El+pique+de+Juan+del+Val+y+Nuria+Roca+con+el+mill%C3%B3n+de+euros+del+Premio+Planeta%3A+%22No+ha+entrado%E2%80%A6+y+ya+est%C3%A1+gastado%22&amp;url=https:\/\/www.eleconomista.es\/informalia\/television\/noticias\/13658174\/11\/25\/el-ironico-pique-de-juan-del-val-y-nuria-roca-con-el-millon-de-euros-del-premio-planeta-no-ha-entrado-y-ya-esta-gastado.html&amp;via=Informalia&amp;id=1648118839245_beloud\" target=\"_blank\" aria-label=\"Compartir en beloud\" rel=\"nofollow noopener\"><\/a>Bluesky<a href=\"https:\/\/bsky.app\/intent\/compose?text=https:\/\/bsky.app\/intent\/compose?text=https:\/\/www.eleconomista.es\/informalia\/television\/noticias\/13658174\/11\/25\/el-ironico-pique-de-juan-del-val-y-nuria-roca-con-el-millon-de-euros-del-premio-planeta-no-ha-entrado-y-ya-esta-gastado.html&amp;url=https:\/\/www.eleconomista.es\/informalia\/television\/noticias\/13658174\/11\/25\/el-ironico-pique-de-juan-del-val-y-nuria-roca-con-el-millon-de-euros-del-premio-planeta-no-ha-entrado-y-ya-esta-gastado.html&amp;via=elEconomistaes&amp;id=1648118839245_bluesky\" target=\"_blank\" aria-label=\"Compartir en bluesky\" rel=\"nofollow noopener\"><\/a><\/p>\n<p><script async src=\"https:\/\/platform.twitter.com\/widgets.js\" charset=\"utf-8\"><\/script><\/p>\n","protected":false},"excerpt":{"rendered":"Fue el pasado 15 de octubre cuando Juan del Val se alz\u00f3 con el Premio Planeta 2025 por&hellip;\n","protected":false},"author":2,"featured_media":252029,"comment_status":"","ping_status":"","sticky":false,"template":"","format":"standard","meta":{"footnotes":""},"categories":[171],"tags":[146,147,25,24,23,807,214],"class_list":{"0":"post-252028","1":"post","2":"type-post","3":"status-publish","4":"format-standard","5":"has-post-thumbnail","7":"category-tv","8":"tag-entertainment","9":"tag-entretenimiento","10":"tag-es","11":"tag-espana","12":"tag-spain","13":"tag-television","14":"tag-tv"},"share_on_mastodon":{"url":"https:\/\/pubeurope.com\/@es\/115601026555448353","error":""},"_links":{"self":[{"href":"https:\/\/www.europesays.com\/es\/wp-json\/wp\/v2\/posts\/252028","targetHints":{"allow":["GET"]}}],"collection":[{"href":"https:\/\/www.europesays.com\/es\/wp-json\/wp\/v2\/posts"}],"about":[{"href":"https:\/\/www.europesays.com\/es\/wp-json\/wp\/v2\/types\/post"}],"author":[{"embeddable":true,"href":"https:\/\/www.europesays.com\/es\/wp-json\/wp\/v2\/users\/2"}],"replies":[{"embeddable":true,"href":"https:\/\/www.europesays.com\/es\/wp-json\/wp\/v2\/comments?post=252028"}],"version-history":[{"count":0,"href":"https:\/\/www.europesays.com\/es\/wp-json\/wp\/v2\/posts\/252028\/revisions"}],"wp:featuredmedia":[{"embeddable":true,"href":"https:\/\/www.europesays.com\/es\/wp-json\/wp\/v2\/media\/252029"}],"wp:attachment":[{"href":"https:\/\/www.europesays.com\/es\/wp-json\/wp\/v2\/media?parent=252028"}],"wp:term":[{"taxonomy":"category","embeddable":true,"href":"https:\/\/www.europesays.com\/es\/wp-json\/wp\/v2\/categories?post=252028"},{"taxonomy":"post_tag","embeddable":true,"href":"https:\/\/www.europesays.com\/es\/wp-json\/wp\/v2\/tags?post=252028"}],"curies":[{"name":"wp","href":"https:\/\/api.w.org\/{rel}","templated":true}]}}