{"id":252030,"date":"2025-11-23T21:01:13","date_gmt":"2025-11-23T21:01:13","guid":{"rendered":"https:\/\/www.europesays.com\/es\/252030\/"},"modified":"2025-11-23T21:01:13","modified_gmt":"2025-11-23T21:01:13","slug":"fuego-y-ceniza-a-el-rey-de-reyes","status":"publish","type":"post","link":"https:\/\/www.europesays.com\/es\/252030\/","title":{"rendered":"Fuego y ceniza a El rey de reyes"},"content":{"rendered":"<p class=\"c-paragraph\">Diciembre ya est\u00e1 a la vuelta de la esquina y nos espera cargado de estrenos en cines de lo m\u00e1s interesantes repartidos a lo largo de todo el mes. Pero hay cuatro de ellos que destacan por encima del resto y que deber\u00edas tener en cuenta.<\/p>\n<p class=\"c-paragraph\">El estreno con may\u00fasculas indiscutible del mes que viene, y me lanzo a afirmar que tambi\u00e9n del a\u00f1o, es sin duda <a href=\"https:\/\/www.hobbyconsolas.com\/hobbycine\/guillermo-toro-ya-ha-visto-avatar-fuego-ceniza-ofrece-su-veredicto-va-sorprender-mucha-gente_6898433_0.html\" title=\"Guillermo del Toro ya ha visto Avatar: Fuego y ceniza y ofrece su veredicto: \u201cVa a sorprender a mucha gente\u201d\" rel=\"nofollow noopener\" target=\"_blank\">Avatar: Fuego y ceniza<\/a>, la nueva superproducci\u00f3n de <a href=\"https:\/\/www.hobbyconsolas.com\/hobbycine\/avatar-fuego-ceniza-comparte-un-primer-clip-demuestra-que-los-nuevos-na-vi-no-son-nada-amistosos_6899131_0.html\" title=\"Avatar: Fuego y ceniza demuestra que los nuevos na&#039;vi no son nada amistosos en una nueva escena de la pel\u00edcula\" rel=\"nofollow noopener\" target=\"_blank\">James Cameron<\/a> que nos devuelve a <b>Pandora <\/b>el pr\u00f3ximo<b> 19 de diciembre<\/b> con la tercera entrega de su saga m\u00e1s exigente a nivel t\u00e9cnico.<\/p>\n<p class=\"c-paragraph\"><a href=\"https:\/\/www.hobbyconsolas.com\/reviews\/critica-avatar-sentido-agua-espectacular-viaje-vuelta-pandora-1166884\" title=\"Cr\u00edtica de Avatar: El sentido del agua, un espectacular viaje de vuelta a Pandora, ya en Disney+\" rel=\"nofollow noopener\" target=\"_blank\">Avatar: El sentido del agua<\/a> (2022) revolucion\u00f3 la animaci\u00f3n digital con su calidad en la representaci\u00f3n de los fluidos, y su continuaci\u00f3n promete estar a la altura, poniendo especial \u00e9nfasis en el fuego y presentando a una nueva raza de <b>Na&#8217;vi<\/b>.<\/p>\n<p class=\"c-paragraph\">Ese mismo d\u00eda llega a la cartelera <a href=\"https:\/\/www.hobbyconsolas.com\/hobbycine\/osgood-perkins-hace-historia-con-keeper-su-peor-pelicula-hasta-fecha-carente-quimica-claridad-conviccion_6898447_0.html\" title=\"Osgood Perkins hace historia con Keeper, su peor pel\u00edcula hasta la fecha: \u201cCarente de qu\u00edmica, claridad y convicci\u00f3n\u201d\" rel=\"nofollow noopener\" target=\"_blank\">Keeper<\/a>, el nuevo largometraje de <a href=\"https:\/\/www.hobbyconsolas.com\/noticias\/amantes-cine-terror-tienen-nueva-cita-diciembre-director-longlegs-1475623\" title=\"De Longlegs a Keeper, los amantes del cine de terror tienen una nueva cita en diciembre\" rel=\"nofollow noopener\" target=\"_blank\">Osgood Perkins<\/a>, un cineasta aclamado por sus pel\u00edculas de terror como <b>Longlegs <\/b>(2024) o <b>The Monkey <\/b>(2025), al que merece la pena seguirle la pista.<\/p>\n<p class=\"c-paragraph\">Es cierto que su \u00faltimo estreno se ha convertido en el peor valorado de su filmograf\u00eda, pero a\u00fan as\u00ed el cineasta se ha ganado un nombre en la industria y no podemos pasar por alto su nuevo trabajo entre lo m\u00e1s llamativo del mes.<\/p>\n<p>Dos estrenos \u00fanicos para diciembre<\/p>\n<p class=\"c-paragraph\">Cambiando de tercio y aproxim\u00e1ndonos a la tem\u00e1tica navide\u00f1a, tenemos a principios de mes el estreno de la cinta de animaci\u00f3n <a href=\"https:\/\/www.hobbyconsolas.com\/noticias\/no-solo-chosen-pelicula-religiosa-tambien-empieza-reinar-salas-cine-1458617\" title=\"No solo The Chosen, una pel\u00edcula religiosa tambi\u00e9n empieza a reinar en las salas de cine\" rel=\"nofollow noopener\" target=\"_blank\">El rey de reyes<\/a>, una producci\u00f3n surcoreana que nos habla sobre <b>la vida de Jesucristo narrada por Charles Dickens<\/b>.<\/p>\n<p class=\"c-paragraph\">El reparto original de la pel\u00edcula es envidiable, con grandes estrellas de Hollywood para todos los papeles, que van desde <b>Kenneth Branagh<\/b> para <b>Charles Dickens<\/b> hasta <a href=\"https:\/\/www.hobbyconsolas.com\/noticias\/oscar-isaac-convertira-jesucristo-proxima-semana-santa-cinta-animada-cargada-estrellas-1435237\" title=\"Oscar Isaac se convertir\u00e1 en Jesucristo la pr\u00f3xima Semana Santa, en una cinta animada cargada de estrellas\" rel=\"nofollow noopener\" target=\"_blank\">Oscar Isaac<\/a>\u00a0para <b>Jes\u00fas<\/b>, pasando por: <b>Uma Thurman<\/b>, <b>Mark Hamill<\/b>, <b>Pierce Brosnan<\/b>, <b>Ben Kingsley<\/b>, <b>Forest Whitaker<\/b>\u2026 La podr\u00e1s ver en cines a partir del pr\u00f3ximo <b>viernes 12 de diciembre<\/b>.<\/p>\n<p class=\"c-paragraph\">Por \u00faltimo, cierro diciembre, el <b>jueves 25<\/b>, con una comedia perfecta para disfrutar justo el d\u00eda de Navidad: <a href=\"https:\/\/www.hobbyconsolas.com\/noticias\/primeras-imagenes-remake-anaconda-jack-black-paul-rudd-liandola-parda-serpiente-gigante-1484024\" title=\"Primeras im\u00e1genes del remake de Anaconda, con Jack Black y Paul Rudd li\u00e1ndola parda contra la serpiente gigante\" rel=\"nofollow noopener\" target=\"_blank\">Anaconda<\/a>, una suerte de remake de la cinta hom\u00f3nima de 1997, pero que no es un remake al uso.<\/p>\n<p class=\"c-paragraph\">Sus dos protagonistas, encarnados por <b>Paul Rudd <\/b>y <b>Jack Black<\/b>, apasionados por el filme de los 90, se embarcar\u00e1n en la aventura de hacer una nueva versi\u00f3n de aquel cl\u00e1sico cinematogr\u00e1fico, adentr\u00e1ndose en la selva amaz\u00f3nica para\u00a0rodarlo.<\/p>\n<p class=\"c-paragraph\">Aunque ah\u00ed arriba os he ofrecido mis cuatro pel\u00edculas imprescindibles para diciembre, no quer\u00eda cerrar este art\u00edculo sin hacer un par menciones especiales.<\/p>\n<p class=\"c-paragraph\">Por un lado, arrancando el mes se estrena <a href=\"https:\/\/www.hobbyconsolas.com\/hobbycine\/todo-sobre-five-nights-at-freddy-s-2-reparto-estreno-argumento-nuevos-animatronics_6897848_0.html\" title=\"Todo sobre Five Nights at Freddy&#039;s 2: reparto, estreno, argumento y nuevos animatronics\" rel=\"nofollow noopener\" target=\"_blank\">Five Nights at Freddy\u2019s 2<\/a> el d\u00eda 5, la secuela de la adaptaci\u00f3n cinematogr\u00e1fica de los videojuegos de terror hom\u00f3nimo. Por otro, <b>el reestreno de Los Goonies<\/b> <b>(1985) por su 40 aniversario<\/b>\u00a0ser\u00e1 el d\u00eda 12.<\/p>\n","protected":false},"excerpt":{"rendered":"Diciembre ya est\u00e1 a la vuelta de la esquina y nos espera cargado de estrenos en cines de&hellip;\n","protected":false},"author":2,"featured_media":252031,"comment_status":"","ping_status":"","sticky":false,"template":"","format":"standard","meta":{"footnotes":""},"categories":[169],"tags":[177,954,146,147,25,24,6750,176,21499,4417,1179,175,23],"class_list":{"0":"post-252030","1":"post","2":"type-post","3":"status-publish","4":"format-standard","5":"has-post-thumbnail","7":"category-cine","8":"tag-cine","9":"tag-cuatro","10":"tag-entertainment","11":"tag-entretenimiento","12":"tag-es","13":"tag-espana","14":"tag-estrenos","15":"tag-film","16":"tag-importantes","17":"tag-los","18":"tag-mas","19":"tag-movies","20":"tag-spain"},"share_on_mastodon":{"url":"","error":""},"_links":{"self":[{"href":"https:\/\/www.europesays.com\/es\/wp-json\/wp\/v2\/posts\/252030","targetHints":{"allow":["GET"]}}],"collection":[{"href":"https:\/\/www.europesays.com\/es\/wp-json\/wp\/v2\/posts"}],"about":[{"href":"https:\/\/www.europesays.com\/es\/wp-json\/wp\/v2\/types\/post"}],"author":[{"embeddable":true,"href":"https:\/\/www.europesays.com\/es\/wp-json\/wp\/v2\/users\/2"}],"replies":[{"embeddable":true,"href":"https:\/\/www.europesays.com\/es\/wp-json\/wp\/v2\/comments?post=252030"}],"version-history":[{"count":0,"href":"https:\/\/www.europesays.com\/es\/wp-json\/wp\/v2\/posts\/252030\/revisions"}],"wp:featuredmedia":[{"embeddable":true,"href":"https:\/\/www.europesays.com\/es\/wp-json\/wp\/v2\/media\/252031"}],"wp:attachment":[{"href":"https:\/\/www.europesays.com\/es\/wp-json\/wp\/v2\/media?parent=252030"}],"wp:term":[{"taxonomy":"category","embeddable":true,"href":"https:\/\/www.europesays.com\/es\/wp-json\/wp\/v2\/categories?post=252030"},{"taxonomy":"post_tag","embeddable":true,"href":"https:\/\/www.europesays.com\/es\/wp-json\/wp\/v2\/tags?post=252030"}],"curies":[{"name":"wp","href":"https:\/\/api.w.org\/{rel}","templated":true}]}}