{"id":252034,"date":"2025-11-23T21:03:11","date_gmt":"2025-11-23T21:03:11","guid":{"rendered":"https:\/\/www.europesays.com\/es\/252034\/"},"modified":"2025-11-23T21:03:11","modified_gmt":"2025-11-23T21:03:11","slug":"evaluacion-ergonomica-del-uso-de-dispositivo-biomedico-para-sillas-de-ruedas-autopropulsables-2","status":"publish","type":"post","link":"https:\/\/www.europesays.com\/es\/252034\/","title":{"rendered":"Evaluaci\u00f3n ergon\u00f3mica del uso de dispositivo biom\u00e9dico para sillas de ruedas autopropulsables"},"content":{"rendered":"<p style=\"text-align: justify;\" data-start=\"142\" data-end=\"325\"><strong data-start=\"142\" data-end=\"154\"><img decoding=\"async\" class=\"aligncenter size-full wp-image-122745\" src=\"https:\/\/www.europesays.com\/es\/wp-content\/uploads\/2025\/10\/investigacion-enfermedades-profesionales.jpg\" alt=\"\" width=\"600\" height=\"480\"   loading=\"eager\" fetchpriority=\"high\"\/>Autor\/es: <\/strong>Alma Lilly Nava Sedano, Alfredo Olarte Paredes, Carolina Osorio Cano y Gabriel Luna Bueno Tecnol\u00f3gico Nacional de M\u00e9xico \/ Instituto Tecnol\u00f3gico de Zacatepec (M\u00e9xico)<\/p>\n<p style=\"text-align: justify;\" data-start=\"384\" data-end=\"746\">En el <strong data-start=\"390\" data-end=\"431\">V Congreso Internacional Prevencionar<\/strong>, celebrado en Madrid los d\u00edas <strong data-start=\"462\" data-end=\"499\">24, 25 y 26 de septiembre de 2025<\/strong>, se present\u00f3 la comunicaci\u00f3n \u201cEvaluaci\u00f3n ergon\u00f3mica del uso de dispositivo biom\u00e9dico para sillas de ruedas autopropulsables\u201d, desarrollada por el equipo investigador del <strong data-start=\"672\" data-end=\"743\">Tecnol\u00f3gico Nacional de M\u00e9xico \/ Instituto Tecnol\u00f3gico de Zacatepec<\/strong>.<\/p>\n<p style=\"text-align: justify;\" data-start=\"748\" data-end=\"1191\">El estudio forma parte del <strong data-start=\"775\" data-end=\"824\">proyecto de innovaci\u00f3n e impacto social SIRUN<\/strong>, orientado a mejorar la movilidad y la calidad de vida de las personas con discapacidad motriz mediante la incorporaci\u00f3n de un <strong data-start=\"952\" data-end=\"977\">dispositivo el\u00e9ctrico<\/strong> que convierte una silla de ruedas autopropulsable en una <strong data-start=\"1035\" data-end=\"1054\">silla el\u00e9ctrica<\/strong>, reduciendo el esfuerzo f\u00edsico y previniendo lesiones musculoesquel\u00e9ticas derivadas del uso repetitivo de las extremidades superiores.<\/p>\n<p style=\"text-align: justify;\" data-start=\"1193\" data-end=\"1634\">La investigaci\u00f3n aplic\u00f3 una <strong data-start=\"1221\" data-end=\"1258\">evaluaci\u00f3n ergon\u00f3mica comparativa<\/strong> entre el uso tradicional de una silla de ruedas autopropulsable y su versi\u00f3n modificada con el dispositivo SIRUN. Se utiliz\u00f3 el <strong data-start=\"1387\" data-end=\"1402\">m\u00e9todo REBA<\/strong>, apoyado en el software <strong data-start=\"1427\" data-end=\"1480\">Ergo\/IBV del Instituto de Biomec\u00e1nica de Valencia<\/strong>, para analizar las posturas adoptadas por el usuario en tres situaciones: reposo, desplazamiento en terreno llano y ascenso por rampa de accesibilidad.<\/p>\n<p style=\"text-align: justify;\" data-start=\"1636\" data-end=\"2005\">Los resultados mostraron una <strong data-start=\"1665\" data-end=\"1714\">reducci\u00f3n significativa de la puntuaci\u00f3n RULA<\/strong>, pasando de valores de acci\u00f3n \u201cpronto\u201d (niveles 5\u20136) a niveles \u201cposible\u201d (valor 3) al utilizar el dispositivo el\u00e9ctrico. Esta mejora refleja una <strong data-start=\"1860\" data-end=\"1906\">disminuci\u00f3n efectiva del riesgo ergon\u00f3mico<\/strong>, al sustituir el esfuerzo manual de propulsi\u00f3n por un control motorizado de bajo impacto f\u00edsico.<\/p>\n<p style=\"text-align: justify;\" data-start=\"2007\" data-end=\"2315\" data-is-last-node=\"\" data-is-only-node=\"\">El trabajo concluye destacando la importancia de integrar la <strong data-start=\"2068\" data-end=\"2113\">ergonom\u00eda en el dise\u00f1o de ayudas t\u00e9cnicas<\/strong> y adaptar los dispositivos a las <strong data-start=\"2147\" data-end=\"2195\">caracter\u00edsticas individuales de los usuarios<\/strong>, promoviendo un enfoque inclusivo que favorezca la salud, la seguridad y la autonom\u00eda de las personas con discapacidad.<\/p>\n<p><\/p>\n<p><a target=\"_blank\" href=\"https:\/\/prevencionar.com\/articulos\/\" rel=\"nofollow noopener\"><img decoding=\"async\" src=\"https:\/\/www.europesays.com\/es\/wp-content\/uploads\/2025\/10\/banner-issn.jpg\" width=\"1024\" height=\"450\" loading=\"lazy\" fetchpriority=\"low\"  \/><\/a>\u00a0<\/p>\n","protected":false},"excerpt":{"rendered":"Autor\/es: Alma Lilly Nava Sedano, Alfredo Olarte Paredes, Carolina Osorio Cano y Gabriel Luna Bueno Tecnol\u00f3gico Nacional de&hellip;\n","protected":false},"author":2,"featured_media":172458,"comment_status":"","ping_status":"","sticky":false,"template":"","format":"standard","meta":{"footnotes":""},"categories":[92],"tags":[25,24,165,166,23],"class_list":{"0":"post-252034","1":"post","2":"type-post","3":"status-publish","4":"format-standard","5":"has-post-thumbnail","7":"category-salud","8":"tag-es","9":"tag-espana","10":"tag-health","11":"tag-salud","12":"tag-spain"},"share_on_mastodon":{"url":"https:\/\/pubeurope.com\/@es\/115601041445248498","error":""},"_links":{"self":[{"href":"https:\/\/www.europesays.com\/es\/wp-json\/wp\/v2\/posts\/252034","targetHints":{"allow":["GET"]}}],"collection":[{"href":"https:\/\/www.europesays.com\/es\/wp-json\/wp\/v2\/posts"}],"about":[{"href":"https:\/\/www.europesays.com\/es\/wp-json\/wp\/v2\/types\/post"}],"author":[{"embeddable":true,"href":"https:\/\/www.europesays.com\/es\/wp-json\/wp\/v2\/users\/2"}],"replies":[{"embeddable":true,"href":"https:\/\/www.europesays.com\/es\/wp-json\/wp\/v2\/comments?post=252034"}],"version-history":[{"count":0,"href":"https:\/\/www.europesays.com\/es\/wp-json\/wp\/v2\/posts\/252034\/revisions"}],"wp:featuredmedia":[{"embeddable":true,"href":"https:\/\/www.europesays.com\/es\/wp-json\/wp\/v2\/media\/172458"}],"wp:attachment":[{"href":"https:\/\/www.europesays.com\/es\/wp-json\/wp\/v2\/media?parent=252034"}],"wp:term":[{"taxonomy":"category","embeddable":true,"href":"https:\/\/www.europesays.com\/es\/wp-json\/wp\/v2\/categories?post=252034"},{"taxonomy":"post_tag","embeddable":true,"href":"https:\/\/www.europesays.com\/es\/wp-json\/wp\/v2\/tags?post=252034"}],"curies":[{"name":"wp","href":"https:\/\/api.w.org\/{rel}","templated":true}]}}