{"id":252037,"date":"2025-11-23T21:05:09","date_gmt":"2025-11-23T21:05:09","guid":{"rendered":"https:\/\/www.europesays.com\/es\/252037\/"},"modified":"2025-11-23T21:05:09","modified_gmt":"2025-11-23T21:05:09","slug":"valve-confirma-que-la-steam-machine-costara-lo-mismo-que-un-pc-de-rendimiento-equivalente","status":"publish","type":"post","link":"https:\/\/www.europesays.com\/es\/252037\/","title":{"rendered":"Valve confirma que la Steam Machine costar\u00e1 \u00ablo mismo que un PC de rendimiento equivalente\u00bb"},"content":{"rendered":"<p>&#13;<br \/>\nValve ha afirmado que la Steam Machine, su PC con formato de consola para el sal\u00f3n, tendr\u00e1 el precio de un PC con especificaciones y rendimiento similares.&#13;\n<\/p>\n<p>&#13;<br \/>\nEsto descarta, por lo tanto, que la compa\u00f1\u00eda subvencione parte del precio o la venda a p\u00e9rdidas, una pr\u00e1ctica que suele ser habitual con las consolas de Microsoft y Sony.&#13;\n<\/p>\n<p>&#13;<br \/>\nEn una charla en el podcast Friends Per Second, el desarrollador de Valve Pierre-Loup Griffais explicaba que el precio todav\u00eda no est\u00e1 cerrado, pero que el obtenido es que sea \u00abun buen negocio\u00bb.&#13;\n<\/p>\n<p>&#13;<br \/>\n\u00abCreo que si montar un PC por componentes y b\u00e1sicamente obtienes el mismo nivel de rendimiento, esa es la ventana general de precio a la que aspiramos\u00bb.&#13;\n<\/p>\n<p>&#13;<br \/>\nGriffais aclaraba que \u00abidealmente queremos se competitivos con eso y tener un buen negocio, pero estamos trabajando para refinarlo en estos momentos, y ahora es complicado tener una buena idea de cu\u00e1l ser\u00e1 el precio porque hay muchas cosas que est\u00e1n fluctuando\u00bb.&#13;\n<\/p>\n<p>&#13;<br \/>\nAunque no detallaba cuales son esas cosas, actualmente la memoria RAM ha subido sustancialmente de precio, y hay otros componentes que tambi\u00e9n est\u00e1n siendo m\u00e1s caros de lo habitual.&#13;\n<\/p>\n<p>&#13;<br \/>\nAl preguntarle si Valve subvencionar\u00eda parte de ese precio para ser m\u00e1s competitivos, Griffais ha sido categ\u00f3rico al decir que \u00abno, est\u00e1 m\u00e1s en l\u00ednea con lo que esperar\u00eda del actual mercado del PC. Obviamente nuestro objetivo es que sea un buen negocio con ese nivel de rendimiento\u00bb.&#13;\n<\/p>\n<p>&#13;<br \/>\n\u00abLuego\u00bb, a\u00f1ad\u00eda, \u00abhay caracter\u00edsticas que realmente son dif\u00edciles de conseguir si est\u00e1s montando t\u00fa un PC por componentes. Cosas como el peque\u00f1o tama\u00f1o y el nivel de ruido que hemos alcanzado son realmente impresionantes, y estamos entusiasmados porque la gente descubra lo silenciosa que es esta cosa\u00bb.&#13;\n<\/p>\n<p>&#13;<br \/>\nLa Steam Machine todav\u00eda no tiene fecha de lanzamiento, pero est\u00e1 previsto que est\u00e9 disponible durante el primer trimestre de 2026.&#13;<\/p>\n","protected":false},"excerpt":{"rendered":"&#13; Valve ha afirmado que la Steam Machine, su PC con formato de consola para el sal\u00f3n, tendr\u00e1&hellip;\n","protected":false},"author":2,"featured_media":252038,"comment_status":"","ping_status":"","sticky":false,"template":"","format":"standard","meta":{"footnotes":""},"categories":[81],"tags":[119,123,124,25,24,117,121,122,23,118,120],"class_list":{"0":"post-252037","1":"post","2":"type-post","3":"status-publish","4":"format-standard","5":"has-post-thumbnail","7":"category-ciencia-y-tecnologia","8":"tag-ciencia","9":"tag-ciencia-y-tecnologia","10":"tag-cienciaytecnologia","11":"tag-es","12":"tag-espana","13":"tag-science","14":"tag-science-and-technology","15":"tag-scienceandtechnology","16":"tag-spain","17":"tag-technology","18":"tag-tecnologia"},"share_on_mastodon":{"url":"https:\/\/pubeurope.com\/@es\/115601049262747057","error":""},"_links":{"self":[{"href":"https:\/\/www.europesays.com\/es\/wp-json\/wp\/v2\/posts\/252037","targetHints":{"allow":["GET"]}}],"collection":[{"href":"https:\/\/www.europesays.com\/es\/wp-json\/wp\/v2\/posts"}],"about":[{"href":"https:\/\/www.europesays.com\/es\/wp-json\/wp\/v2\/types\/post"}],"author":[{"embeddable":true,"href":"https:\/\/www.europesays.com\/es\/wp-json\/wp\/v2\/users\/2"}],"replies":[{"embeddable":true,"href":"https:\/\/www.europesays.com\/es\/wp-json\/wp\/v2\/comments?post=252037"}],"version-history":[{"count":0,"href":"https:\/\/www.europesays.com\/es\/wp-json\/wp\/v2\/posts\/252037\/revisions"}],"wp:featuredmedia":[{"embeddable":true,"href":"https:\/\/www.europesays.com\/es\/wp-json\/wp\/v2\/media\/252038"}],"wp:attachment":[{"href":"https:\/\/www.europesays.com\/es\/wp-json\/wp\/v2\/media?parent=252037"}],"wp:term":[{"taxonomy":"category","embeddable":true,"href":"https:\/\/www.europesays.com\/es\/wp-json\/wp\/v2\/categories?post=252037"},{"taxonomy":"post_tag","embeddable":true,"href":"https:\/\/www.europesays.com\/es\/wp-json\/wp\/v2\/tags?post=252037"}],"curies":[{"name":"wp","href":"https:\/\/api.w.org\/{rel}","templated":true}]}}