{"id":252042,"date":"2025-11-23T21:08:17","date_gmt":"2025-11-23T21:08:17","guid":{"rendered":"https:\/\/www.europesays.com\/es\/252042\/"},"modified":"2025-11-23T21:08:17","modified_gmt":"2025-11-23T21:08:17","slug":"la-guia-gastro-2026-una-seleccion-de-los-restaurantes-y-comercios-favoritos-de-los-expertos-de-el-pais-gastronomia-recetas-restaurantes-y-bebidas","status":"publish","type":"post","link":"https:\/\/www.europesays.com\/es\/252042\/","title":{"rendered":"La Gu\u00eda Gastro 2026: una selecci\u00f3n de los restaurantes y comercios favoritos de los expertos de EL PA\u00cdS | Gastronom\u00eda: recetas, restaurantes y bebidas"},"content":{"rendered":"<p>Equipo de redactores y colaboradores de EL PA\u00cdS Gastro y El Pa\u00eds Semanal:   Paz \u00c1lvarez, Mar\u00eda Arranz, Almudena \u00c1valos, Ferran Bono, Jes\u00fas A. Ca\u00f1as, \u00a0M\u00f2nica Escudero, Mar\u00eda Fern\u00e1ndez, Ana Fern\u00e1ndez Abad, Jorge Guiti\u00e1n, Borja Hermoso, Mikel L\u00f3pez \u00a0Iturriaga, Abraham Rivera, Mar Rocabert, Jes\u00fas Ruiz Mantilla, Nacho S\u00e1nchez y Guiomar del Ser<\/p>\n<p>Formato:  Brenda Valverde Rubio<\/p>\n<p>Dise\u00f1o:  Ruth Benito<\/p>\n<p>Desarrollo:  Alejandro Gallardo<\/p>\n<p>Coordinaci\u00f3n de fotograf\u00eda:  Carmen Guri<\/p>\n<p>Coordinaci\u00f3n  de redacci\u00f3n:  Luisa Arditi\u00a0<\/p>\n","protected":false},"excerpt":{"rendered":"Equipo de redactores y colaboradores de EL PA\u00cdS Gastro y El Pa\u00eds Semanal: Paz \u00c1lvarez, Mar\u00eda Arranz, Almudena&hellip;\n","protected":false},"author":2,"featured_media":252043,"comment_status":"","ping_status":"","sticky":false,"template":"","format":"standard","meta":{"footnotes":""},"categories":[8],"tags":[63759,6797,26776,17,18,21975,63754,63755,25,24,13,14,4475,11,18589,19,20,63760,9,10,15,16,63758,63756,38462,13502,2022,23,63757,18937,12,21,22,2739],"class_list":{"0":"post-252042","1":"post","2":"type-post","3":"status-publish","4":"format-standard","5":"has-post-thumbnail","7":"category-espana","8":"tag-arroces","9":"tag-bares","10":"tag-bodegas","11":"tag-breaking-news","12":"tag-breakingnews","13":"tag-carnes","14":"tag-cocteleria","15":"tag-colmados","16":"tag-es","17":"tag-espana","18":"tag-featured-news","19":"tag-featurednews","20":"tag-gastronomia","21":"tag-headlines","22":"tag-helados","23":"tag-latest-news","24":"tag-latestnews","25":"tag-marisco","26":"tag-news","27":"tag-noticias","28":"tag-noticias-destacadas","29":"tag-noticiasdestacadas","30":"tag-panaderias","31":"tag-pastelerias","32":"tag-pescados","33":"tag-queso","34":"tag-restaurantes","35":"tag-spain","36":"tag-tapas","37":"tag-tiendas","38":"tag-titulares","39":"tag-ultimas-noticias","40":"tag-ultimasnoticias","41":"tag-vinos"},"share_on_mastodon":{"url":"","error":"Validation failed: Text character limit of 500 exceeded"},"_links":{"self":[{"href":"https:\/\/www.europesays.com\/es\/wp-json\/wp\/v2\/posts\/252042","targetHints":{"allow":["GET"]}}],"collection":[{"href":"https:\/\/www.europesays.com\/es\/wp-json\/wp\/v2\/posts"}],"about":[{"href":"https:\/\/www.europesays.com\/es\/wp-json\/wp\/v2\/types\/post"}],"author":[{"embeddable":true,"href":"https:\/\/www.europesays.com\/es\/wp-json\/wp\/v2\/users\/2"}],"replies":[{"embeddable":true,"href":"https:\/\/www.europesays.com\/es\/wp-json\/wp\/v2\/comments?post=252042"}],"version-history":[{"count":0,"href":"https:\/\/www.europesays.com\/es\/wp-json\/wp\/v2\/posts\/252042\/revisions"}],"wp:featuredmedia":[{"embeddable":true,"href":"https:\/\/www.europesays.com\/es\/wp-json\/wp\/v2\/media\/252043"}],"wp:attachment":[{"href":"https:\/\/www.europesays.com\/es\/wp-json\/wp\/v2\/media?parent=252042"}],"wp:term":[{"taxonomy":"category","embeddable":true,"href":"https:\/\/www.europesays.com\/es\/wp-json\/wp\/v2\/categories?post=252042"},{"taxonomy":"post_tag","embeddable":true,"href":"https:\/\/www.europesays.com\/es\/wp-json\/wp\/v2\/tags?post=252042"}],"curies":[{"name":"wp","href":"https:\/\/api.w.org\/{rel}","templated":true}]}}