{"id":252044,"date":"2025-11-23T21:09:10","date_gmt":"2025-11-23T21:09:10","guid":{"rendered":"https:\/\/www.europesays.com\/es\/252044\/"},"modified":"2025-11-23T21:09:10","modified_gmt":"2025-11-23T21:09:10","slug":"estado-de-tension-nacional-en-el-teatro-de-la-paz-de-maduro-ante-las-nuevas-operaciones-de-washington-el-mundo","status":"publish","type":"post","link":"https:\/\/www.europesays.com\/es\/252044\/","title":{"rendered":"Estado de tensi\u00f3n nacional en el &#039;teatro de la paz&#039; de Maduro ante las nuevas operaciones de Washington &#8211; El Mundo"},"content":{"rendered":"<ol>\n<li><a href=\"https:\/\/news.google.com\/rss\/articles\/CBMigwFBVV95cUxQZDZWT0VkMDVGYmtsMXlXamdpTGc4MFhFdFM0dnNmTHlSdEgzQlcxQU9paFoyOXpRb3A4OVpsc1NnbVM4d0ZBVEJVNzRQOUlsYlU2VzZQNFdodElpYjBFOU1iUmdZSnFsdG1mN01wb0t1eDJwMmtoMUxsaHRXQXhmbDVsNNIBgwFBVV95cUxNWWJhSXhQQnJjSjIxUXhaaVhrb3ZxOG1aYVE4YWRsdnpZc1JOZC1xNXdYY0FLWlZSVlp1TFdoVF9Cc1pTVDJBQ0hHVFZiU3RZNnNLRDBNdDBnYUxDdTJKUmsxYXQ4aDQ0S0xqWG9KMGVuUWMySXlzMFpYUFNhQmZtRnlmdw?oc=5\" target=\"_blank\" rel=\"nofollow noopener\">Estado de tensi\u00f3n nacional en el &#8216;teatro de la paz&#8217; de Maduro ante las nuevas operaciones de Washington<\/a>&nbsp;&nbsp;El Mundo<\/li>\n<li><a href=\"https:\/\/news.google.com\/rss\/articles\/CBMi0gFBVV95cUxQZ0VfbmFxbEgzUVBjdjRybzI1LUVEZWxyLXk5MlljamZkUmR2d08xeXBfb1VmQ3gwRUM3QVNjb0kzajVEUEhuSGxMMFdkMy1tbzhSNGV5WFFCbVFZcjQ4YUluTzc3Ty1JbFhscWViZWZFQjUyLTJhWFRVazZDcjhKNEtzTG43MWNLWW5uMEE1R0k1ODlmbl9jQnZJT2FIN2VUcXFxN0RNb1k0cHZOWUk0TlZpYTlVWG5pT0l1VVVSNkNXOC1lTDNIV1M4ellSQVdYN2fSAdIBQVVfeXFMTkdjeTdMS2ZVWi1fMklhYzZBUkl5NWVXemRSS2NybEliVUozRzVrWGFBcDJZUTcwQ3dCZ2JhQ1A5X19TcHloLWg3SkdRbVJrRGhuVXlreTNZSU1XS01ac3htby1NdlY5RmNkSmV0a3N3OWt1bUZtOFpJOEN6SFNYOHhmWktwTjZCOVhHbkFJYzNuTVdqXzQwUkNrVmp3ekE2bzBwSXZ6a1FLNGlaOHVlRHV0b25JUV9DZ2NLN2pkTjVKcnl0QlFjallPZkg5UTAxcXd3?oc=5\" target=\"_blank\" rel=\"nofollow noopener\">Maduro responde con m\u00fasica y un baile de \u00abs\u00ed a la paz\u00bb a la nueva amenaza de EEUU<\/a>&nbsp;&nbsp;LaSexta<\/li>\n<li><a href=\"https:\/\/news.google.com\/rss\/articles\/CBMingFBVV95cUxQOFBYSDJjSFpEYy13d29UbmFXS2gxQzl2dS1UTFVOOEhTX0dHSThpZUlIOElLb3dveC1laThPM3ZOWUhNd0YteHU3dDZkbkZuNHlYMFd6RFp1S1h5ejRqTG5OMVFjNUF0MzV2WW5vLUlSV3hzc3hWdGRIWXlMZTFDaXYxOEhLMEFnVzk0RFltVmtoc2VHM0dGdU1WeXRPUQ?oc=5\" target=\"_blank\" rel=\"nofollow noopener\">Maduro dice que en el norte tratan de decir que en Venezuela \u00abhay un r\u00e9gimen, un dictador\u00bb<\/a>&nbsp;&nbsp;ABC<\/li>\n<li><a href=\"https:\/\/news.google.com\/rss\/articles\/CBMirwFBVV95cUxQN1BIQ2JSSlo5N1V1bG9rS2RqXzNvZHZUZmh1NFVQYnVHeG9WbjB4QnlmWFZvdEZweDZDOUVWaVRtY0MwcmtJb2piOFJoU1d4UmFIdWQ5bHpjR0dXY2N5NU1wVkxJMl9BbnFENS1OUERnenhXTWhsNXcyN0hYamVla1BZWmFrUXFlM0hGRFByWG9wS0NHRjRfMGZHd194c0hNb2ZBOG5QbzAyNjB5R3pz0gGvAUFVX3lxTE1mU203WVkwa2Jzc2JJRUhpRDRiSV8zMVZQRTNWMDB4UjdZSnBLZTV1ZUxKaXZuTng1THNJclZXcjdqYXFCNUJBOWp5dFc3VkV3Xy0wV2NtaDNCN253dGU2X3hZQ25ERC03SGtzNXZ1ei1uckRPSlpQdGpaYmtDQ1MwS1pobnFCbkNlLWpTUk5qWUE4dWxybDdncTNWbmlJS0loUV9NMUVHM2FkdEM2cm8?oc=5\" target=\"_blank\" rel=\"nofollow noopener\">Maduro reaparece con un baile y un mensaje para los estudiantes estadounidenses: \u00abDi\u00e1logo, s\u00ed. Paz, s\u00ed\u00bb<\/a>&nbsp;&nbsp;El Peri\u00f3dico<\/li>\n<li><a href=\"https:\/\/news.google.com\/rss\/articles\/CBMi3AFBVV95cUxNTWZiamZGNS0wdEs2Y1BIWnBISDV6N2tPTHAzSC1QdFJGNURZYWpvQnBQRlZxVEVNOVpTOEticEQ5Sm9MUGttczRLY2tHS185c0dyLVBoNDZqazhMZWZBUW5Pa1F4aGNrTG1HZ3E0NmRfcEtPazhBaGFNZ29jVVRhMFVySlNCVTBoc2VVYjh3M05FQ01jY3RPTU15WEQ3QVBTeGdxa0hPbVV4MDdDY19adUFNNDg4aVBnMFpteVp1TmFHLWFsX0x6N3kzT0VEY0w5bG43MVNUckh0R0JN0gH3AUFVX3lxTE1Zc0FyVl9LS2lWY1lHY2pIV0RtY3lta3VXejBhZUNCMW5JNlEwb0YtQk5zWGV6VW4wN1dIWHBMVzZfVzAyZkQyUklwR3c0T192YTVHVTJHbjQ4ZWFhV3JNeVFZTGpZbTFza3dualNDYV9EcXlvWTFNbXl0bWY0ajVlMFNJaDJEV01rdzBHQ2VCcDN3OGtGT0RnVF80LVh1dlJUd2ttLTJyN1hmV01PV3JYSVdlTzNSLWxBNFVaTXhla0owZFdZRFdvT3A2U25XWWZxWlJGSU1PUmJ3V0x5NFlsUVFTUk1pUE9CVTI2clM1UVZ5R3NaUDQ?oc=5\" target=\"_blank\" rel=\"nofollow noopener\">\u201cNo me para nadie\u201d: el baile del dictador Nicol\u00e1s Maduro en medio de las tensiones con Estados Unidos<\/a>&nbsp;&nbsp;Infobae<\/li>\n<\/ol>\n","protected":false},"excerpt":{"rendered":"Estado de tensi\u00f3n nacional en el &#8216;teatro de la paz&#8217; de Maduro ante las nuevas operaciones de Washington&nbsp;&nbsp;El&hellip;\n","protected":false},"author":2,"featured_media":252045,"comment_status":"","ping_status":"","sticky":false,"template":"","format":"standard","meta":{"footnotes":""},"categories":[5],"tags":[889,17,18,1196,25,24,629,13,14,11,61,19,20,1804,9,1194,10,15,16,23,12,21,22,1192],"class_list":{"0":"post-252044","1":"post","2":"type-post","3":"status-publish","4":"format-standard","5":"has-post-thumbnail","7":"category-titulares","8":"tag-america","9":"tag-breaking-news","10":"tag-breakingnews","11":"tag-chavismo","12":"tag-es","13":"tag-espana","14":"tag-estados-unidos","15":"tag-featured-news","16":"tag-featurednews","17":"tag-headlines","18":"tag-internacional","19":"tag-latest-news","20":"tag-latestnews","21":"tag-latinoamerica","22":"tag-news","23":"tag-nicolas-maduro","24":"tag-noticias","25":"tag-noticias-destacadas","26":"tag-noticiasdestacadas","27":"tag-spain","28":"tag-titulares","29":"tag-ultimas-noticias","30":"tag-ultimasnoticias","31":"tag-venezuela"},"share_on_mastodon":{"url":"https:\/\/pubeurope.com\/@es\/115601064864937293","error":""},"_links":{"self":[{"href":"https:\/\/www.europesays.com\/es\/wp-json\/wp\/v2\/posts\/252044","targetHints":{"allow":["GET"]}}],"collection":[{"href":"https:\/\/www.europesays.com\/es\/wp-json\/wp\/v2\/posts"}],"about":[{"href":"https:\/\/www.europesays.com\/es\/wp-json\/wp\/v2\/types\/post"}],"author":[{"embeddable":true,"href":"https:\/\/www.europesays.com\/es\/wp-json\/wp\/v2\/users\/2"}],"replies":[{"embeddable":true,"href":"https:\/\/www.europesays.com\/es\/wp-json\/wp\/v2\/comments?post=252044"}],"version-history":[{"count":0,"href":"https:\/\/www.europesays.com\/es\/wp-json\/wp\/v2\/posts\/252044\/revisions"}],"wp:featuredmedia":[{"embeddable":true,"href":"https:\/\/www.europesays.com\/es\/wp-json\/wp\/v2\/media\/252045"}],"wp:attachment":[{"href":"https:\/\/www.europesays.com\/es\/wp-json\/wp\/v2\/media?parent=252044"}],"wp:term":[{"taxonomy":"category","embeddable":true,"href":"https:\/\/www.europesays.com\/es\/wp-json\/wp\/v2\/categories?post=252044"},{"taxonomy":"post_tag","embeddable":true,"href":"https:\/\/www.europesays.com\/es\/wp-json\/wp\/v2\/tags?post=252044"}],"curies":[{"name":"wp","href":"https:\/\/api.w.org\/{rel}","templated":true}]}}