{"id":252049,"date":"2025-11-23T21:17:13","date_gmt":"2025-11-23T21:17:13","guid":{"rendered":"https:\/\/www.europesays.com\/es\/252049\/"},"modified":"2025-11-23T21:17:13","modified_gmt":"2025-11-23T21:17:13","slug":"clyburn-aparece-para-dar-al-barca-el-primer-triunfo-de-la-nueva-era-pascual","status":"publish","type":"post","link":"https:\/\/www.europesays.com\/es\/252049\/","title":{"rendered":"Clyburn aparece para dar al Bar\u00e7a el primer triunfo de la nueva era Pascual"},"content":{"rendered":"<p data-mrf-recirculation=\"Links P\u00e1rrafos\" class=\"ue-c-article__paragraph paragraph ue-c-article--first-letter-highlighted\"><strong>Xavi Pascual consigui\u00f3 su primera victoria como entrenador del Barcelona en esta etapa<\/strong> que comenz\u00f3 a primeros de semana. <strong>El conjunto azulgrana sigue en el tren de la Copa del Rey tras\u00a0llevarse un elaborado triunfo del Gran Canaria Arena (61-72)<\/strong> en un partido de poca anotaci\u00f3n y mucha intensidad defensiva. Lo liquid\u00f3 <strong>Will Clyburn<\/strong>, que estuvo desaparecido durante toda la tarde para emergi\u00f3 en el tramo final para anotar <strong>seis de sus ocho puntos en los \u00faltimos 1:51<\/strong>.<\/p>\n<p data-mrf-recirculation=\"Links P\u00e1rrafos\" class=\"ue-c-article__paragraph paragraph\">El alero estadounidense refrend\u00f3 el trabajo que previamente hab\u00edan hecho <strong>Tornike Shengelia (14 puntos y seis rebotes) y Nico Laprovittola (otros 14 puntos con cuatro triples sin fallo)<\/strong>. La labor de <strong>Joel Parra<\/strong> en los dos lados de la cancha tambi\u00e9n se dej\u00f3 notar en el \u00faltimo periodo.<\/p>\n<p><img decoding=\"async\" width=\"1333\" height=\"2000\" class=\"ue-c-article__image lazyload\" alt=\"Joel Parra hace una entrada a canasta.\" loading=\"lazy\" src=\"https:\/\/www.europesays.com\/es\/wp-content\/uploads\/2025\/11\/69236f0cc5bf5.jpeg\"\/><\/p>\n<p>Joel Parra hace una entrada a canasta.ACB PHOTO<\/p>\n<p data-mrf-recirculation=\"Links P\u00e1rrafos\" class=\"ue-c-article__paragraph paragraph\">El esfuerzo del Granca no tuvo recompensa. Con una buena defensa mantuvo el tipo a lo largo de todo el choque. <strong>Tobey castig\u00f3 a su exequipo por dentro y por fuera (16 puntos con dos triples y nueve rebotes) y Brussino<\/strong>, que no estuvo bien en el tiro, sum\u00f3 en casi todo: <strong>cinco puntos, seis capturas y siete asistencias<\/strong>. Los amarillos pagaron su desatino desde el triple (5\/22) y las r\u00e1pidas que cometieron en el cuarto acto. <strong>Entrar r\u00e1pido en bonus permiti\u00f3 al Bar\u00e7a sumar nueve tiros libres sin fallo<\/strong>. Decisivo en un choque en el que marcador se movi\u00f3 a c\u00e1mara lenta.<\/p>\n<p>Desgaste en defensa<\/p>\n<p data-mrf-recirculation=\"Links P\u00e1rrafos\" class=\"ue-c-article__paragraph paragraph\">As\u00ed fue desde el salto inicial. Los dos equipos se desgastaron en defensa, santo y se\u00f1a de los equipos de Pascual. Tambi\u00e9n de Lakovic, disc\u00edpulo suyo como jugador. <strong>El 17-14 del primer cuarto. Al descanso, un 29-32<\/strong> que podr\u00edan ser los guarismos de un primer cuarto cualquiera. Entre la espesura afloraban <strong>Tobey por los locales y los canastones de Laprovittola y Punter por los visitantes<\/strong>.<\/p>\n<p data-mrf-recirculation=\"Links P\u00e1rrafos\" class=\"ue-c-article__paragraph paragraph\">Las mu\u00f1ecas parecieron soltarse en el tercer cuarto, aunque se manten\u00eda la igualdad con <strong>un empate a 46 que dejaba todo por decidirse en el \u00faltimo<\/strong>. Ah\u00ed, el Barcelona fue mejor. Los tiros libres, los triples de Lapro y el \u00edmpetu de Shengelia dieron a los azulgranas <strong>una m\u00e1xima de ocho puntos (53-61)<\/strong>. Se acerc\u00f3 el Granca justo antes de que apareciera <strong>Clyburn, que se pas\u00f3 la tarde hibernando hasta los instantes decisivos<\/strong>.<\/p>\n<p>Ficha t\u00e9cnica<\/p>\n<p data-mrf-recirculation=\"Links P\u00e1rrafos\" class=\"ue-c-article__paragraph paragraph\"><strong>61. Dreamland Gran Canaria<\/strong> (17+12+17+15): Albicy (2), Wong (7), Brussino (5), Labeyrie (6) y Tobey (16) -quinteto titular-; Maniema (-), Angola (7), Salv\u00f3 (2), Samar (3), Pelos (5) y Kuath (8).<\/p>\n<p data-mrf-recirculation=\"Links P\u00e1rrafos\" class=\"ue-c-article__paragraph paragraph\"><strong>72. Barcelona<\/strong> (14+18+14+26): Punter (13), Shengelia (14), Laprovittola (14), Vesely (8) y Clyburn (8), -quinteto titular-; Marcos (-), Cale (6), Brizuela (-), Satoransky (1), Hernang\u00f3mez (2) y Parra (6).<\/p>\n<p data-mrf-recirculation=\"Links P\u00e1rrafos\" class=\"ue-c-article__paragraph paragraph\"><strong>\u00c1rbitros:<\/strong> Antonio Conde, Rafael Serrano y Roberto Lucas. Eliminaron por personales a los visitantes Vesely y Shengelia.<\/p>\n<p data-mrf-recirculation=\"Links P\u00e1rrafos\" class=\"ue-c-article__paragraph paragraph\"><strong>Incidencias: <\/strong>Encuentro correspondiente a la octava jornada de la Liga Endesa disputada en el Gran Canaria Arena ante 7.624 espectadores.<\/p>\n","protected":false},"excerpt":{"rendered":"Xavi Pascual consigui\u00f3 su primera victoria como entrenador del Barcelona en esta etapa que comenz\u00f3 a primeros de&hellip;\n","protected":false},"author":2,"featured_media":252050,"comment_status":"","ping_status":"","sticky":false,"template":"","format":"standard","meta":{"footnotes":""},"categories":[269],"tags":[299,298,168,25,24,23,167],"class_list":{"0":"post-252049","1":"post","2":"type-post","3":"status-publish","4":"format-standard","5":"has-post-thumbnail","7":"category-baloncesto","8":"tag-baloncesto","9":"tag-basketball","10":"tag-deportes","11":"tag-es","12":"tag-espana","13":"tag-spain","14":"tag-sports"},"share_on_mastodon":{"url":"https:\/\/pubeurope.com\/@es\/115601096797467689","error":""},"_links":{"self":[{"href":"https:\/\/www.europesays.com\/es\/wp-json\/wp\/v2\/posts\/252049","targetHints":{"allow":["GET"]}}],"collection":[{"href":"https:\/\/www.europesays.com\/es\/wp-json\/wp\/v2\/posts"}],"about":[{"href":"https:\/\/www.europesays.com\/es\/wp-json\/wp\/v2\/types\/post"}],"author":[{"embeddable":true,"href":"https:\/\/www.europesays.com\/es\/wp-json\/wp\/v2\/users\/2"}],"replies":[{"embeddable":true,"href":"https:\/\/www.europesays.com\/es\/wp-json\/wp\/v2\/comments?post=252049"}],"version-history":[{"count":0,"href":"https:\/\/www.europesays.com\/es\/wp-json\/wp\/v2\/posts\/252049\/revisions"}],"wp:featuredmedia":[{"embeddable":true,"href":"https:\/\/www.europesays.com\/es\/wp-json\/wp\/v2\/media\/252050"}],"wp:attachment":[{"href":"https:\/\/www.europesays.com\/es\/wp-json\/wp\/v2\/media?parent=252049"}],"wp:term":[{"taxonomy":"category","embeddable":true,"href":"https:\/\/www.europesays.com\/es\/wp-json\/wp\/v2\/categories?post=252049"},{"taxonomy":"post_tag","embeddable":true,"href":"https:\/\/www.europesays.com\/es\/wp-json\/wp\/v2\/tags?post=252049"}],"curies":[{"name":"wp","href":"https:\/\/api.w.org\/{rel}","templated":true}]}}