{"id":252051,"date":"2025-11-23T21:18:12","date_gmt":"2025-11-23T21:18:12","guid":{"rendered":"https:\/\/www.europesays.com\/es\/252051\/"},"modified":"2025-11-23T21:18:12","modified_gmt":"2025-11-23T21:18:12","slug":"pellegrini-explica-el-cambio-prematuro-de-lo-celso-y-se-muerde-la-lengua-con-la-roja-a-antony-en-el-betis-girona-esta-tocado","status":"publish","type":"post","link":"https:\/\/www.europesays.com\/es\/252051\/","title":{"rendered":"Pellegrini explica el cambio prematuro de Lo Celso y se muerde la lengua con la roja a Antony en el Betis &#8211; Girona: \u00abEst\u00e1 tocado\u00bb"},"content":{"rendered":"<p>El t\u00e9cnico chileno, que solo le reprocha al equipo falta de creatividad, revela que no sustituy\u00f3 al rosarino por motivos t\u00e1cticos y opin\u00f3 sin profundizar de la acci\u00f3n pol\u00e9mica: \u00abNo ten\u00eda intenci\u00f3n\u00bb<\/p>\n<p class=\"parrafo\"><strong>Manuel Pellegrini <\/strong>ofreci\u00f3 una extensa rueda de prensa tras el empate contra el Girona en la que aplaudi\u00f3 el esfuerzo del equipo, <strong>explic\u00f3 que el cambio de Lo Celso hab\u00eda sido forzado <\/strong>y <strong>no quiso profundizar demasiado en la expulsi\u00f3n de Antony.<\/strong><\/p>\n<p class=\"parrafo\">  \u00abJugamos contra un muy buen equipo. <strong>Ellos tiraron una sola vez a porter\u00eda contra 19 nuestras<\/strong>. No estuvimos afinados en los primeros 25 minutos, en los que nos cost\u00f3 agarrar el control del bal\u00f3n, pero el segundo tiempo fue completo. Se pusieron con ventaja y tuvimos la capacidad para empatar aunque son dos puntos perdidos en casa. <strong>Nos falt\u00f3 un poco m\u00e1s de creatividad, pero el equipo hizo un partido correcto\u00bb, <\/strong>se\u00f1al\u00f3 el entrenador verdiblanco, que hizo referencia a las tres sustituciones hechas en el descanso y aclar\u00f3 el motivo de sentar a Lo Celso.<\/p>\n<p>Pellegrini revel\u00f3 que relev\u00f3 a Lo Celso por molestias<\/p>\n<p class=\"parrafo\"><strong>\u00abHicimos los cambios para tener m\u00e1s llegada<\/strong>. Tuvimos tres o cuatro llegadas, pero hac\u00eda falta un volumen ofensivo mayor y hab\u00eda jugadores con problemas. <strong>Iba a hacer dos cambios solo, no tres, pero Gio no se sent\u00eda al 100%. No est\u00e1 lesionado, pero tiene molestias <\/strong>y pod\u00eda lesionarse si le exig\u00edamos. Todos los jugadores son importantes y sabemos de su categor\u00eda, pero tambi\u00e9n he dicho que hay un plantel encargado de sacar los partidos\u00bb, apunt\u00f3 el chileno, al que le preguntaron en varias ocasiones por la expulsi\u00f3n de Antony.<\/p>\n<p class=\"parrafo\"><strong>\u00abNo me podr\u00eda pronunciar. He visto que no tiene intenci\u00f3n en una chilena arriba. No s\u00e9 si impacta en la cara. No he visto con detalle esa acci\u00f3n\u00bb, <\/strong>apunt\u00f3 el m\u00edster. al que le recordaron lo que ocurri\u00f3 con el mismo \u00e1rbitro ante el Espanyol: \u00abTuvimos esa acci\u00f3n conflictiva ante el Espanyol. No he podido ver la jugada, pero creo que n<strong>o tiene intenci\u00f3n de pegarle en la cara, pero no puedo dar mi opini\u00f3n sobre eso.<\/strong> Hubo diferencias de opini\u00f3n en el partido con el Espanyol\u00bb.<\/p>\n<p>Pellegrini: \u00abAntony est\u00e1 tocado\u00bb<\/p>\n<p class=\"parrafo\">En este sentido, revel\u00f3 que Antony est\u00e1 muy dolido, pues dej\u00f3 a su equipo con diez y se pierde el derbi. \u00ab<strong>Antony est\u00e1 tocado porque le pas\u00f3 esto antes de un partido tan importante y no ten\u00eda intenci\u00f3n de hacerlo, pero hay un criterio arbitral y un VAR para decidir si hay expulsi\u00f3n o no\u00bb<\/strong>, se\u00f1al\u00f3 el &#8216;Ingeniero&#8217;, que trat\u00f3 otros temas.<\/p>\n<p class=\"parrafo\"><strong>El regreso de Isco:<\/strong> \u00abSu presencia es clave para cualquier equipo. Le cuesta a cualquier jugador retomar su m\u00e1ximo nivel, pero estoy seguro de que lo ganar\u00e1 muy r\u00e1pido. Estos minutos le han venido bien\u00bb.<\/p>\n<p><a class=\"elementos-rel-t2\" href=\"https:\/\/www.estadiodeportivo.com\/futbol\/betis\/isco-calla-tras-expulsion-antony-betis-girona-con-este-arbitro-20251123-521362.html\" title=\"Isco no se calla tras la expulsi\u00f3n de Antony en el Betis - Girona: &quot;Con este \u00e1rbitro...&quot; \" rel=\"nofollow noopener\" target=\"_blank\">Isco no se calla tras la expulsi\u00f3n de Antony en el Betis &#8211; Girona: \u00abCon este \u00e1rbitro&#8230;\u00bb <img decoding=\"async\" src=\"https:\/\/www.europesays.com\/es\/wp-content\/uploads\/2025\/11\/61f235e0-45d8-4b50-880f-588445d722f2_320x180.jpeg\" alt=\"Isco no se calla tras la expulsi\u00f3n de Antony en el Betis - Girona: &quot;Con este \u00e1rbitro...&quot; \"\/><\/a><a class=\"elementos-rel-t2\" href=\"https:\/\/www.estadiodeportivo.com\/futbol\/betis\/106-dias-despues-isco-vuelve-hacer-feliz-beticismo-20251123-521352.html\" title=\"106 d\u00edas despu\u00e9s, Isco vuelve a hacer feliz al beticismo\" rel=\"nofollow noopener\" target=\"_blank\">106 d\u00edas despu\u00e9s, Isco vuelve a hacer feliz al beticismo<img decoding=\"async\" src=\"https:\/\/www.europesays.com\/es\/wp-content\/uploads\/2025\/11\/9b157150-866d-4c20-8e2d-d2f579da181d_320x180.jpeg\" alt=\"106 d\u00edas despu\u00e9s, Isco vuelve a hacer feliz al beticismo\"\/><\/a><a class=\"elementos-rel-t2\" href=\"https:\/\/www.estadiodeportivo.com\/futbol\/betis\/sorpresa-cartuja-real-betis-anuncia-renovacion-isco-con-gran-tifo-20251123-521342.html\" title=\"\u00a1Sorpresa en La Cartuja! El Real Betis anuncia la renovaci\u00f3n de Isco con un gran tifo \" rel=\"nofollow noopener\" target=\"_blank\">\u00a1Sorpresa en La Cartuja! El Real Betis anuncia la renovaci\u00f3n de Isco con un gran tifo <img decoding=\"async\" src=\"https:\/\/www.europesays.com\/es\/wp-content\/uploads\/2025\/11\/af5bf222-d8f4-4493-b3ef-d14040e32e4a_320x180.jpeg\" alt=\"\u00a1Sorpresa en La Cartuja! El Real Betis anuncia la renovaci\u00f3n de Isco con un gran tifo \"\/><\/a><\/p>\n<p class=\"parrafo\"><strong>La renovaci\u00f3n de Isco:<\/strong> \u00abEs importante. Sabemos lo que es capaz de dar y me alegro mucho por el club porque va a seguir dando lo que ha dado hasta este momento. Los jugadores son lo m\u00e1s importante. Se merec\u00eda la renovaci\u00f3n y ese aplauso\u00bb.<\/p>\n<p class=\"parrafo\"><strong>\u00bfPor qu\u00e9 repiti\u00f3 con Valent\u00edn G\u00f3mez en el carril zurdo?: <\/strong>A Valent\u00edn lo veo de central y lateral. Ya jug\u00f3 ah\u00ed en Argentina. Ten\u00eda a los dos laterales sanos, pero Ricardo hab\u00eda jugado los dos partidos con su selecci\u00f3n y Junior reaparec\u00eda de lesi\u00f3n. La defensa estaba funcionando bien y no hab\u00eda necesidad de hacer cambios. Sum\u00f3 el gol y es un jugador que no tiene problemas en jugar en dos posiciones\u00bb. <\/p>\n<p class=\"parrafo\"><strong>El estado del \u00e1nimo del equipo de cara al derbi: <\/strong>\u00abLlega bien. Nos habr\u00eda gustado sacar los tres puntos, pero jugamos ante un buen equipo. Han pateado dos veces y no estuvimos creativos aunque intentamos por todos los medios sacar la victoria. Se perdieron dos puntos y hay que buscarlos de visita en el derbi, pero antes tenemos la cabeza centrada en la Europa League\u00bb.<\/p>\n","protected":false},"excerpt":{"rendered":"El t\u00e9cnico chileno, que solo le reprocha al equipo falta de creatividad, revela que no sustituy\u00f3 al rosarino&hellip;\n","protected":false},"author":2,"featured_media":252052,"comment_status":"","ping_status":"","sticky":false,"template":"","format":"standard","meta":{"footnotes":""},"categories":[268],"tags":[168,25,24,284,280,282,18013,2048,286,281,23,167],"class_list":{"0":"post-252051","1":"post","2":"type-post","3":"status-publish","4":"format-standard","5":"has-post-thumbnail","7":"category-futbol","8":"tag-deportes","9":"tag-es","10":"tag-espana","11":"tag-estadio-deportivo","12":"tag-football","13":"tag-futbol","14":"tag-girona-fc","15":"tag-manuel-pellegrini","16":"tag-real-betis-balompie","17":"tag-soccer","18":"tag-spain","19":"tag-sports"},"share_on_mastodon":{"url":"https:\/\/pubeurope.com\/@es\/115601101160335822","error":""},"_links":{"self":[{"href":"https:\/\/www.europesays.com\/es\/wp-json\/wp\/v2\/posts\/252051","targetHints":{"allow":["GET"]}}],"collection":[{"href":"https:\/\/www.europesays.com\/es\/wp-json\/wp\/v2\/posts"}],"about":[{"href":"https:\/\/www.europesays.com\/es\/wp-json\/wp\/v2\/types\/post"}],"author":[{"embeddable":true,"href":"https:\/\/www.europesays.com\/es\/wp-json\/wp\/v2\/users\/2"}],"replies":[{"embeddable":true,"href":"https:\/\/www.europesays.com\/es\/wp-json\/wp\/v2\/comments?post=252051"}],"version-history":[{"count":0,"href":"https:\/\/www.europesays.com\/es\/wp-json\/wp\/v2\/posts\/252051\/revisions"}],"wp:featuredmedia":[{"embeddable":true,"href":"https:\/\/www.europesays.com\/es\/wp-json\/wp\/v2\/media\/252052"}],"wp:attachment":[{"href":"https:\/\/www.europesays.com\/es\/wp-json\/wp\/v2\/media?parent=252051"}],"wp:term":[{"taxonomy":"category","embeddable":true,"href":"https:\/\/www.europesays.com\/es\/wp-json\/wp\/v2\/categories?post=252051"},{"taxonomy":"post_tag","embeddable":true,"href":"https:\/\/www.europesays.com\/es\/wp-json\/wp\/v2\/tags?post=252051"}],"curies":[{"name":"wp","href":"https:\/\/api.w.org\/{rel}","templated":true}]}}