{"id":252053,"date":"2025-11-23T21:19:13","date_gmt":"2025-11-23T21:19:13","guid":{"rendered":"https:\/\/www.europesays.com\/es\/252053\/"},"modified":"2025-11-23T21:19:13","modified_gmt":"2025-11-23T21:19:13","slug":"sergio-peris-mencheta-recuerda-a-veronica-echegui-tres-meses-despues-de-su-muerte-con-ella-siempre-se-rompia-la-rutina","status":"publish","type":"post","link":"https:\/\/www.europesays.com\/es\/252053\/","title":{"rendered":"Sergio Peris-Mencheta recuerda a Ver\u00f3nica Echegui tres meses despu\u00e9s de su muerte: \u00abCon ella siempre se romp\u00eda la rutina\u00bb"},"content":{"rendered":"<p><img fetchpriority=\"high\" class=\"v-a-img\" src=\"https:\/\/www.europesays.com\/es\/wp-content\/uploads\/2025\/11\/echegui-kgwF-U240327261210ZGF-1200x840@El Correo.jpg\" loading=\"eager\" decoding=\"async\" alt=\"Sergio Peris-Mencheta recuerda a Ver\u00f3nica Echegui tres meses despu\u00e9s de su muerte: \u00abCon ella siempre se romp\u00eda la rutina\u00bb\"  width=\"1200\" height=\"840\"\/><\/p>\n<p>El actor y director de teatro habla con cari\u00f1o de la int\u00e9rprete, que falleci\u00f3 el pasado agosto a los 42 a\u00f1os a consecuencia del c\u00e1ncer que padec\u00eda<\/p>\n<p><a class=\"v-mdl-ath__fig-a\" href=\"https:\/\/www.elcorreo.com\/autor\/marina-leon-6788.html\" title=\"Marina Le\u00f3n\" rel=\"nofollow noopener\" target=\"_blank\"><br \/>\n<img decoding=\"async\" class=\"v-mdl-ath__img\" src=\"https:\/\/www.europesays.com\/es\/wp-content\/uploads\/2025\/09\/autor-6788-foto-1.jpeg\" alt=\"Marina Le\u00f3n\"\/><br \/>\n<\/a><\/p>\n<p class=\"v-mdl-ath__p v-mdl-ath__p--6\">\nDomingo, 23 de noviembre 2025, 18:48<\/p>\n<p class=\"v-p\">El fallecimeinto de la actriz <a href=\"https:\/\/www.elcorreo.com\/culturas\/cine\/estrechos-vinculos-veronica-echegui-euskadi-20250825151320-nt.html\" target=\"_blank\" title=\"Los estrechos v\u00ednculos de Ver\u00f3nica Echegui con Euskadi\" data-voc-vtm-id=\"in-text-traffic\" data-mrf-link=\"www.elcorreo.com\" rel=\"nofollow noopener\">Ver\u00f3nica Echegui<\/a> falleci\u00f3 hace aproximadamente tres meses dej\u00f3 totalmente conmocionado al mundo del cine. La int\u00e9rprete madrile\u00f1a de 42 a\u00f1os llevaba varios d\u00edas ingresada en el hospital 12 de Octubre a consecuencia del c\u00e1ncer que padec\u00eda.<\/p>\n<p class=\"v-p\">Desde su muerte, los mensajes de cari\u00f1o, homenajes y reconocimientos en redes sociales no han parado. Uno de los \u00faltimos que se ha acordado de los a\u00f1os de amistad junto a la actriz ha sido <a href=\"https:\/\/www.elcorreo.com\/gente-estilo\/nuevo-reves-salud-sergio-perismencheta-impedido-asistir-20251022124210-nt.html\" target=\"_blank\" title=\"El nuevo rev\u00e9s de salud de Sergio Peris-Mencheta que le ha impedido asistir a un evento en Madrid: \u00abTiene que cuidarse\u00bb\" data-voc-vtm-id=\"in-text-traffic\" data-mrf-link=\"www.elcorreo.com\" rel=\"nofollow noopener\">Sergio Peris-Mencheta<\/a>. El int\u00e9rprete y director teatral fue diagnosticado con una leucemia en 2023 y, tras pasar por un tratamiento que incluy\u00f3 un trasplante de m\u00e9dula \u00f3sea de su hermano, la enfermedad ha remitido aunque a\u00fan enfrenta secuelas. Recientemente ha publicado en su perfil de Instagram una foto de Echegui \u00abque le rob\u00e9 hace unos a\u00f1os en Los \u00c1ngeles\u00bb. Seg\u00fan cuenta, lleva unos d\u00edas \u00abteniendo muy presente a Vero\u00bb.<\/p>\n<p class=\"v-p\">\u00abMe vienen los recuerdos de ella siempre sali\u00e9ndose de &#8216;lo com\u00fan&#8217;. Siempre riendo, siempre con la risa por bandera. Es la escena que tengo de ella. No la fantaseo &#8216;correctita&#8217;, vaya\u00bb, escribe. \u00abHasta en los photocalls no posaba, jugaba en otra liga, daba la sensaci\u00f3n de estar pensando: \u00abno os tom\u00e9is esto tan en serio, que en 100 a\u00f1os todos calvos\u00bb. Y esa manera de mirar, como con una mira telesc\u00f3pica detr\u00e1s de la cual se imaginaba un pa\u00eds de las maravillas\u00bb, a\u00f1ade.<\/p>\n<p class=\"v-p\">El autor del libro &#8216;730 d\u00edas&#8217;, en el que narra su batalla m\u00e9dica y emocional contra el c\u00e1ncer, asegura que es como si Ver\u00f3nica \u00abhubiera venido a este mundo solo a recordar de qu\u00e9 iba esto de vivir, y a re\u00edrse un poco de la seriedad, de las preocupaciones, de los estreses\u2026\u00bb, cuenta. Ambos actores compart\u00edan un v\u00ednculo muy fuerte, unido a su amor por el mundo del cine y el teatro. <\/p>\n<p class=\"v-p\">\u00abLa Echegui era el paradigma de las ganas de vivir sin cortapisas. No me la imagino en un ascensor teniendo una conversaci\u00f3n de ascensor. Me la imagino entrando a saco siempre. Con ella siempre se romp\u00eda la rutina, y aparec\u00eda la vida, carajo. Era una sorpresa continua. Con ella se escacharraba lo ordinario. Como si hubiera venido a este mundo a exprimir al m\u00e1ximo los 40 a\u00f1os que iba a vivir\u00bb, a\u00f1ade.<\/p>\n<p>Reporta un error<\/p>\n","protected":false},"excerpt":{"rendered":"El actor y director de teatro habla con cari\u00f1o de la int\u00e9rprete, que falleci\u00f3 el pasado agosto a&hellip;\n","protected":false},"author":2,"featured_media":252054,"comment_status":"","ping_status":"","sticky":false,"template":"","format":"standard","meta":{"footnotes":""},"categories":[174],"tags":[255,987,28379,146,147,25,24,256,1140,4920,63761,7197,63762,26480,2139,369,23,603,27036],"class_list":{"0":"post-252053","1":"post","2":"type-post","3":"status-publish","4":"format-standard","5":"has-post-thumbnail","7":"category-famosos","8":"tag-celebrities","9":"tag-despues","10":"tag-echegui","11":"tag-entertainment","12":"tag-entretenimiento","13":"tag-es","14":"tag-espana","15":"tag-famosos","16":"tag-meses","17":"tag-muerte","18":"tag-perismencheta","19":"tag-recuerda","20":"tag-rompia","21":"tag-rutina","22":"tag-sergio","23":"tag-siempre","24":"tag-spain","25":"tag-tres","26":"tag-veronica"},"share_on_mastodon":{"url":"https:\/\/pubeurope.com\/@es\/115601104553188605","error":""},"_links":{"self":[{"href":"https:\/\/www.europesays.com\/es\/wp-json\/wp\/v2\/posts\/252053","targetHints":{"allow":["GET"]}}],"collection":[{"href":"https:\/\/www.europesays.com\/es\/wp-json\/wp\/v2\/posts"}],"about":[{"href":"https:\/\/www.europesays.com\/es\/wp-json\/wp\/v2\/types\/post"}],"author":[{"embeddable":true,"href":"https:\/\/www.europesays.com\/es\/wp-json\/wp\/v2\/users\/2"}],"replies":[{"embeddable":true,"href":"https:\/\/www.europesays.com\/es\/wp-json\/wp\/v2\/comments?post=252053"}],"version-history":[{"count":0,"href":"https:\/\/www.europesays.com\/es\/wp-json\/wp\/v2\/posts\/252053\/revisions"}],"wp:featuredmedia":[{"embeddable":true,"href":"https:\/\/www.europesays.com\/es\/wp-json\/wp\/v2\/media\/252054"}],"wp:attachment":[{"href":"https:\/\/www.europesays.com\/es\/wp-json\/wp\/v2\/media?parent=252053"}],"wp:term":[{"taxonomy":"category","embeddable":true,"href":"https:\/\/www.europesays.com\/es\/wp-json\/wp\/v2\/categories?post=252053"},{"taxonomy":"post_tag","embeddable":true,"href":"https:\/\/www.europesays.com\/es\/wp-json\/wp\/v2\/tags?post=252053"}],"curies":[{"name":"wp","href":"https:\/\/api.w.org\/{rel}","templated":true}]}}