{"id":252055,"date":"2025-11-23T21:20:14","date_gmt":"2025-11-23T21:20:14","guid":{"rendered":"https:\/\/www.europesays.com\/es\/252055\/"},"modified":"2025-11-23T21:20:14","modified_gmt":"2025-11-23T21:20:14","slug":"maximo-caballero-arquitecto-he-visto-casas-de-lujo-con-errores-que-no-costaria-ni-un-euro-evitar-no-hablo-de-materiales-sino-de-malas-decisiones","status":"publish","type":"post","link":"https:\/\/www.europesays.com\/es\/252055\/","title":{"rendered":"M\u00e1ximo Caballero, arquitecto: \u201cHe visto casas de lujo con errores que no costar\u00eda ni un euro evitar. No hablo de materiales, sino de malas decisiones\u201d"},"content":{"rendered":"<p class=\"\">La <b>vivienda <\/b>es el lugar sagrado de todo individuo, un lugar en el que <b>descansar, disfrutar y pasar tiempo con los seres queridos<\/b>. Por ello, es necesario que el hogar est\u00e9 construido de manera en la que vivir en \u00e9l sea ameno y sencillo. Esta necesidad, vital en casas de peque\u00f1o presupuesto, se vuelve <b>fundamental en aquellas viviendas que superan el mill\u00f3n de euros<\/b>.<\/p>\n<p class=\"\">En este contexto, <b>M\u00e1ximo Caballero<\/b>, arquitecto y creador de contenido, ha compartido un breve v\u00eddeo en TikTok en el que explica los tres errores m\u00e1s comunes en las viviendas de lujo: <b>\u201cHe visto casas de m\u00e1s de un mill\u00f3n de euros con errores que no costar\u00edan ni un solo euro evitar. Y no, no hablo de materiales baratos, sino de decisiones mal pensadas\u201d<\/b>, comienza.<\/p>\n<p class=\"\"><b>\u201cDise\u00f1ar una casa con alto presupuesto no es dif\u00edcil, lo dif\u00edcil es que funcione de verdad\u201d<\/b>, a\u00f1ade para, posteriormente, mencionar los errores m\u00e1s habituales en este tipo de casas: <b>\u201cEl primer error, y m\u00e1s importante, es no pensar la orientaci\u00f3n de las ventanas\u201d<\/b>, afirma. La raz\u00f3n es evidente, M\u00e1ximo explica que, <b>en verano, te permite pasar menos calor y, en invierno, ahorras<\/b> al utilizar menos la calefacci\u00f3n.<\/p>\n<p>\u201cNo te gastas un dineral para pasar calor\u201d<\/p>\n<p class=\"\">Al hablar del segundo error, el creador de contenido habla sobre el tama\u00f1o de los dormitorios y los ba\u00f1os: <b>\u201cDormitorios gigantes pero ba\u00f1os min\u00fasculos. Te sobra cama pero no te cabe ni una ducha en condiciones\u201d<\/b>, recalca.<\/p>\n<p>Noticias relacionadas<a href=\"https:\/\/as.com\/tikitakas\/virales\/chef-jordi-cruz-con-un-trocito-de-pan-absorbes-la-humedad-y-las-galletas-te-van-a-durar-un-monton-super-crujientes-f202511-n\/\" class=\"s_m_w _rt-16x9\" title=\"El cocinero catal\u00e1n desvela un truco super sencillo para conseguir que las galletas no absorban la humedad del tarro y no se ablanden. \" data-tb-link=\"\" rel=\"nofollow noopener\" target=\"_blank\"><img decoding=\"async\" src=\"https:\/\/www.europesays.com\/es\/wp-content\/uploads\/2025\/11\/TNZL5VOMDZBN5MUQGBU5EMXZJU.png\" alt=\"Chef Jordi Cruz: \u201cCon un trocito de pan, absorbes la humedad y las galletas te van a durar un mont\u00f3n super crujientes\u201d\" class=\"\" height=\"9\" width=\"16\"   loading=\"lazy\" data-tb-thumbnail=\"\"\/><\/a><a href=\"https:\/\/as.com\/tikitakas\/virales\/victor-sanchego-cortador-de-jamon-el-amargor-del-cafe-limpia-la-grasa-y-potencia-el-sabor-del-jamon-iberico-es-el-maridaje-perfecto-f202511-n\/\" class=\"s_m_w _rt-16x9\" title=\"El creador de contenido ha compartido un breve v\u00eddeo en TikTok en el que muestra el paso a paso para preparar, seg\u00fan \u00e9l, la mejor tostada de jam\u00f3n ib\u00e9rico.\" data-tb-link=\"\" rel=\"nofollow noopener\" target=\"_blank\"><img decoding=\"async\" src=\"https:\/\/www.europesays.com\/es\/wp-content\/uploads\/2025\/11\/EFQ2KNY65VD7PCBO7YASKJPYPQ.jpg\" alt=\"V\u00edctor Sanchego, cortador de jam\u00f3n: \u201cEl amargor del caf\u00e9 limpia la grasa y potencia el sabor del jam\u00f3n ib\u00e9rico, es el maridaje perfecto\u201d \" class=\"\" height=\"9\" width=\"16\"   loading=\"lazy\" data-tb-thumbnail=\"\"\/><\/a><\/p>\n<p class=\"\"><b>\u201cY tercero, un buen sistema de climatizaci\u00f3n. No te vas a gastar un dineral en tu casa para estar pasando calor\u201d<\/b>, concluye M\u00e1ximo Caballero, dejando claro que, por muy cara que sea una vivienda, si su construcci\u00f3n, proporciones o materiales son incorrectos, el resultado <b>va a dejar mucho que desear<\/b>.<\/p>\n<p class=\"\"><b>\u00a1Tus opiniones importan!<\/b> Comenta en los art\u00edculos y suscr\u00edbete gratis a nuestra <a href=\"https:\/\/asfan.as.com\/newsletters\/\" target=\"_blank\" rel=\"nofollow noopener\" title=\"https:\/\/asfan.as.com\/newsletters\/\">newsletter<\/a> y a las alertas informativas en la <a href=\"https:\/\/as.com\/aplicacion-de-as-n\/\" target=\"_blank\" rel=\"nofollow noopener\" title=\"https:\/\/as.com\/aplicacion-de-as-n\/\">App<\/a> o el canal de <a href=\"https:\/\/www.whatsapp.com\/channel\/0029VaAasdA7j6g745nz9M10\" target=\"_blank\" rel=\"nofollow noopener\" title=\"https:\/\/www.whatsapp.com\/channel\/0029VaAasdA7j6g745nz9M10\">WhatsApp<\/a>. \u00bfBuscas licenciar contenido? Haz clic <a href=\"https:\/\/profesional.elpais.com\/soluciones-sindicacion?utm_medium=interno&amp;utm_source=crosslinking&amp;utm_campaign=sindicacion_as_pie_articulos\" target=\"_blank\" rel=\"nofollow noopener\" title=\"https:\/\/profesional.elpais.com\/soluciones-sindicacion?utm_medium=interno&amp;utm_source=crosslinking&amp;utm_campaign=sindicacion_as_pie_articulos\">aqu\u00ed<\/a><\/p>\n","protected":false},"excerpt":{"rendered":"La vivienda es el lugar sagrado de todo individuo, un lugar en el que descansar, disfrutar y pasar&hellip;\n","protected":false},"author":2,"featured_media":252056,"comment_status":"","ping_status":"","sticky":false,"template":"","format":"standard","meta":{"footnotes":""},"categories":[173],"tags":[229,233,231,230,232,234,146,147,25,24,23],"class_list":{"0":"post-252055","1":"post","2":"type-post","3":"status-publish","4":"format-standard","5":"has-post-thumbnail","7":"category-arte-y-diseno","8":"tag-arte","9":"tag-arte-y-diseno","10":"tag-arts","11":"tag-arts-and-design","12":"tag-design","13":"tag-diseno","14":"tag-entertainment","15":"tag-entretenimiento","16":"tag-es","17":"tag-espana","18":"tag-spain"},"share_on_mastodon":{"url":"https:\/\/pubeurope.com\/@es\/115601108316216001","error":""},"_links":{"self":[{"href":"https:\/\/www.europesays.com\/es\/wp-json\/wp\/v2\/posts\/252055","targetHints":{"allow":["GET"]}}],"collection":[{"href":"https:\/\/www.europesays.com\/es\/wp-json\/wp\/v2\/posts"}],"about":[{"href":"https:\/\/www.europesays.com\/es\/wp-json\/wp\/v2\/types\/post"}],"author":[{"embeddable":true,"href":"https:\/\/www.europesays.com\/es\/wp-json\/wp\/v2\/users\/2"}],"replies":[{"embeddable":true,"href":"https:\/\/www.europesays.com\/es\/wp-json\/wp\/v2\/comments?post=252055"}],"version-history":[{"count":0,"href":"https:\/\/www.europesays.com\/es\/wp-json\/wp\/v2\/posts\/252055\/revisions"}],"wp:featuredmedia":[{"embeddable":true,"href":"https:\/\/www.europesays.com\/es\/wp-json\/wp\/v2\/media\/252056"}],"wp:attachment":[{"href":"https:\/\/www.europesays.com\/es\/wp-json\/wp\/v2\/media?parent=252055"}],"wp:term":[{"taxonomy":"category","embeddable":true,"href":"https:\/\/www.europesays.com\/es\/wp-json\/wp\/v2\/categories?post=252055"},{"taxonomy":"post_tag","embeddable":true,"href":"https:\/\/www.europesays.com\/es\/wp-json\/wp\/v2\/tags?post=252055"}],"curies":[{"name":"wp","href":"https:\/\/api.w.org\/{rel}","templated":true}]}}