{"id":252057,"date":"2025-11-23T21:22:13","date_gmt":"2025-11-23T21:22:13","guid":{"rendered":"https:\/\/www.europesays.com\/es\/252057\/"},"modified":"2025-11-23T21:22:13","modified_gmt":"2025-11-23T21:22:13","slug":"la-miniserie-espanola-de-misterio-que-todos-estan-viendo","status":"publish","type":"post","link":"https:\/\/www.europesays.com\/es\/252057\/","title":{"rendered":"la miniserie espa\u00f1ola de misterio que todos est\u00e1n viendo"},"content":{"rendered":"<p>La colecci\u00f3n de thrillers de <strong><a href=\"https:\/\/www.quever.news\/temas\/netflix-7.html\" class=\"agrupador\" rel=\"follow nofollow noopener\" target=\"_blank\">Netflix<\/a><\/strong> suele ser un \u00e9xito asegurado, pero cada cierto tiempo la plataforma sorprende con una propuesta que lleva el g\u00e9nero un paso m\u00e1s all\u00e1. Ese es el caso de <a href=\"https:\/\/es.wikipedia.org\/wiki\/El_cuco_de_cristal\" target=\"_blank\" rel=\"nofollow noopener\">El cuco de cristal<\/a>, la reciente<strong>  <a href=\"https:\/\/www.quever.news\/temas\/miniserie-650.html\" class=\"agrupador\" rel=\"follow nofollow noopener\" target=\"_blank\">miniserie<\/a><\/strong> basada en la novela hom\u00f3nima de Javier Castillo, un misterio que mantiene al p\u00fablico en vilo desde el primer minuto y que ya se perfila como uno de los t\u00edtulos m\u00e1s comentados del mes. <\/p>\n<p>\t \t \u00bfDe qu\u00e9 se trata El cuco de cristal?  <\/p>\n<p> el cuco de cristal 2   <\/p>\n<p>  <img loading=\"lazy\" decoding=\"async\" src=\"https:\/\/www.quever.news\/css-custom\/374\/lazy.svg\" data-td-src-property=\"https:\/\/media.quever.news\/p\/655a1fe71270ad6a3452f718585bc30c\/adjuntos\/374\/imagenes\/001\/843\/0001843751\/760x0\/698x219:718x239\/el-cuco-cristal-2.jpg\" alt=\"Catalina Sopelana es la protagonista de El cuco de cristal.\" title=\"Catalina Sopelana es la protagonista de El cuco de cristal.\" width=\"760\" height=\"427\" id=\"1849945-Libre-395200337_embed\"\/>    <\/p>\n<p>Catalina Sopelana es la protagonista de El cuco de cristal.<\/p>\n<p>Netflix<\/p>\n<p>La historia se desarrolla en Yesques, un peque\u00f1o pueblo ficticio marcado por una serie de desapariciones que nadie ha logrado explicar.<\/p>\n<p>Todo comienza cuando Clara (Catalina Sopelana), una m\u00e9dica madrile\u00f1a, necesita con urgencia un trasplante de coraz\u00f3n para sobrevivir. Tras la operaci\u00f3n, queda obsesionada con descubrir qui\u00e9n fue la persona que le permiti\u00f3 seguir con vida. Aunque en Espa\u00f1a la identidad de los donantes es confidencial, Clara finalmente averigua que su nuevo coraz\u00f3n perteneci\u00f3 a Carlos Ferrer, fallecido en un accidente automovil\u00edstico. Decidida a ofrecer sus condolencias, viaja a Yesques, y all\u00ed descubre que la historia es mucho m\u00e1s oscura de lo que imaginaba.<\/p>\n<p>El pueblo arrastra tres d\u00e9cadas de desapariciones sin resolver, incluido el caso del propio padre de Carlos, Miguel (Alejandro Garc\u00eda), cuyo cuerpo jam\u00e1s apareci\u00f3. A medida que avanza su investigaci\u00f3n, Clara queda atrapada en los secretos del lugar hasta toparse con aquello que ni la polic\u00eda hab\u00eda logrado descifrar. El pasado retorcido de Yesques recuerda a algunos de los misterios m\u00e1s ic\u00f3nicos de las \u00faltimas d\u00e9cadas.<\/p>\n<p> La serie <strong>espa\u00f1ola <\/strong>recuerda a los misterios sombr\u00edos y profundamente atmosf\u00e9ricos de producciones como True Detective. Al igual que en la serie de HBO, Clara se ve arrastrada a un mundo desconocido, te\u00f1ido de superstici\u00f3n y traumas que se remontan a generaciones anteriores.<\/p>\n<p>Quienes quieran sumarse al misterio ya pueden ver El cuco de cristal en <strong>Netflix<\/strong>.<\/p>\n","protected":false},"excerpt":{"rendered":"La colecci\u00f3n de thrillers de Netflix suele ser un \u00e9xito asegurado, pero cada cierto tiempo la plataforma sorprende&hellip;\n","protected":false},"author":2,"featured_media":252058,"comment_status":"","ping_status":"","sticky":false,"template":"","format":"standard","meta":{"footnotes":""},"categories":[171],"tags":[146,147,25,24,23,214],"class_list":{"0":"post-252057","1":"post","2":"type-post","3":"status-publish","4":"format-standard","5":"has-post-thumbnail","7":"category-tv","8":"tag-entertainment","9":"tag-entretenimiento","10":"tag-es","11":"tag-espana","12":"tag-spain","13":"tag-tv"},"share_on_mastodon":{"url":"https:\/\/pubeurope.com\/@es\/115601116766181689","error":""},"_links":{"self":[{"href":"https:\/\/www.europesays.com\/es\/wp-json\/wp\/v2\/posts\/252057","targetHints":{"allow":["GET"]}}],"collection":[{"href":"https:\/\/www.europesays.com\/es\/wp-json\/wp\/v2\/posts"}],"about":[{"href":"https:\/\/www.europesays.com\/es\/wp-json\/wp\/v2\/types\/post"}],"author":[{"embeddable":true,"href":"https:\/\/www.europesays.com\/es\/wp-json\/wp\/v2\/users\/2"}],"replies":[{"embeddable":true,"href":"https:\/\/www.europesays.com\/es\/wp-json\/wp\/v2\/comments?post=252057"}],"version-history":[{"count":0,"href":"https:\/\/www.europesays.com\/es\/wp-json\/wp\/v2\/posts\/252057\/revisions"}],"wp:featuredmedia":[{"embeddable":true,"href":"https:\/\/www.europesays.com\/es\/wp-json\/wp\/v2\/media\/252058"}],"wp:attachment":[{"href":"https:\/\/www.europesays.com\/es\/wp-json\/wp\/v2\/media?parent=252057"}],"wp:term":[{"taxonomy":"category","embeddable":true,"href":"https:\/\/www.europesays.com\/es\/wp-json\/wp\/v2\/categories?post=252057"},{"taxonomy":"post_tag","embeddable":true,"href":"https:\/\/www.europesays.com\/es\/wp-json\/wp\/v2\/tags?post=252057"}],"curies":[{"name":"wp","href":"https:\/\/api.w.org\/{rel}","templated":true}]}}