{"id":252059,"date":"2025-11-23T21:24:14","date_gmt":"2025-11-23T21:24:14","guid":{"rendered":"https:\/\/www.europesays.com\/es\/252059\/"},"modified":"2025-11-23T21:24:14","modified_gmt":"2025-11-23T21:24:14","slug":"daniel-radcliffe-lanza-un-mensaje-al-nuevo-harry-potter-espero-que-lo-estes-pasando-mejor-que-yo-cine-y-tv","status":"publish","type":"post","link":"https:\/\/www.europesays.com\/es\/252059\/","title":{"rendered":"Daniel Radcliffe lanza un mensaje al nuevo Harry Potter: \u00abEspero que lo est\u00e9s pasando mejor que yo\u00bb | Cine y TV"},"content":{"rendered":"<p class=\"loc\">Madrid<\/p>\n<p>Harry Potter volver\u00e1 a cruzar el \u00abAnd\u00e9n 9 3\/4\u00bb, pero no ser\u00e1 el Harry Potter de siempre, el que Daniel Radcliffe interpret\u00f3 durante a\u00f1os. El m\u00edtico mago que estudiar\u00e1 esta vez en Hogwarts, en la serie que HBO Max prepara para la peque\u00f1a pantalla, ser\u00e1 interpretado por Dominic McLaughlin, un ni\u00f1o escoc\u00e9s de 12 a\u00f1os elegido entre 30.000 candidatos.<\/p>\n<p>Tiene la misma edad que Daniel Radcliffe cuando se estren\u00f3 Harry Potter y la piedra filosofal, la pel\u00edcula que dio inicio a la saga basada en los libros de J.K. Rowling. Aquello convirti\u00f3 a Radcliffe en uno de los actores m\u00e1s reconocidos mundialmente con tan solo 12 a\u00f1os. Saber que esto puede ocurrirle a otro ni\u00f1o le ha enternecido.<\/p>\n<p>Dominic Mclaughin respondi\u00f3 a Radcliffe<\/p>\n<p>En un programa de televisi\u00f3n, Radcliffe admiti\u00f3 que no quiere entrometerse en la nueva generaci\u00f3n de magos, pero le escribi\u00f3 una carta al actor que vuelve a llevar la cicatriz del rayo en la frente. \u00abLe escrib\u00ed a Dominic y \u00e9l me respondi\u00f3 con una nota muy dulce\u00bb, cont\u00f3 el actor en el programa Good Morning America. Radcliffe explic\u00f3 que en ese mensaje le dec\u00eda al nuevo Harry Potter: \u00abEspero que lo est\u00e9s pasando de maravilla, incluso mejor que yo\u00bb.<\/p>\n<p>Ya han comenzado las grabaciones de la nueva serie, que pretende llegar a siete temporadas, una por cada libro. Los muggles tendremos que esperar hasta 2027 para volver a adentrarnos en los hechizos de Hogwarts.<\/p>\n","protected":false},"excerpt":{"rendered":"Madrid Harry Potter volver\u00e1 a cruzar el \u00abAnd\u00e9n 9 3\/4\u00bb, pero no ser\u00e1 el Harry Potter de siempre,&hellip;\n","protected":false},"author":2,"featured_media":252060,"comment_status":"","ping_status":"","sticky":false,"template":"","format":"standard","meta":{"footnotes":""},"categories":[169],"tags":[177,146,147,25,24,176,175,23],"class_list":{"0":"post-252059","1":"post","2":"type-post","3":"status-publish","4":"format-standard","5":"has-post-thumbnail","7":"category-cine","8":"tag-cine","9":"tag-entertainment","10":"tag-entretenimiento","11":"tag-es","12":"tag-espana","13":"tag-film","14":"tag-movies","15":"tag-spain"},"share_on_mastodon":{"url":"","error":""},"_links":{"self":[{"href":"https:\/\/www.europesays.com\/es\/wp-json\/wp\/v2\/posts\/252059","targetHints":{"allow":["GET"]}}],"collection":[{"href":"https:\/\/www.europesays.com\/es\/wp-json\/wp\/v2\/posts"}],"about":[{"href":"https:\/\/www.europesays.com\/es\/wp-json\/wp\/v2\/types\/post"}],"author":[{"embeddable":true,"href":"https:\/\/www.europesays.com\/es\/wp-json\/wp\/v2\/users\/2"}],"replies":[{"embeddable":true,"href":"https:\/\/www.europesays.com\/es\/wp-json\/wp\/v2\/comments?post=252059"}],"version-history":[{"count":0,"href":"https:\/\/www.europesays.com\/es\/wp-json\/wp\/v2\/posts\/252059\/revisions"}],"wp:featuredmedia":[{"embeddable":true,"href":"https:\/\/www.europesays.com\/es\/wp-json\/wp\/v2\/media\/252060"}],"wp:attachment":[{"href":"https:\/\/www.europesays.com\/es\/wp-json\/wp\/v2\/media?parent=252059"}],"wp:term":[{"taxonomy":"category","embeddable":true,"href":"https:\/\/www.europesays.com\/es\/wp-json\/wp\/v2\/categories?post=252059"},{"taxonomy":"post_tag","embeddable":true,"href":"https:\/\/www.europesays.com\/es\/wp-json\/wp\/v2\/tags?post=252059"}],"curies":[{"name":"wp","href":"https:\/\/api.w.org\/{rel}","templated":true}]}}