{"id":252067,"date":"2025-11-23T21:28:10","date_gmt":"2025-11-23T21:28:10","guid":{"rendered":"https:\/\/www.europesays.com\/es\/252067\/"},"modified":"2025-11-23T21:28:10","modified_gmt":"2025-11-23T21:28:10","slug":"estos-ladrones-de-londres-devolvian-los-telefonos-a-sus-duenos-si-no-eran-un-iphone","status":"publish","type":"post","link":"https:\/\/www.europesays.com\/es\/252067\/","title":{"rendered":"Estos ladrones de Londres devolv\u00edan los tel\u00e9fonos a sus due\u00f1os si no eran un iPhone"},"content":{"rendered":"<p class=\"Paragraph\">Los robos de m\u00f3viles siguen siendo un problema diario en ciudades como Londres, pero un reciente informe local ha dejado un detalle bastante llamativo: <strong>cada vez m\u00e1s ladrones est\u00e1n pasando de largo cuando el dispositivo no es un iPhone<\/strong>. Varios usuarios con Android han contado sus experiencias, y todas apuntan en la misma direcci\u00f3n.<\/p>\n<p class=\"Paragraph\">Historias de m\u00f3viles rechazados, situaciones surrealistas y ladrones que devuelven el tel\u00e9fono al comprobar que no es un modelo de Apple. Un patr\u00f3n que empieza a repetirse entre v\u00edctimas que, tras el susto, acaban recuperando su dispositivo simplemente porque <strong>no interesa en el mercado negro<\/strong>. Un fen\u00f3meno tan curioso como preocupante.<\/p>\n<p>Los ladrones buscan iPhone y devuelven Android<\/p>\n<p class=\"Paragraph\">Seg\u00fan recoge la prensa local, varios londinenses con Android han vivido un aut\u00e9ntico carrusel emocional: <strong>el atraco, el miedo y, de repente, el ladr\u00f3n devolvi\u00e9ndoles el m\u00f3vil<\/strong>. Algunos de ellos ten\u00edan Samsung Galaxy, y aun as\u00ed los delincuentes descartaron quedarse con el dispositivo en cuanto confirmaron el modelo.<\/p>\n<p class=\"Paragraph\">Uno de los casos m\u00e1s llamativos es el de un vecino al que asaltaron varias personas a principios de a\u00f1o. Le quitaron el m\u00f3vil, la c\u00e1mara e incluso el gorro, pero mientras hu\u00edan, uno de los ladrones decidi\u00f3 volver sobre sus pasos para devolverle el tel\u00e9fono. Su argumento fue tan corto como claro: <strong>ese modelo no les interesaba y prefer\u00edan centrarse en los iPhone<\/strong>.<\/p>\n<p class=\"Paragraph\">Las escenas se repiten con distintos protagonistas. Otro usuario vio c\u00f3mo un ladr\u00f3n en bici le arrebataba el m\u00f3vil, lo inspeccionaba brevemente y <strong>lo tiraba al suelo antes de marcharse<\/strong>. No era un iPhone, as\u00ed que no merec\u00eda la pena. Una situaci\u00f3n tan absurda que muchos solo caen en lo que ha pasado cuando ya han recuperado el dispositivo.<\/p>\n<p class=\"Paragraph\">Aunque la adopci\u00f3n entre iPhone y Android en Reino Unido est\u00e1 bastante equilibrada, la realidad es que <strong>los dispositivos de Apple siguen teniendo un valor de reventa muy superior<\/strong>. Y eso marca las prioridades de los ladrones.<\/p>\n","protected":false},"excerpt":{"rendered":"Los robos de m\u00f3viles siguen siendo un problema diario en ciudades como Londres, pero un reciente informe local&hellip;\n","protected":false},"author":2,"featured_media":252068,"comment_status":"","ping_status":"","sticky":false,"template":"","format":"standard","meta":{"footnotes":""},"categories":[81],"tags":[119,123,124,25,24,117,121,122,23,118,120],"class_list":{"0":"post-252067","1":"post","2":"type-post","3":"status-publish","4":"format-standard","5":"has-post-thumbnail","7":"category-ciencia-y-tecnologia","8":"tag-ciencia","9":"tag-ciencia-y-tecnologia","10":"tag-cienciaytecnologia","11":"tag-es","12":"tag-espana","13":"tag-science","14":"tag-science-and-technology","15":"tag-scienceandtechnology","16":"tag-spain","17":"tag-technology","18":"tag-tecnologia"},"share_on_mastodon":{"url":"https:\/\/pubeurope.com\/@es\/115601139581423803","error":""},"_links":{"self":[{"href":"https:\/\/www.europesays.com\/es\/wp-json\/wp\/v2\/posts\/252067","targetHints":{"allow":["GET"]}}],"collection":[{"href":"https:\/\/www.europesays.com\/es\/wp-json\/wp\/v2\/posts"}],"about":[{"href":"https:\/\/www.europesays.com\/es\/wp-json\/wp\/v2\/types\/post"}],"author":[{"embeddable":true,"href":"https:\/\/www.europesays.com\/es\/wp-json\/wp\/v2\/users\/2"}],"replies":[{"embeddable":true,"href":"https:\/\/www.europesays.com\/es\/wp-json\/wp\/v2\/comments?post=252067"}],"version-history":[{"count":0,"href":"https:\/\/www.europesays.com\/es\/wp-json\/wp\/v2\/posts\/252067\/revisions"}],"wp:featuredmedia":[{"embeddable":true,"href":"https:\/\/www.europesays.com\/es\/wp-json\/wp\/v2\/media\/252068"}],"wp:attachment":[{"href":"https:\/\/www.europesays.com\/es\/wp-json\/wp\/v2\/media?parent=252067"}],"wp:term":[{"taxonomy":"category","embeddable":true,"href":"https:\/\/www.europesays.com\/es\/wp-json\/wp\/v2\/categories?post=252067"},{"taxonomy":"post_tag","embeddable":true,"href":"https:\/\/www.europesays.com\/es\/wp-json\/wp\/v2\/tags?post=252067"}],"curies":[{"name":"wp","href":"https:\/\/api.w.org\/{rel}","templated":true}]}}