{"id":252070,"date":"2025-11-23T21:30:12","date_gmt":"2025-11-23T21:30:12","guid":{"rendered":"https:\/\/www.europesays.com\/es\/252070\/"},"modified":"2025-11-23T21:30:12","modified_gmt":"2025-11-23T21:30:12","slug":"israel-mata-a-21-personas-en-gaza-en-un-dia-y-acusa-a-hamas-de-violar-la-tregua-de-manera-flagrante-internacional","status":"publish","type":"post","link":"https:\/\/www.europesays.com\/es\/252070\/","title":{"rendered":"Israel mata a 21 personas en Gaza en un d\u00eda y acusa a Ham\u00e1s de violar la tregua de manera \u201cflagrante\u201d | Internacional"},"content":{"rendered":"<p class=\"\">Una nueva oleada de bombardeos israel\u00edes sobre la franja de Gaza ha matado este s\u00e1bado a 21 personas y dejado 83 heridos, seg\u00fan los \u00faltimos datos difundidos este domingo por el ministerio de Sanidad gazat\u00ed. Se trata de una de las jornadas m\u00e1s mort\u00edferas en el enclave <a href=\"https:\/\/elpais.com\/internacional\/2025-10-18\/gaza-intenta-recuperar-cierta-normalidad-entre-ataques-y-restricciones-de-israel.html\" target=\"_blank\" rel=\"noreferrer nofollow noopener\" title=\"https:\/\/elpais.com\/internacional\/2025-10-18\/gaza-intenta-recuperar-cierta-normalidad-entre-ataques-y-restricciones-de-israel.html\">desde el inicio de la tregua<\/a>, pero los <a href=\"https:\/\/elpais.com\/internacional\/2025-10-30\/un-alto-el-fuego-salpicado-de-ataques-israelies-mas-de-200-personas-han-muerto-en-gaza-desde-el-anuncio-de-tregua.html\" target=\"_blank\" rel=\"nofollow noopener\" title=\"https:\/\/elpais.com\/internacional\/2025-10-30\/un-alto-el-fuego-salpicado-de-ataques-israelies-mas-de-200-personas-han-muerto-en-gaza-desde-el-anuncio-de-tregua.html\">episodios de violencia son cada vez m\u00e1s frecuentes<\/a> en la Franja y amenazan con convertirse en la nueva realidad del territorio a pesar de la existencia de un alto el fuego. Desde el inicio del cese seis semanas atr\u00e1s, Israel ha matado a 339 personas en Gaza \u2015la mayor\u00eda, mujeres, ni\u00f1os y mayores\u2015, seg\u00fan las autoridades palestinas.<\/p>\n<p class=\"\">Israel ha justificado los \u00faltimos ataques como una respuesta a las infiltraciones de hombres armados hacia el territorio gazat\u00ed controlado por las tropas israel\u00edes, una acci\u00f3n que ha descrito como una <a href=\"https:\/\/elpais.com\/internacional\/2025-10-19\/israel-bombardea-el-sur-y-centro-de-gaza-tras-acusar-a-hamas-de-violar-el-alto-el-fuego.html\" target=\"_blank\" rel=\"nofollow noopener\" title=\"https:\/\/elpais.com\/internacional\/2025-10-19\/israel-bombardea-el-sur-y-centro-de-gaza-tras-acusar-a-hamas-de-violar-el-alto-el-fuego.html\">violaci\u00f3n \u201cflagrante\u201d de la tregua por parte de Ham\u00e1s<\/a>. La milicia se\u00f1ala a las autoridades israel\u00edes por \u201cfabricar pretextos\u201d para retomar la ofensiva en el enclave, y reclama a EE UU, principal impulsor del acuerdo, que \u201ccontenga los intentos israel\u00edes de socavarlo\u201d.<\/p>\n<p class=\"\">El primer ministro israel\u00ed, Benjam\u00edn Netanyahu, ha ratificado este domingo la acci\u00f3n militar de la v\u00edspera. En unas declaraciones realizadas en una reuni\u00f3n del Gobierno y difundidas por un comunicado, el mandatario ha anticipado que Israel seguir\u00e1 poniendo un precio \u201cmuy alto\u201d a las \u201cnumerosas\u201d violaciones del acuerdo que asegura que Ham\u00e1s est\u00e1 cometiendo en Gaza, y ha aseverado que las autoridades israel\u00edes no requieren del permiso de nadie para actuar militarmente en la Franja o en L\u00edbano, donde el ej\u00e9rcito israel\u00ed dice haber eliminado a dos combatientes de Hezbol\u00e1 el s\u00e1bado. \u201cOperamos independientemente de todo el mundo\u201d, concluye la declaraci\u00f3n de Netanyahu. \u201cEstas respuestas pasan por el Ministerio de Defensa y en \u00faltima instancia llegan a m\u00ed. Israel es responsable de su propia seguridad\u201d.<\/p>\n<p class=\"\">El s\u00e1bado, las tropas israel\u00edes iniciaron una sucesi\u00f3n de ataques bombardeando un veh\u00edculo en Rimal, un barrio abarrotado de poblaci\u00f3n desplazada en Ciudad de Gaza. El misil y el posterior incendio dejaron al menos cinco muertos y m\u00e1s de 20 heridos, la mayor\u00eda ni\u00f1os, seg\u00fan el director del Hospital al Shifa, Rami Mhanna. Otro ataque en el barrio de Al Naser, al oeste de Ciudad de Gaza, mat\u00f3 a cuatro personas.<\/p>\n<p class=\"\">Las hostilidades israel\u00edes tambi\u00e9n se desplegaron sobre el centro del enclave. Las tropas dispararon proyectiles contra dos viviendas en las localidades de Deir el Balah y en el campo de refugiados de Nuseirat. El Hospital Al Awda, ubicado en la zona, recibi\u00f3 cinco cad\u00e1veres, incluidos los de dos ni\u00f1os y una mujer. Tambi\u00e9n 38 heridos, de los cuales 14 eran menores, seg\u00fan ha confirmado a este diario Mohamed Salha, un responsable del centro m\u00e9dico.<\/p>\n<p class=\"\">Minutos despu\u00e9s del ataque, un comunicado de Netanyahu difundido el s\u00e1bado por la tarde acusaba a Ham\u00e1s de \u201cenviar a un terrorista\u201d para atentar contra soldados israel\u00edes. \u201cEn contestaci\u00f3n, hemos eliminado a cinco terroristas de Ham\u00e1s\u201d, dec\u00eda en aparente alusi\u00f3n a los ataques que Israel hab\u00eda lanzado en Gaza justo antes. <\/p>\n<p><img decoding=\"auto\" class=\"_re lazyload a_m-h\" height=\"276\"  width=\"414\"  src=\"https:\/\/www.europesays.com\/es\/wp-content\/uploads\/2025\/11\/KTH7O7OD7NIPZG3CZYTKAREGL4.jpg\" loading=\"lazy\"\/>Los cuerpos de palestinos muertos en los ataques israel\u00edes de este s\u00e1bado sobre la Franja, en el dep\u00f3sito de cad\u00e1veres del hospital Al Shifa en Ciudad de Gaza.<br \/>\nMOHAMMED SABER (EFE)<\/p>\n<p class=\"\">En paralelo, las tropas israel\u00edes denunciaban varios incidentes relacionados con la infiltraci\u00f3n de terroristas en las zonas controladas por Israel, y reportaban acciones de fuego israel\u00edes de distinto grado. En algunos casos, esas hostilidades se limitaban a \u201celiminar la amenaza\u201d. En otras, las tropas habr\u00edan reaccionado con \u201cbombardeos precisos\u201d contra agentes y activos militares de Ham\u00e1s en toda la Franja, se\u00f1ala un comunicado castrense este domingo.<\/p>\n<p class=\"\">Las sucesivas ofensivas rel\u00e1mpago perpetradas en Gaza por Israel \u2015que sigue incumpliendo sus obligaciones humanitarias, negando a dos millones de palestinos la comida y los elementos de refugio <a href=\"https:\/\/elpais.com\/internacional\/2025-10-14\/300-camiones-en-lugar-de-los-600-comprometidos-israel-frena-el-envio-de-ayuda-a-gaza.html\" target=\"_self\" rel=\"nofollow noopener\" title=\"https:\/\/elpais.com\/internacional\/2025-10-14\/300-camiones-en-lugar-de-los-600-comprometidos-israel-frena-el-envio-de-ayuda-a-gaza.html\">en las cantidades requeridas por el acuerdo de tregua<\/a>\u2015 anulan entre los gazat\u00edes la noci\u00f3n de paz promovida por el presidente de EE UU, Donald Trump. El pasado mi\u00e9rcoles, el ej\u00e9rcito israel\u00ed mat\u00f3 a 30 personas en 24 horas. El 29 de octubre, en la jornada m\u00e1s letal desde que la Casa Blanca proclam\u00f3 el fin de la guerra, una ofensiva israel\u00ed mat\u00f3 a 104 personas en un d\u00eda. <\/p>\n","protected":false},"excerpt":{"rendered":"Una nueva oleada de bombardeos israel\u00edes sobre la franja de Gaza ha matado este s\u00e1bado a 21 personas&hellip;\n","protected":false},"author":2,"featured_media":252071,"comment_status":"","ping_status":"","sticky":false,"template":"","format":"standard","meta":{"footnotes":""},"categories":[42],"tags":[17,18,68,70,71,72,13,14,73,69,75,11,61,62,63,64,74,19,20,9,10,15,16,77,76,12,21,22,65,66,67],"class_list":{"0":"post-252070","1":"post","2":"type-post","3":"status-publish","4":"format-standard","5":"has-post-thumbnail","7":"category-internacional","8":"tag-breaking-news","9":"tag-breakingnews","10":"tag-conflicto-arabe-israeli","11":"tag-conflictos","12":"tag-conflictos-armados","13":"tag-conflictos-internacionales","14":"tag-featured-news","15":"tag-featurednews","16":"tag-franja-gaza","17":"tag-guerra","18":"tag-hamas","19":"tag-headlines","20":"tag-internacional","21":"tag-international","22":"tag-international-news","23":"tag-internationalnews","24":"tag-israel","25":"tag-latest-news","26":"tag-latestnews","27":"tag-news","28":"tag-noticias","29":"tag-noticias-destacadas","30":"tag-noticiasdestacadas","31":"tag-oriente-proximo","32":"tag-palestina","33":"tag-titulares","34":"tag-ultimas-noticias","35":"tag-ultimasnoticias","36":"tag-world","37":"tag-world-news","38":"tag-worldnews"},"share_on_mastodon":{"url":"","error":"Validation failed: Text character limit of 500 exceeded"},"_links":{"self":[{"href":"https:\/\/www.europesays.com\/es\/wp-json\/wp\/v2\/posts\/252070","targetHints":{"allow":["GET"]}}],"collection":[{"href":"https:\/\/www.europesays.com\/es\/wp-json\/wp\/v2\/posts"}],"about":[{"href":"https:\/\/www.europesays.com\/es\/wp-json\/wp\/v2\/types\/post"}],"author":[{"embeddable":true,"href":"https:\/\/www.europesays.com\/es\/wp-json\/wp\/v2\/users\/2"}],"replies":[{"embeddable":true,"href":"https:\/\/www.europesays.com\/es\/wp-json\/wp\/v2\/comments?post=252070"}],"version-history":[{"count":0,"href":"https:\/\/www.europesays.com\/es\/wp-json\/wp\/v2\/posts\/252070\/revisions"}],"wp:featuredmedia":[{"embeddable":true,"href":"https:\/\/www.europesays.com\/es\/wp-json\/wp\/v2\/media\/252071"}],"wp:attachment":[{"href":"https:\/\/www.europesays.com\/es\/wp-json\/wp\/v2\/media?parent=252070"}],"wp:term":[{"taxonomy":"category","embeddable":true,"href":"https:\/\/www.europesays.com\/es\/wp-json\/wp\/v2\/categories?post=252070"},{"taxonomy":"post_tag","embeddable":true,"href":"https:\/\/www.europesays.com\/es\/wp-json\/wp\/v2\/tags?post=252070"}],"curies":[{"name":"wp","href":"https:\/\/api.w.org\/{rel}","templated":true}]}}