{"id":252074,"date":"2025-11-23T21:32:12","date_gmt":"2025-11-23T21:32:12","guid":{"rendered":"https:\/\/www.europesays.com\/es\/252074\/"},"modified":"2025-11-23T21:32:12","modified_gmt":"2025-11-23T21:32:12","slug":"la-critica-de-millas-a-la-condena-del-tribunal-supremo-contra-el-fiscal-general-ni-el-sabe-por-que-es-culpable-sociedad","status":"publish","type":"post","link":"https:\/\/www.europesays.com\/es\/252074\/","title":{"rendered":"La cr\u00edtica de Mill\u00e1s a la condena del Tribunal Supremo contra el fiscal general: \u00abNi \u00e9l sabe por qu\u00e9 es culpable\u00bb | Sociedad"},"content":{"rendered":"<p class=\"loc\">Madrid<\/p>\n<p>El escritor y periodista Juan Jos\u00e9 Mill\u00e1s ha llegado a los micr\u00f3fonos del A Vivir realmente sorprendido por c\u00f3mo se ha declarado la culpabilidad de \u00c1lvaro Garc\u00eda Ortiz, el fiscal general del Estado. <\/p>\n<p>M\u00e1s informaci\u00f3n<\/p>\n<p>Mill\u00e1s siente que el Tribunal Supremo se ha comportado de una forma muy extra\u00f1a, ya que no entiende c\u00f3mo han decidido definir a Garc\u00eda Ortiz como culpable, pero no han publicado junto a este comunicado su sentencia explicando las razones de la condena. \u00abSe le ha declarado culpable, pero no se ha dicho por qu\u00e9\u00bb explica el periodista. <\/p>\n<p>\u00abSe ha roto el consenso sobre lo que es real\u00bb<\/p>\n<p>Al analizar el juicio llevado a cabo en el Tribunal Supremo y todas las noticias y hechos que se han publicado en diferentes medios de forma previa a este proceso judicial, Mill\u00e1s siente que el Fiscal General \u00abentr\u00f3 ya como culpable y no como supuesto inocente\u00bb. <\/p>\n<p>El escritor recalca que esta falta de sentencia, a\u00fan existiendo ya condena sobre el acusado, rompe bruscamente \u00abel consenso sobre lo que es real\u00bb. Adem\u00e1s, Mill\u00e1s afirma que el comportamiento del tribunal rompe directamente con el principio general heredado del derecho romano \u00abin dubio pro reo\u00bb, es decir, en caso de duda, a favor del acusado. <\/p>\n<p>\u00abNi \u00e9l sabe por qu\u00e9 es culpable\u00bb<\/p>\n<p>Mill\u00e1s siente que este retraso en la publicaci\u00f3n en la sentencia no deja de ser una forma que tiene el Tribunal Supremo para ganar tiempo y conseguir encontrar una justificaci\u00f3n a la condena que le han impuesto a \u00c1lvaro Garc\u00eda Ortiz. \u00abAhora vamos a buscarnos la vida para decir por qu\u00e9\u00bb, eso es lo que cree Mill\u00e1s que se le pas\u00f3 por la cabeza a aquellos que decidieron condenar al Fiscal General sin publicar la sentencia. <\/p>\n<p>El escritor insiste en que se mantiene incr\u00e9dulo ante lo que ha visto, le resulta muy curioso ver c\u00f3mo un acusado puede saber que ha sido condenado y su tiempo de pena, pero no conocer la justificaci\u00f3n que hay detr\u00e1s de esa decisi\u00f3n. \u00abNi \u00e9l sabe por qu\u00e9 es culpable\u00bb, sentencia Mill\u00e1s. <\/p>\n","protected":false},"excerpt":{"rendered":"Madrid El escritor y periodista Juan Jos\u00e9 Mill\u00e1s ha llegado a los micr\u00f3fonos del A Vivir realmente sorprendido&hellip;\n","protected":false},"author":2,"featured_media":252075,"comment_status":"","ping_status":"","sticky":false,"template":"","format":"standard","meta":{"footnotes":""},"categories":[5],"tags":[17,18,25,24,13,14,11,19,20,9,10,15,16,23,12,21,22],"class_list":{"0":"post-252074","1":"post","2":"type-post","3":"status-publish","4":"format-standard","5":"has-post-thumbnail","7":"category-titulares","8":"tag-breaking-news","9":"tag-breakingnews","10":"tag-es","11":"tag-espana","12":"tag-featured-news","13":"tag-featurednews","14":"tag-headlines","15":"tag-latest-news","16":"tag-latestnews","17":"tag-news","18":"tag-noticias","19":"tag-noticias-destacadas","20":"tag-noticiasdestacadas","21":"tag-spain","22":"tag-titulares","23":"tag-ultimas-noticias","24":"tag-ultimasnoticias"},"share_on_mastodon":{"url":"https:\/\/pubeurope.com\/@es\/115601155318289112","error":""},"_links":{"self":[{"href":"https:\/\/www.europesays.com\/es\/wp-json\/wp\/v2\/posts\/252074","targetHints":{"allow":["GET"]}}],"collection":[{"href":"https:\/\/www.europesays.com\/es\/wp-json\/wp\/v2\/posts"}],"about":[{"href":"https:\/\/www.europesays.com\/es\/wp-json\/wp\/v2\/types\/post"}],"author":[{"embeddable":true,"href":"https:\/\/www.europesays.com\/es\/wp-json\/wp\/v2\/users\/2"}],"replies":[{"embeddable":true,"href":"https:\/\/www.europesays.com\/es\/wp-json\/wp\/v2\/comments?post=252074"}],"version-history":[{"count":0,"href":"https:\/\/www.europesays.com\/es\/wp-json\/wp\/v2\/posts\/252074\/revisions"}],"wp:featuredmedia":[{"embeddable":true,"href":"https:\/\/www.europesays.com\/es\/wp-json\/wp\/v2\/media\/252075"}],"wp:attachment":[{"href":"https:\/\/www.europesays.com\/es\/wp-json\/wp\/v2\/media?parent=252074"}],"wp:term":[{"taxonomy":"category","embeddable":true,"href":"https:\/\/www.europesays.com\/es\/wp-json\/wp\/v2\/categories?post=252074"},{"taxonomy":"post_tag","embeddable":true,"href":"https:\/\/www.europesays.com\/es\/wp-json\/wp\/v2\/tags?post=252074"}],"curies":[{"name":"wp","href":"https:\/\/api.w.org\/{rel}","templated":true}]}}