{"id":252077,"date":"2025-11-23T21:38:09","date_gmt":"2025-11-23T21:38:09","guid":{"rendered":"https:\/\/www.europesays.com\/es\/252077\/"},"modified":"2025-11-23T21:38:09","modified_gmt":"2025-11-23T21:38:09","slug":"nsn-y-stoneweg-dos-socios-habituales-en-el-deporte-del-futbol-al-ciclismo","status":"publish","type":"post","link":"https:\/\/www.europesays.com\/es\/252077\/","title":{"rendered":"NSN y Stoneweg, dos socios habituales en el deporte: del f\u00fatbol al ciclismo"},"content":{"rendered":"<p>El nacimiento de un nuevo equipo WorldTeam en Suiza, pero de coraz\u00f3n espa\u00f1ol ha generado muchas novedades en el mundo del ciclismo y tambi\u00e9n muchas preguntas. Pero lo cierto es que detr\u00e1s de este nuevo proyecto, llamado NSN Cycling Team, hay dos empresas que son socios en otros muchos proyectos y que tienen un claro deseo de seguir caminando juntos.<\/p>\n<p><strong>NSN<\/strong> es la empresa que se ha llevado todos los titulares puesto que es la compa\u00f1\u00eda que da nombre al viejo Israel Premier Tech. Adem\u00e1s, uno de los fundadores es nada m\u00e1s y nada menos que <strong>Andr\u00e9s Iniesta<\/strong>, ex futbolista espa\u00f1ol de reconocido prestigio. Pero lo cierto es que el gran m\u00fasculo financiero viene de otro de los socios de este proyecto, una compa\u00f1\u00eda de inversi\u00f3n hispano-suiza, con sede f\u00edsica en Barcelona aunque tiene tambi\u00e9n una sede financiera en Suiza. Hablamos de <strong>Stoneweg<\/strong>.<\/p>\n<p>Esta segunda compa\u00f1\u00eda, Stoneweg, llevaba a\u00f1os colaborando con el equipo ciclista y ha querido potenciar el proyecto en un momento tan delicado como el vivido en los \u00faltimos meses. Stoneweg, adem\u00e1s, es una empresa capaz de comprar y vender hoteles por cifras de m\u00e1s de 500 millones de euros, por lo que hablamos de un veh\u00edculo de captaci\u00f3n de recursos casi sin l\u00edmite financiero. Los fundadores son <strong>Jaume Sabater y Joaqu\u00edn Castellvi<\/strong>, por lo que no hay duda del origen espa\u00f1ol de una empresa centrada en grandes operaciones inmobiliarias: hoteles, pisos de lujo, oficinas, zonas industriales\u2026 y deporte.<\/p>\n<p>Lo cierto es que Stoneweg y NSN van de la mano en otro negocio: el <strong>FC Helsingor<\/strong>, equipo de f\u00fatbol la segunda divisi\u00f3n de Dinamarca. Sin embargo, esta nueva aventura de salir al rescate y pasar a liderar al equipo ciclista NSN Cycling Team es mucho m\u00e1s importante que la del f\u00fatbol, puesto que implica una mayor inversi\u00f3n de recursos y, al mismo tiempo, una dimensi\u00f3n medi\u00e1tica infinitamente m\u00e1s alta, puesto que estar\u00e1n en todas las grandes competiciones, incluido<strong> Tour, Giro y Vuelta<\/strong>. En lo que no hay cambios es en el parcela deportiva, puesto que <strong>Kjell Carlstr\u00f6m<\/strong> seguir\u00e1 ejerciendo como manager.<\/p>\n<p>\u00a0<\/p>\n","protected":false},"excerpt":{"rendered":"El nacimiento de un nuevo equipo WorldTeam en Suiza, pero de coraz\u00f3n espa\u00f1ol ha generado muchas novedades en&hellip;\n","protected":false},"author":2,"featured_media":252078,"comment_status":"","ping_status":"","sticky":false,"template":"","format":"standard","meta":{"footnotes":""},"categories":[273],"tags":[313,312,168,25,24,23,167],"class_list":{"0":"post-252077","1":"post","2":"type-post","3":"status-publish","4":"format-standard","5":"has-post-thumbnail","7":"category-ciclismo","8":"tag-ciclismo","9":"tag-cycling","10":"tag-deportes","11":"tag-es","12":"tag-espana","13":"tag-spain","14":"tag-sports"},"share_on_mastodon":{"url":"https:\/\/pubeurope.com\/@es\/115601178822758583","error":""},"_links":{"self":[{"href":"https:\/\/www.europesays.com\/es\/wp-json\/wp\/v2\/posts\/252077","targetHints":{"allow":["GET"]}}],"collection":[{"href":"https:\/\/www.europesays.com\/es\/wp-json\/wp\/v2\/posts"}],"about":[{"href":"https:\/\/www.europesays.com\/es\/wp-json\/wp\/v2\/types\/post"}],"author":[{"embeddable":true,"href":"https:\/\/www.europesays.com\/es\/wp-json\/wp\/v2\/users\/2"}],"replies":[{"embeddable":true,"href":"https:\/\/www.europesays.com\/es\/wp-json\/wp\/v2\/comments?post=252077"}],"version-history":[{"count":0,"href":"https:\/\/www.europesays.com\/es\/wp-json\/wp\/v2\/posts\/252077\/revisions"}],"wp:featuredmedia":[{"embeddable":true,"href":"https:\/\/www.europesays.com\/es\/wp-json\/wp\/v2\/media\/252078"}],"wp:attachment":[{"href":"https:\/\/www.europesays.com\/es\/wp-json\/wp\/v2\/media?parent=252077"}],"wp:term":[{"taxonomy":"category","embeddable":true,"href":"https:\/\/www.europesays.com\/es\/wp-json\/wp\/v2\/categories?post=252077"},{"taxonomy":"post_tag","embeddable":true,"href":"https:\/\/www.europesays.com\/es\/wp-json\/wp\/v2\/tags?post=252077"}],"curies":[{"name":"wp","href":"https:\/\/api.w.org\/{rel}","templated":true}]}}