{"id":252081,"date":"2025-11-23T21:41:09","date_gmt":"2025-11-23T21:41:09","guid":{"rendered":"https:\/\/www.europesays.com\/es\/252081\/"},"modified":"2025-11-23T21:41:09","modified_gmt":"2025-11-23T21:41:09","slug":"antony-ve-una-roja-directa-que-lo-deja-fuera-del-derbi-en-el-sanchez-pizjuan","status":"publish","type":"post","link":"https:\/\/www.europesays.com\/es\/252081\/","title":{"rendered":"Antony ve una roja directa que lo deja fuera del derbi en el S\u00e1nchez-Pizju\u00e1n"},"content":{"rendered":"<p style=\"\">Se cumpl\u00eda el primer minuto de la prolongaci\u00f3n cuando se produjo una jugada que dar\u00e1 que hablar durante la semana y que acab\u00f3 con la expulsi\u00f3n de <strong>Antony<\/strong>. El brasile\u00f1o, en su intento de remate de espalda, golpeaba con el pie izquierdo en el  &#8230; rostro de Joel Roca. Galech Apeztegu\u00eda mostraba en principio la tarjeta amarilla, pero tras consultar en el VAR, acab\u00f3 ense\u00f1ando <strong>la roja al atacante b\u00e9tico<\/strong>.<\/p>\n<p class=\"voc-p\" style=\"\">Los gestos de desesperaci\u00f3n de Antony ya apuntaban la gravedad de la expulsi\u00f3n, no tanto por el desarrollo del partido ante el Girona, al que ya le quedaban \u00fanicamente unos minutos, como por la consecuencia que puede traer esa roja, que dejar\u00eda <strong>al extremo verdiblanco fuera del derbi del pr\u00f3ximo domingo<\/strong> en el Ram\u00f3n S\u00e1nchez-Pijzu\u00e1n.<\/p>\n<p class=\"voc-p\" style=\"\">\u00abEn el minuto 90 fue expulsado por dar una patada en la cara de un contrario usando fuerza excesiva en la disputa del bal\u00f3n\u00bb, ha escrito Galech Apeztegu\u00eda para justificar la expulsi\u00f3n del brasile\u00f1o, que ha provocado un tremendo enfado en el Betis.<\/p>\n<p class=\"voc-p\" style=\"\">\u00abNo la he visto bien del todo, le da en la cabeza. \u00c9l quiere ir a rematar, que es lo que pas\u00f3. Estas jugadas te las marcan con roja y<strong> quiz\u00e1s deber\u00edamos ver que el jugador ah\u00ed quiere rematar y no es agresiva contra del rival<\/strong>. No me gusta que un jugador vea la roja por eso en jugadas tan fortuitas\u00bb, expuso M\u00edchel, t\u00e9cnico del Girona, con una visi\u00f3n de la jugada coincidente con el punto de vista que se maneja en el Betis.<\/p>\n<p class=\"voc-p\" style=\"\"><strong>M\u00e1s enfadado estaba Isco<\/strong>, que record\u00f3 tambi\u00e9n la actuaci\u00f3n del \u00e1rbitro en el campo del Espanyol. \u00abNo le da con los tacos, hay bal\u00f3n de por medio, no hay intencionalidad aunque es peligrosa. Lo que pasa en estos debates, si tiene que entrar o no en el VAR. Acciones de estas hay muchas. Con este \u00e1rbitro, dos acciones grises nos han dado el m\u00e1ximo castigo. No s\u00e9 si es casualidad. Nos ha tocado el peor escenario en ambas ocasiones\u00bb, se\u00f1al\u00f3 el capit\u00e1n b\u00e9tico.<\/p>\n","protected":false},"excerpt":{"rendered":"Se cumpl\u00eda el primer minuto de la prolongaci\u00f3n cuando se produjo una jugada que dar\u00e1 que hablar durante&hellip;\n","protected":false},"author":2,"featured_media":252082,"comment_status":"","ping_status":"","sticky":false,"template":"","format":"standard","meta":{"footnotes":""},"categories":[268],"tags":[23655,51,168,18298,24154,25,24,280,282,13644,37569,281,23,167],"class_list":{"0":"post-252081","1":"post","2":"type-post","3":"status-publish","4":"format-standard","5":"has-post-thumbnail","7":"category-futbol","8":"tag-antony","9":"tag-deja","10":"tag-deportes","11":"tag-derbi","12":"tag-directa","13":"tag-es","14":"tag-espana","15":"tag-football","16":"tag-futbol","17":"tag-roja","18":"tag-sanchezpizjuan","19":"tag-soccer","20":"tag-spain","21":"tag-sports"},"share_on_mastodon":{"url":"https:\/\/pubeurope.com\/@es\/115601190668751111","error":""},"_links":{"self":[{"href":"https:\/\/www.europesays.com\/es\/wp-json\/wp\/v2\/posts\/252081","targetHints":{"allow":["GET"]}}],"collection":[{"href":"https:\/\/www.europesays.com\/es\/wp-json\/wp\/v2\/posts"}],"about":[{"href":"https:\/\/www.europesays.com\/es\/wp-json\/wp\/v2\/types\/post"}],"author":[{"embeddable":true,"href":"https:\/\/www.europesays.com\/es\/wp-json\/wp\/v2\/users\/2"}],"replies":[{"embeddable":true,"href":"https:\/\/www.europesays.com\/es\/wp-json\/wp\/v2\/comments?post=252081"}],"version-history":[{"count":0,"href":"https:\/\/www.europesays.com\/es\/wp-json\/wp\/v2\/posts\/252081\/revisions"}],"wp:featuredmedia":[{"embeddable":true,"href":"https:\/\/www.europesays.com\/es\/wp-json\/wp\/v2\/media\/252082"}],"wp:attachment":[{"href":"https:\/\/www.europesays.com\/es\/wp-json\/wp\/v2\/media?parent=252081"}],"wp:term":[{"taxonomy":"category","embeddable":true,"href":"https:\/\/www.europesays.com\/es\/wp-json\/wp\/v2\/categories?post=252081"},{"taxonomy":"post_tag","embeddable":true,"href":"https:\/\/www.europesays.com\/es\/wp-json\/wp\/v2\/tags?post=252081"}],"curies":[{"name":"wp","href":"https:\/\/api.w.org\/{rel}","templated":true}]}}