{"id":252084,"date":"2025-11-23T21:43:13","date_gmt":"2025-11-23T21:43:13","guid":{"rendered":"https:\/\/www.europesays.com\/es\/252084\/"},"modified":"2025-11-23T21:43:13","modified_gmt":"2025-11-23T21:43:13","slug":"una-casa-blanca-y-mediterranea-de-los-anos-70-que-rinde-homenaje-a-menorca","status":"publish","type":"post","link":"https:\/\/www.europesays.com\/es\/252084\/","title":{"rendered":"una casa blanca y mediterr\u00e1nea de los a\u00f1os 70 que rinde homenaje a Menorca"},"content":{"rendered":"<p>Con apenas 110 m\u00b2 interiores y terrazas que se abren al paisaje, Casa Menorca es un refugio sereno donde la arquitectura respira con la luz, el mar y la piedra. \u00abNo hay una frontera clara entre interior y exterior: las aberturas enmarcan el paisaje como cuadros, y la luz, el viento y el sonido del mar son parte de la experiencia cotidiana\u00bb, explican sus propietarios y dise\u00f1adores, <a href=\"https:\/\/www.arquitecturaydiseno.es\/casas\/piso-mallorca-fundadores-contain-sintesis-su-estilo_7809\" rel=\"nofollow noopener\" target=\"_blank\">Juan Peralta y Mauricio Obarrio<\/a>, fundadores de la firma de luminarias y mobiliario <a href=\"https:\/\/www.contain.es\/\" rel=\"nofollow noopener\" target=\"_blank\"><strong>CONTAIN Studio<\/strong><\/a>. Con el lenguaje honesto que les caracteriza han cuidado cada detalle de esta vivienda ubicada entre los pinos y los acantilados de <strong>Cala Morell<\/strong>, conservando el <a href=\"https:\/\/www.arquitecturaydiseno.es\/decoracion\/errores-comunes-decoracion-mediterranea-y-como-evitarlos_10972\" rel=\"nofollow noopener\" target=\"_blank\">car\u00e1cter mediterr\u00e1neo<\/a>. \u00abEs una zona que conserva la arquitectura blanca y org\u00e1nica t\u00edpica de la isla, con construcciones integradas en la monta\u00f1a y una escala muy humana\u00bb, nos explican. En este entorno, la reforma parti\u00f3 de una premisa clara: escuchar el entorno antes de intervenir.<\/p>\n<p>\u00abEl principal criterio fue la honestidad. No quer\u00edamos imponer una est\u00e9tica, sino escuchar el lugar. El paisaje de Cala Morell tiene una fuerza natural que no necesita competencia: <strong>el mar, la roca, la luz cambiante<\/strong>. Nuestro trabajo fue m\u00e1s de acompa\u00f1amiento que de protagonismo. Elegimos materiales que dialogaran con el entorno \u2014piedra natural, madera sin tratar, lat\u00f3n envejecido\u2014 y una paleta que reflejara los <strong>tonos del Mediterr\u00e1neo<\/strong>: blancos, arenas, ocres y la luz dorada del atardecer\u00bb, aseguran los dise\u00f1adores. Adem\u00e1s, para conservar la esencia de la vivienda\u00a0se mantuvo el gotel\u00e9 original, y se recuperaron azulejos antiguos.<\/p>\n","protected":false},"excerpt":{"rendered":"Con apenas 110 m\u00b2 interiores y terrazas que se abren al paisaje, Casa Menorca es un refugio sereno&hellip;\n","protected":false},"author":2,"featured_media":252085,"comment_status":"","ping_status":"","sticky":false,"template":"","format":"standard","meta":{"footnotes":""},"categories":[173],"tags":[229,233,231,230,232,234,146,147,25,24,23],"class_list":{"0":"post-252084","1":"post","2":"type-post","3":"status-publish","4":"format-standard","5":"has-post-thumbnail","7":"category-arte-y-diseno","8":"tag-arte","9":"tag-arte-y-diseno","10":"tag-arts","11":"tag-arts-and-design","12":"tag-design","13":"tag-diseno","14":"tag-entertainment","15":"tag-entretenimiento","16":"tag-es","17":"tag-espana","18":"tag-spain"},"share_on_mastodon":{"url":"https:\/\/pubeurope.com\/@es\/115601198481334762","error":""},"_links":{"self":[{"href":"https:\/\/www.europesays.com\/es\/wp-json\/wp\/v2\/posts\/252084","targetHints":{"allow":["GET"]}}],"collection":[{"href":"https:\/\/www.europesays.com\/es\/wp-json\/wp\/v2\/posts"}],"about":[{"href":"https:\/\/www.europesays.com\/es\/wp-json\/wp\/v2\/types\/post"}],"author":[{"embeddable":true,"href":"https:\/\/www.europesays.com\/es\/wp-json\/wp\/v2\/users\/2"}],"replies":[{"embeddable":true,"href":"https:\/\/www.europesays.com\/es\/wp-json\/wp\/v2\/comments?post=252084"}],"version-history":[{"count":0,"href":"https:\/\/www.europesays.com\/es\/wp-json\/wp\/v2\/posts\/252084\/revisions"}],"wp:featuredmedia":[{"embeddable":true,"href":"https:\/\/www.europesays.com\/es\/wp-json\/wp\/v2\/media\/252085"}],"wp:attachment":[{"href":"https:\/\/www.europesays.com\/es\/wp-json\/wp\/v2\/media?parent=252084"}],"wp:term":[{"taxonomy":"category","embeddable":true,"href":"https:\/\/www.europesays.com\/es\/wp-json\/wp\/v2\/categories?post=252084"},{"taxonomy":"post_tag","embeddable":true,"href":"https:\/\/www.europesays.com\/es\/wp-json\/wp\/v2\/tags?post=252084"}],"curies":[{"name":"wp","href":"https:\/\/api.w.org\/{rel}","templated":true}]}}