{"id":252092,"date":"2025-11-23T21:49:09","date_gmt":"2025-11-23T21:49:09","guid":{"rendered":"https:\/\/www.europesays.com\/es\/252092\/"},"modified":"2025-11-23T21:49:09","modified_gmt":"2025-11-23T21:49:09","slug":"farmacos-para-la-perdida-de-peso-pueden-tambien-hacerte-caer-el-cabello","status":"publish","type":"post","link":"https:\/\/www.europesays.com\/es\/252092\/","title":{"rendered":"F\u00e1rmacos para la p\u00e9rdida de peso pueden tambi\u00e9n hacerte caer el cabello"},"content":{"rendered":"<p>Los <a href=\"https:\/\/my.clevelandclinic.org\/health\/treatments\/13901-glp-1-agonists\" data-type=\"link\" data-id=\"https:\/\/my.clevelandclinic.org\/health\/treatments\/13901-glp-1-agonists\" target=\"_blank\" rel=\"nofollow noopener\">medicamentos agonistas GLP-1<\/a>, para tratar enfermedades cr\u00f3nicas o para perder peso, han ganado auge en los \u00faltimos a\u00f1os. Esto, sin embargo, no viene de la mano de solo beneficios, pues provoca efectos secundarios bastante molestos.<\/p>\n<p>Uno de estos casos es el de Carol Saffran, relatado por CNN. Residente de Boston de 71 a\u00f1os, comenz\u00f3 el tratamiento con Ozempic hace un a\u00f1o, originalmente prescrita para controlar sus niveles de az\u00facar en sangre, y experiment\u00f3 efectivamente una p\u00e9rdida de peso significativa. No obstante, tambi\u00e9n not\u00f3 cambios preocupantes en su cabello, que fueron diagnosticados como <a href=\"https:\/\/my.clevelandclinic.org\/health\/diseases\/24486-telogen-effluvium\" data-type=\"link\" data-id=\"https:\/\/my.clevelandclinic.org\/health\/diseases\/24486-telogen-effluvium\" target=\"_blank\" rel=\"nofollow noopener\">efluvio tel\u00f3geno<\/a>.<\/p>\n<p>Esta es una condici\u00f3n que provoca una p\u00e9rdida anormal de cabello debido a un estr\u00e9s significativo en el cuerpo. Los dermat\u00f3logos indican que puede ser desencadenada por la p\u00e9rdida de peso r\u00e1pida, cambios hormonales o el uso de ciertos medicamentos.<\/p>\n<p>Efectos del uso de Ozempic<\/p>\n<p>Seg\u00fan expertos, la p\u00e9rdida de cabello relacionada con Ozempic no es un efecto secundario directo del medicamento, sino que est\u00e1 asociada con la notable p\u00e9rdida de peso que muchos pacientes experimentan. <\/p>\n<p>Esta r\u00e1pida transformaci\u00f3n puede alterar los ciclos de crecimiento del cabello, provocando un aumento en la ca\u00edda.<\/p>\n<p>Los m\u00e9dicos advierten sobre la posibilidad de un estado de malnutrici\u00f3n cr\u00f3nica en pacientes mediante el uso de estos medicamentos, lo que puede agravar la situaci\u00f3n de la p\u00e9rdida de cabello. La falta de nutrientes esenciales, como prote\u00ednas y vitaminas, se ha relacionado con un riesgo mayor de efluvio tel\u00f3geno.<\/p>\n<p>Mitigaci\u00f3n del efluvio tel\u00f3geno<\/p>\n<p>El efluvio tel\u00f3geno provocado por una r\u00e1pida p\u00e9rdida de peso suele comenzar entre 2 y 3 meses despu\u00e9s del evento que lo desencadena y puede durar aproximadamente entre 6 y 12 meses. La recuperaci\u00f3n es normalmente espont\u00e1nea y el cabello vuelve a crecer una vez que se controla la causa subyacente. En algunos casos puede prolongarse, pero generalmente no conduce a una p\u00e9rdida permanente del cabello si se corrige la causa. Durante el efluvio tel\u00f3geno, el cabello se cae de forma difusa y luego el ciclo capilar se restablece con el tiempo, permitiendo la renovaci\u00f3n del cabello en un plazo de hasta 6 meses despu\u00e9s de terminar la fase de p\u00e9rdida activa.<\/p>\n<p>Los expertos sugieren que los pacientes que experimentan ca\u00edda del cabello deben buscar evaluaci\u00f3n m\u00e9dica. Se recomienda un diagn\u00f3stico preciso, que incluya pruebas de laboratorio para descartar deficiencias vitam\u00ednicas y desequilibrios hormonales.<\/p>\n<p>Para aquellos que necesitan continuar con su tratamiento de GLP-1, como Saffran, existen medicamentos como el minoxidil para ayudar a recuperar el cabello. Sin embargo, los especialistas enfatizan la importancia de abordar la causa subyacente para facilitar una resoluci\u00f3n m\u00e1s r\u00e1pida.<\/p>\n<p>Los m\u00e9dicos aconsejan a los pacientes que sean proactivos y hablen con sus m\u00e9dicos sobre el uso de GLP-1 y sus posibles efectos secundarios, incluyendo la ca\u00edda del cabello.<\/p>\n<p>Relaci\u00f3n entre p\u00e9rdida de peso y salud capilar<\/p>\n<p>La relaci\u00f3n entre la p\u00e9rdida de peso y la salud capilar a largo plazo es compleja y depende principalmente de la forma en que se realice la p\u00e9rdida de peso y el estado nutricional durante el proceso. La p\u00e9rdida de peso r\u00e1pida o con dietas muy restrictivas puede provocar deficiencias nutricionales importantes, como falta de prote\u00ednas, hierro, zinc, biotina y vitaminas esenciales, que son cr\u00edticas para el crecimiento y mantenimiento saludable del cabello. Estas deficiencias comprometen los fol\u00edculos pilosos y pueden desencadenar un aumento en la ca\u00edda del cabello y su debilitamiento.<\/p>\n<p>Adem\u00e1s, los cambios hormonales asociados con la p\u00e9rdida de peso, como fluctuaciones en niveles de estr\u00f3genos, testosterona, o sensibilidades a la insulina, tambi\u00e9n afectan el ciclo natural del cabello, contribuyendo a su ca\u00edda o debilitamiento. <\/p>\n<p>Una p\u00e9rdida de peso gradual y bien planificada, con una dieta equilibrada rica en nutrientes y adecuada hidrataci\u00f3n, puede minimizar estos riesgos y ayudar a preservar la salud capilar a largo plazo. Controlar las deficiencias nutricionales, evitar el estr\u00e9s prolongado y mantener un equilibrio hormonal adecuado son claves para que la p\u00e9rdida de peso no afecte negativamente la salud del cabello en el tiempo.<\/p>\n<p><strong>Tambi\u00e9n te puede interesar:<\/strong><\/p>\n","protected":false},"excerpt":{"rendered":"Los medicamentos agonistas GLP-1, para tratar enfermedades cr\u00f3nicas o para perder peso, han ganado auge en los \u00faltimos&hellip;\n","protected":false},"author":2,"featured_media":252093,"comment_status":"","ping_status":"","sticky":false,"template":"","format":"standard","meta":{"footnotes":""},"categories":[92],"tags":[63763,25,24,165,5698,8799,40324,166,23],"class_list":{"0":"post-252092","1":"post","2":"type-post","3":"status-publish","4":"format-standard","5":"has-post-thumbnail","7":"category-salud","8":"tag-cau00edda-del-cabello","9":"tag-es","10":"tag-espana","11":"tag-health","12":"tag-medicamentos","13":"tag-ozempic","14":"tag-perdida-de-peso","15":"tag-salud","16":"tag-spain"},"share_on_mastodon":{"url":"https:\/\/pubeurope.com\/@es\/115601222231044034","error":""},"_links":{"self":[{"href":"https:\/\/www.europesays.com\/es\/wp-json\/wp\/v2\/posts\/252092","targetHints":{"allow":["GET"]}}],"collection":[{"href":"https:\/\/www.europesays.com\/es\/wp-json\/wp\/v2\/posts"}],"about":[{"href":"https:\/\/www.europesays.com\/es\/wp-json\/wp\/v2\/types\/post"}],"author":[{"embeddable":true,"href":"https:\/\/www.europesays.com\/es\/wp-json\/wp\/v2\/users\/2"}],"replies":[{"embeddable":true,"href":"https:\/\/www.europesays.com\/es\/wp-json\/wp\/v2\/comments?post=252092"}],"version-history":[{"count":0,"href":"https:\/\/www.europesays.com\/es\/wp-json\/wp\/v2\/posts\/252092\/revisions"}],"wp:featuredmedia":[{"embeddable":true,"href":"https:\/\/www.europesays.com\/es\/wp-json\/wp\/v2\/media\/252093"}],"wp:attachment":[{"href":"https:\/\/www.europesays.com\/es\/wp-json\/wp\/v2\/media?parent=252092"}],"wp:term":[{"taxonomy":"category","embeddable":true,"href":"https:\/\/www.europesays.com\/es\/wp-json\/wp\/v2\/categories?post=252092"},{"taxonomy":"post_tag","embeddable":true,"href":"https:\/\/www.europesays.com\/es\/wp-json\/wp\/v2\/tags?post=252092"}],"curies":[{"name":"wp","href":"https:\/\/api.w.org\/{rel}","templated":true}]}}