{"id":252096,"date":"2025-11-23T21:51:27","date_gmt":"2025-11-23T21:51:27","guid":{"rendered":"https:\/\/www.europesays.com\/es\/252096\/"},"modified":"2025-11-23T21:51:27","modified_gmt":"2025-11-23T21:51:27","slug":"el-dia-que-eva-arguinano-tuvo-que-ser-ingresada-de-urgencia-en-la-uci","status":"publish","type":"post","link":"https:\/\/www.europesays.com\/es\/252096\/","title":{"rendered":"El d\u00eda que Eva Argui\u00f1ano tuvo que ser ingresada de urgencia en la UCI"},"content":{"rendered":"<p>Han pasado doce a\u00f1os desde aquel susto que puso en vilo al mundo de la cocina televisiva. Era el 12 de abril de 2013 cuando <strong>Eva Argui\u00f1ano<\/strong>, hermana de Karlos Argui\u00f1ano y una de las <a href=\"https:\/\/www.lecturas.com\/television\/joseba-hijo-karlos-arguinano-se-confiesa-sobre-como-es-su-verdadera-relacion-su-tia-eva-bake-off_153849\" target=\"_self\" rel=\"nofollow noopener\">reposteras m\u00e1s queridas de Espa\u00f1a<\/a>, <strong>fue ingresada de urgencia en la Unidad de Cuidados Intensivos del Hospital Donostia<\/strong>, en San Sebasti\u00e1n, tras sufrir un infarto de miocardio. La noticia sacudi\u00f3 no solo a su familia, sino tambi\u00e9n a los miles de espectadores que la hab\u00edan acompa\u00f1ado durante a\u00f1os frente a la pantalla.<\/p>\n<p>Aquel d\u00eda, Eva se sinti\u00f3 indispuesta por la tarde. Era una molestia indefinida, pero lo suficientemente alarmante como para requerir atenci\u00f3n m\u00e9dica inmediata. Las primeras informaciones, confirmadas por la productora Bainet, apuntaban a <strong>un infarto que oblig\u00f3 a ingresarla directamente en la UCI<\/strong>. Desde el primer momento se intent\u00f3 transmitir calma: \u201cEn principio, parece que se encuentra bien\u201d, aseguraron fuentes cercanas, aunque evitaron ofrecer m\u00e1s detalles. Era un momento delicado, \u00edntimo y lleno de incertidumbre.<\/p>\n<p>El infarto que lo cambi\u00f3 todo<\/p>\n<p>El ingreso en la UCI fue, sin duda, uno de los momentos m\u00e1s delicados de su vida. Tras varios d\u00edas hospitalizada, la repostera fue trasladada una semana despu\u00e9s a la Policl\u00ednica de San Sebasti\u00e1n, donde <strong>tuvo que ser operada del coraz\u00f3n.<\/strong> La intervenci\u00f3n fue un \u00e9xito y su recuperaci\u00f3n avanz\u00f3 sin complicaciones.<\/p>\n<p><img loading=\"lazy\" decoding=\"async\"   src=\"https:\/\/www.europesays.com\/es\/wp-content\/uploads\/2025\/11\/eva-arguinano-se-rompe-en-directo-en-tve_14a50511_251121080455_1200x879.webp.webp\" alt=\"Eva Argui\u00f1ano se rompe en directo en TVE\" class=\"lazyload\" width=\"1200\" height=\"879\" data-aspectratio=\"1200\/879\"\/><\/p>\n<p>Eva Argui\u00f1ano se ha convertido en uno de los rostros m\u00e1s queridos de la televisi\u00f3n<\/p>\n<p>&#13;TVE<br \/>\n<img decoding=\"async\" src=\"https:\/\/www.europesays.com\/es\/wp-content\/uploads\/2025\/11\/ana-iglesias_ead6dc6a_251122132236_800x800.webp.webp\" alt=\"Ana Iglesias\" class=\"image lazyload\"\/><img loading=\"lazy\" decoding=\"async\" src=\"https:\/\/www.europesays.com\/es\/wp-content\/uploads\/2025\/11\/ana-iglesias_ead6dc6a_251122132246_1280x720.webp.webp\" alt=\"Ana Iglesias, madre de 9 hijos y embarazada del d\u00e9cimo, habla para Lecturas: &quot;El gasto medio de mi casa es de 9.000 euros al mes&quot;\" class=\"image lazyload\" width=\"1280\" height=\"720\" data-aspectratio=\"1280\/720\"\/><\/p>\n<p>Fuentes de su entorno se\u00f1alaron entonces que la evoluci\u00f3n estaba siendo \u201cmuy favorable\u201d. Con su car\u00e1cter fuerte y su disciplina de trabajo, Eva dej\u00f3 atr\u00e1s aquel episodio y recuper\u00f3 su rutina profesional, demostrando que su pasi\u00f3n por la cocina era m\u00e1s poderosa que cualquier contratiempo.<\/p>\n<p>Aquella experiencia no fren\u00f3 su trayectoria. Eva ha continuado participando en televisi\u00f3n, publicando libros y formando a nuevas generaciones en la escuela de hosteler\u00eda Aiala. En 2019 volvi\u00f3 a alamar a la audiencia, ya que tuvo que ausentarse temporalmente por una<strong> fractura de pierna.\u00a0<\/strong><\/p>\n<p>Una carrera televisiva que conquist\u00f3 al p\u00fablico<\/p>\n<p>La alarma fue comprensible. Para entonces, Eva ya era un rostro imprescindible de la televisi\u00f3n. Su carrera hab\u00eda comenzado en 1991, en el programa \u2018La cocina de cada d\u00eda\u2019 de TVE, presentado por su hermano Karlos Argui\u00f1ano. All\u00ed, desde un papel secundario y siempre encargada de los postres, conquist\u00f3 al p\u00fablico con esa mezcla de sencillez, simpat\u00eda y la capacidad de explicar cualquier receta como si la estuviera ense\u00f1ando a una amiga en su cocina.<\/p>\n<p><img loading=\"lazy\" decoding=\"async\"   src=\"https:\/\/www.europesays.com\/es\/wp-content\/uploads\/2025\/11\/eva-arguinano_0958cd80_251121080532_1200x694.webp.webp\" alt=\"Eva Argui\u00f1ano\" class=\"lazyload\" width=\"1200\" height=\"694\" data-aspectratio=\"1200\/694\"\/><\/p>\n<p>Su carrera televisiva est\u00e1 ligada a su hermano Karlos con el que mantiene un v\u00ednculo muy especial<\/p>\n<p>&#13;<\/p>\n<p>Con el paso de los a\u00f1os ha participado en decenas de formatos, muchos de ellos al lado de su hermano, como \u2018Karlos Argui\u00f1ano en tu cocina\u2019 o \u2018Cocina abierta con Karlos\u2019, que contin\u00faa emiti\u00e9ndose hoy en Antena 3. Pero tambi\u00e9n ha sabido brillar con luz propia.<\/p>\n<p>Entre 2006 y 2009 present\u00f3 su propio programa en La Sexta, \u2018Hoy cocinas t\u00fa\u2019, y m\u00e1s tarde \u2018Las tentaciones de Eva\u2019. Su forma c\u00e1lida y natural de comunicarse la convirti\u00f3 en un referente indiscutible del mundo de la reposter\u00eda. Pero fue en 2023 cuando volvi\u00f3 a recuperar esa autonom\u00eda, medi\u00e1ticamente hablando, al incorporarse como jurado de \u2018Bake Off: Famosos al horno\u2019. All\u00ed junto a Paco Roncero y Dami\u00e1n Betular, consigui\u00f3 ganarse un papel muy relevante en el concurso. Tanto es as\u00ed, que volvi\u00f3 a estar presente en la segunda edici\u00f3n del programa.\u00a0<\/p>\n<p><img loading=\"lazy\" decoding=\"async\"   src=\"https:\/\/www.europesays.com\/es\/wp-content\/uploads\/2025\/11\/eva-arguinano_436d8f36_251121080615_1200x915.webp.webp\" alt=\"eva argui\u00f1ano\" class=\"lazyload\" width=\"1200\" height=\"915\" data-aspectratio=\"1200\/915\"\/><\/p>\n<p>Eva apost\u00f3 por la reposter\u00eda y es, actualmente, jurado de &#8216;Bake Off&#8217;\u00a0<\/p>\n<p>&#13;<br \/>\nUna vida personal marcada por la discreci\u00f3n<\/p>\n<p>M\u00e1s all\u00e1 de los focos, Eva siempre ha preferido cuidar su intimidad. Es la peque\u00f1a de cuatro hermanos y creci\u00f3 en un hogar profundamente marcado por la historia de sus padres. Su madre, Pepi Urkiola, fue una de las supervivientes del bombardeo de Guernica en 1937. La propia Eva lleg\u00f3 a relatar el episodio entre l\u00e1grimas en \u2018Bake Off\u2019, recordando c\u00f3mo, siendo ni\u00f1a, su madre bajaba sola desde un caser\u00edo para buscar pan y c\u00f3mo tuvo que refugiarse durante el ataque a\u00e9reo que arras\u00f3 la ciudad.<\/p>\n<p>La repostera tambi\u00e9n vivi\u00f3 un matrimonio del que se divorci\u00f3 hace a\u00f1os. Es madre de dos hijos ya independientes, cuyos nombres mantiene en el \u00e1mbito privado, lejos de las c\u00e1maras y las redes sociales.<\/p>\n","protected":false},"excerpt":{"rendered":"Han pasado doce a\u00f1os desde aquel susto que puso en vilo al mundo de la cocina televisiva. Era&hellip;\n","protected":false},"author":2,"featured_media":252097,"comment_status":"","ping_status":"","sticky":false,"template":"","format":"standard","meta":{"footnotes":""},"categories":[81],"tags":[119,123,124,25,24,117,121,122,23,118,120],"class_list":{"0":"post-252096","1":"post","2":"type-post","3":"status-publish","4":"format-standard","5":"has-post-thumbnail","7":"category-ciencia-y-tecnologia","8":"tag-ciencia","9":"tag-ciencia-y-tecnologia","10":"tag-cienciaytecnologia","11":"tag-es","12":"tag-espana","13":"tag-science","14":"tag-science-and-technology","15":"tag-scienceandtechnology","16":"tag-spain","17":"tag-technology","18":"tag-tecnologia"},"share_on_mastodon":{"url":"https:\/\/pubeurope.com\/@es\/115601230661850779","error":""},"_links":{"self":[{"href":"https:\/\/www.europesays.com\/es\/wp-json\/wp\/v2\/posts\/252096","targetHints":{"allow":["GET"]}}],"collection":[{"href":"https:\/\/www.europesays.com\/es\/wp-json\/wp\/v2\/posts"}],"about":[{"href":"https:\/\/www.europesays.com\/es\/wp-json\/wp\/v2\/types\/post"}],"author":[{"embeddable":true,"href":"https:\/\/www.europesays.com\/es\/wp-json\/wp\/v2\/users\/2"}],"replies":[{"embeddable":true,"href":"https:\/\/www.europesays.com\/es\/wp-json\/wp\/v2\/comments?post=252096"}],"version-history":[{"count":0,"href":"https:\/\/www.europesays.com\/es\/wp-json\/wp\/v2\/posts\/252096\/revisions"}],"wp:featuredmedia":[{"embeddable":true,"href":"https:\/\/www.europesays.com\/es\/wp-json\/wp\/v2\/media\/252097"}],"wp:attachment":[{"href":"https:\/\/www.europesays.com\/es\/wp-json\/wp\/v2\/media?parent=252096"}],"wp:term":[{"taxonomy":"category","embeddable":true,"href":"https:\/\/www.europesays.com\/es\/wp-json\/wp\/v2\/categories?post=252096"},{"taxonomy":"post_tag","embeddable":true,"href":"https:\/\/www.europesays.com\/es\/wp-json\/wp\/v2\/tags?post=252096"}],"curies":[{"name":"wp","href":"https:\/\/api.w.org\/{rel}","templated":true}]}}