{"id":252098,"date":"2025-11-23T21:52:08","date_gmt":"2025-11-23T21:52:08","guid":{"rendered":"https:\/\/www.europesays.com\/es\/252098\/"},"modified":"2025-11-23T21:52:08","modified_gmt":"2025-11-23T21:52:08","slug":"el-sorteo-de-la-once-deja-un-premio-de-20-000-euros-en-fernan-nunez","status":"publish","type":"post","link":"https:\/\/www.europesays.com\/es\/252098\/","title":{"rendered":"El sorteo de la ONCE deja un premio de 20.000 euros en Fern\u00e1n N\u00fa\u00f1ez"},"content":{"rendered":"<p style=\"\">El <strong>Cup\u00f3n Fin de Semana de la ONCE<\/strong> ha dejado en la localidad malague\u00f1a de Estepona un &#8216;Sueldazo&#8217; de 2.000 euros al mes durante diez a\u00f1os, 240.000 euros en total, en el sorteo del s\u00e1bado, 22 de noviembre. Este sorteo tambi\u00e9n ha  &#8230; dejado <a href=\"https:\/\/www.abc.es\/espana\/andalucia\/cordoba\/deza-anuncia-decision-historica-dolorosa-cordoba-vendera-20251105213123-nts.html\" target=\"_self\" data-voc-vtm-id=\"in-text-traffic\" title=\"buenas noticias en la provincia de C\u00f3rdoba\" rel=\"nofollow noopener\">buenas noticias en la provincia de C\u00f3rdoba<\/a>. El bombo ha dejado un cup\u00f3n premiado con <strong>20.000 euros en Fern\u00e1n N\u00fa\u00f1ez (C\u00f3rdoba)<\/strong>. El resto de sus premios han ido a parar a Navarra.<\/p>\n<p class=\"voc-p\" style=\"\">El cup\u00f3n de este s\u00e1bado 2 de noviembre premiado en <strong>Fern\u00e1n N\u00fa\u00f1ez<\/strong>, seg\u00fan ha detallado la ONCE en una nota de prensa enviada a los medios de comunicaci\u00f3n, ten\u00eda adem\u00e1s motivo andaluz y estaba dedicado a la Agrupaci\u00f3n Musical &#8216;Linares 1875&#8217;.  <\/p>\n<p class=\"voc-p\" style=\"\">El &#8216;<strong>Sueldazo del Fin de Semana<\/strong>&#8216; de la ONCE ofrece todos los s\u00e1bados y domingos un premio principal a las cinco cifras y serie de 300.000 euros, m\u00e1s 5.000 euros al mes durante 20 a\u00f1os consecutivos a un solo cup\u00f3n, y premios de 2.000 euros al mes durante diez a\u00f1os consecutivos a otros cuatro cupones.<\/p>\n<p>\nOtro premio\n<\/p>\n<p class=\"voc-p\" style=\"\">La suerte del sueldazo en <strong>Estepona<\/strong> la ha dado el vendedor de la ONCE Francisco Jim\u00e9nez desde el a\u00f1o 2000. Seg\u00fan ha informado la ONCE en una nota de prensa, la noticia sorprendi\u00f3 a Jim\u00e9nez por la ma\u00f1ana en su d\u00eda libre, que le caus\u00f3 una \u00abalegr\u00eda inmensa\u00bb y que afirm\u00f3 que \u00abesto s\u00ed son buenos d\u00edas\u00bb, tal y como se ha detallado en una nota de prensa.<\/p>\n<p class=\"voc-p\" style=\"\">Natural de <strong>C\u00e1ceres<\/strong>, lleg\u00f3 hace apenas dos a\u00f1os a Estepona, \u00abdonde ya he dejado motivos para caer bien\u00bb. Asimismo, ha precisado que est\u00e1 \u00abmuy contento de poder haber ayudado tant\u00edsimo a alguien, es un sentimiento por el que agradezco tener este trabajo\u00bb, y ha concretado que est\u00e1 \u00abdeseando poder darle la enhorabuena\u00bb.<\/p>\n","protected":false},"excerpt":{"rendered":"El Cup\u00f3n Fin de Semana de la ONCE ha dejado en la localidad malague\u00f1a de Estepona un &#8216;Sueldazo&#8217;&hellip;\n","protected":false},"author":2,"featured_media":252099,"comment_status":"","ping_status":"","sticky":false,"template":"","format":"standard","meta":{"footnotes":""},"categories":[80],"tags":[25087,82,51,95,94,25,24,1557,63764,2855,531,843,886,23],"class_list":{"0":"post-252098","1":"post","2":"type-post","3":"status-publish","4":"format-standard","5":"has-post-thumbnail","7":"category-economia","8":"tag-25087","9":"tag-business","10":"tag-deja","11":"tag-economia","12":"tag-economy","13":"tag-es","14":"tag-espana","15":"tag-euros","16":"tag-fernan","17":"tag-nunez","18":"tag-once","19":"tag-premio","20":"tag-sorteo","21":"tag-spain"},"share_on_mastodon":{"url":"https:\/\/pubeurope.com\/@es\/115601234048056742","error":""},"_links":{"self":[{"href":"https:\/\/www.europesays.com\/es\/wp-json\/wp\/v2\/posts\/252098","targetHints":{"allow":["GET"]}}],"collection":[{"href":"https:\/\/www.europesays.com\/es\/wp-json\/wp\/v2\/posts"}],"about":[{"href":"https:\/\/www.europesays.com\/es\/wp-json\/wp\/v2\/types\/post"}],"author":[{"embeddable":true,"href":"https:\/\/www.europesays.com\/es\/wp-json\/wp\/v2\/users\/2"}],"replies":[{"embeddable":true,"href":"https:\/\/www.europesays.com\/es\/wp-json\/wp\/v2\/comments?post=252098"}],"version-history":[{"count":0,"href":"https:\/\/www.europesays.com\/es\/wp-json\/wp\/v2\/posts\/252098\/revisions"}],"wp:featuredmedia":[{"embeddable":true,"href":"https:\/\/www.europesays.com\/es\/wp-json\/wp\/v2\/media\/252099"}],"wp:attachment":[{"href":"https:\/\/www.europesays.com\/es\/wp-json\/wp\/v2\/media?parent=252098"}],"wp:term":[{"taxonomy":"category","embeddable":true,"href":"https:\/\/www.europesays.com\/es\/wp-json\/wp\/v2\/categories?post=252098"},{"taxonomy":"post_tag","embeddable":true,"href":"https:\/\/www.europesays.com\/es\/wp-json\/wp\/v2\/tags?post=252098"}],"curies":[{"name":"wp","href":"https:\/\/api.w.org\/{rel}","templated":true}]}}