{"id":252100,"date":"2025-11-23T21:53:13","date_gmt":"2025-11-23T21:53:13","guid":{"rendered":"https:\/\/www.europesays.com\/es\/252100\/"},"modified":"2025-11-23T21:53:13","modified_gmt":"2025-11-23T21:53:13","slug":"jair-bolsonaro-adelanta-su-propio-encarcelamiento-al-intentar-fugarse","status":"publish","type":"post","link":"https:\/\/www.europesays.com\/es\/252100\/","title":{"rendered":"Jair Bolsonaro adelanta su propio encarcelamiento al intentar fugarse"},"content":{"rendered":"<p data-gtm-element-container=\"modulo-texto-link\" class=\"paragraph\">Finalmente, al cabo de\u202fmeses de tensa espera, Jair Bolsonaro ha ingresado en la c\u00e1rcel, condenado por  un intento de golpe realizado tras perder las elecciones presidenciales de octubre de 2022.\u00a0<\/p>\n<p data-gtm-element-container=\"modulo-texto-link\" class=\"paragraph\">Pero el motivo concreto de su confinamiento ayer en un calabozo de la\u202fcomisaria central de Brasilia fue otro. Un aviso de la polic\u00eda convenci\u00f3 al poderoso juez Alexandre de Moraes de que el  ex presidente albergaba planes de fugarse. Seg\u00fan el informe policial, hab\u00eda intentado librarse del grillete electr\u00f3nico que lleva durante su arresto domiciliario.<\/p>\n<p data-gtm-element-container=\"modulo-texto-link\" class=\"paragraph\">La entrada en la c\u00e1rcel del expresidente era inevitable,  aunque solo por un per\u00edodo corto y simb\u00f3lico.  El recurso de sus abogados ante el Tribunal Supremo Federal a\u00fan no ha sido atendido, pero el clan  Bolsonaro sab\u00eda que quedaba poco. De ahi, las sospechas de Moraes sobre una posible fuga.<\/p>\n<p data-gtm-element-container=\"modulo-texto-link\" class=\"paragraph\">Fueron respaldadas por la decisi\u00f3n de Flavio\u00a0Bolsonaro, el mayor de los cuatro hijos del expresidente, de convocar una protesta-vigilia frente al chal\u00e9 de su padre,\u00a0en el centro de Brasilia. Flavio, y senador por el Partido Liberal, anim\u00f3 a las bases bolsonaristas\u00a0a acudir a la manifestaci\u00f3n con lenguaje que recordaba las convocatorias antes del intento de golpe en el 2023:\u202f\u201c\u00bfVan a luchar por su pa\u00eds o van a verlo todo desde su casa?\u201d, pregunta Flavio.<\/p>\n<p>                <img loading=\"lazy\" decoding=\"async\" data-full-src=\"https:\/\/www.lavanguardia.com\/uploads\/2025\/11\/23\/6922b2d5c2b9b.jpeg\" alt=\"Horizontal\" width=\"449\" height=\"253\" src=\"https:\/\/www.europesays.com\/es\/wp-content\/uploads\/2025\/11\/6922b2d5c2b9b.jpeg\" class=\"lazy\"\/><\/p>\n<p class=\"caption-title \">Una imagen tomada de un video publicado por la Secretar\u00eda de Estado de Administraci\u00f3n Penitenciaria (SEAPE) muestra el monitor de tobillo da\u00f1ado del expresidente.<\/p>\n<p>                    SEAPE \/ Reuters<\/p>\n<p data-gtm-element-container=\"modulo-texto-link\" class=\"paragraph\">Moraes \u2014calificado como dictador y tirano no solo por el bolsonarismo sino por Donald Trump y su secretario de Estado, Marco Rubio\u2014 sospechaba que la multitud sirviera como obst\u00e1culo a la polic\u00eda en caso de que Bolsonaro intentase evadirse. La convocatoria de  Flavio \u201cfue el empuj\u00f3n que faltaba para que el supremo cerrase la puerta de la celda\u201d , resumi\u00f3 la editorial en la revista Veja.<\/p>\n<p>\u201cFlavio dio el empuj\u00f3n que faltaba para que el Supremo cerrase la puerta de la celda\u201d<\/p>\n<p data-gtm-element-container=\"modulo-texto-link\" class=\"paragraph\">El expresidente fue trasladado a la superintendencia de la Polic\u00eda Federal en la capital brasile\u00f1a a las seis de la ma\u00f1ana e ingres\u00f3 en una celda equipada con aire acondicionado y televisi\u00f3n.<\/p>\n<p data-gtm-element-container=\"modulo-texto-link\" class=\"paragraph\">Eso si el precario estado de salud -que sufre las secuelas de un intento de asesinato con arma bance en 2019- dramatiza el encarcelamiento . \u201cEl se\u00f1or Moraes: \u00bfquiere usted matar a mi padre?\u201d,  afirm\u00f3 Flavio.<\/p>\n<p data-gtm-element-container=\"modulo-texto-link\" class=\"paragraph\">En una iron\u00eda de la turbulenta historia reciente de Brasil, el expresidente Luiz In\u00e1cio Lula da Silva, que habr\u00eda sido asesinado de haberse prosperado la intentona bolsonarista, fue encarcelado  en 2018 en otra superintendencia \u2014esta en la ciudad de Curitiba\u2014 durante m\u00e1s de un a\u00f1o y tambi\u00e9n se le inculp\u00f3 por delitos de corrupci\u00f3n.<\/p>\n<p data-gtm-element-container=\"modulo-texto-link\" class=\"paragraph\">La condonaci\u00f3n a Lula bajo \u00f3rdenes del Tribunal Supremo sembr\u00f3 la semilla de sospecha en los redes conspiratorias  del bolsonarismo de que Moraes y Lula forman parte de un complot para excluir a Bolsonaro del poder.<\/p>\n<p data-gtm-element-container=\"modulo-texto-link\" class=\"paragraph\">Moraes cit\u00f3 circunstancias anteriores en las que los l\u00edderes de la extrema derecha brasile\u00f1a se hab\u00edan movilizado para evitar la c\u00e1rcel, entre ellos la diputada Carla Zambelli, actualmente encarcelada en Italia, para justificar la prisi\u00f3n preventiva de Bolsonaro.<\/p>\n<p>                <img loading=\"lazy\" decoding=\"async\" data-full-src=\"https:\/\/www.lavanguardia.com\/uploads\/2025\/11\/23\/6922b32605a52.jpeg\" alt=\"Horizontal\" width=\"449\" height=\"299\" src=\"https:\/\/www.europesays.com\/es\/wp-content\/uploads\/2025\/11\/6922b32605a52.jpeg\" class=\"lazy\"\/><\/p>\n<p class=\"caption-title \">Partidarios del expresidente brasile\u00f1o reaccionan frente a la sede regional de la Polic\u00eda Federal de Brasil, adonde fue llevado Jair Bolsonaro tras ser puesto bajo custodia.<\/p>\n<p>                    Mateus Bonomi \/ Reuters<\/p>\n<p data-gtm-element-container=\"modulo-texto-link\" class=\"paragraph\">La proximidad de las embajadas de Estados Unidos y Argentina, prosbleses refugios para el expresidente, fue otro factor de sospecha. \u201cEl modus operandi (&#8230;) de generar disturbios (&#8230;) y la posibilidad de un intento de fuga a una de las embajadas cercanas a la residencia del acusado\u201d justificaron la decisi\u00f3n, afirm\u00f3 el juez.<\/p>\n<p data-gtm-element-container=\"modulo-texto-link\" class=\"paragraph\">Moraes hizo referencia tambi\u00e9n a la huida del otro hijo de Bolsonaro, Eduardo, actualmente afincado en Texas, desde donde ha movilizado apoyo a su padre en circuitos trumpistas.<\/p>\n<p data-gtm-element-container=\"modulo-texto-link\" class=\"paragraph\">Donald  Trump calific\u00f3 la noticia del encarcelamiento de su aliado como \u201cuna l\u00e1stima\u201d, una selecci\u00f3n palabras mucho m\u00e1s suave que las reacciones a la condena en septiembre cuando Trump y Rubio arremetieron contra la \u201cdictadura judicial\u201d.<\/p>\n<p>Trump se limit\u00f3 a calificar el encarcelamiento como \u201cuna l\u00e1stima\u201d<\/p>\n<p data-gtm-element-container=\"modulo-texto-link\" class=\"paragraph\">El abogado de Trump, Martin De Luca, calific\u00f3 el encarcelamiento como \u201cun insulto\u201d a EE.UU.  por la menci\u00f3n de Moraes de que Bolsonaro podr\u00eda refugiarse en la embajada estadounidense.<\/p>\n<p data-gtm-element-container=\"modulo-texto-link\" class=\"paragraph\">El papel de Fl\u00e1vio, antes y despu\u00e9s del ingreso de su padre en la c\u00e1rcel, puede ser clave para entender los planes pol\u00edticos de la familia Bolsonaro. Tras la detenci\u00f3n de su padre, el hijo mayor circul\u00f3 por redes sociales un discurso de indignaci\u00f3n que parec\u00eda preparado, en el que atac\u00f3 no solo a la tiran\u00eda de Moraes y Lula sino tambi\u00e9n   la cumbre del clima en COP30 en Bel\u00e9m.<\/p>\n<p data-gtm-element-container=\"modulo-texto-link\" class=\"paragraph\">Con Eduardo Bolsonaro ya descalificado como candidato, Fl\u00e1vio es favorito para representar a la famila en las elecciones presidenciales de octubre de 2026. Otro posible presidenciable, la ex primera dama Michelle Bolsonaro, de fe evang\u00e9lica, pidi\u00f3 \u201cla justicia de Dios ya que la justicia brasile\u00f1a no funcion\u00f3\u201d en otro discurso apasionado.<\/p>\n<p data-gtm-element-container=\"modulo-texto-link\" class=\"paragraph\">El favorito para liderar la derecha en las elecciones el a\u00f1o que viene, Tarcisio de Freitas, gobernador de S\u00e3o Paulo,\u00a0 calific\u00f3 el encarcelamiento como una \u201cinjusticia\u201d. De Freitas es muy\u00a0 consciente de la importancia del voto bolsonarista y de no perder terreno ante Flavio.<\/p>\n","protected":false},"excerpt":{"rendered":"Finalmente, al cabo de\u202fmeses de tensa espera, Jair Bolsonaro ha ingresado en la c\u00e1rcel, condenado por un intento&hellip;\n","protected":false},"author":2,"featured_media":252101,"comment_status":"","ping_status":"","sticky":false,"template":"","format":"standard","meta":{"footnotes":""},"categories":[42],"tags":[17,18,13,14,11,61,62,63,64,19,20,9,10,15,16,12,21,22,65,66,67],"class_list":{"0":"post-252100","1":"post","2":"type-post","3":"status-publish","4":"format-standard","5":"has-post-thumbnail","7":"category-internacional","8":"tag-breaking-news","9":"tag-breakingnews","10":"tag-featured-news","11":"tag-featurednews","12":"tag-headlines","13":"tag-internacional","14":"tag-international","15":"tag-international-news","16":"tag-internationalnews","17":"tag-latest-news","18":"tag-latestnews","19":"tag-news","20":"tag-noticias","21":"tag-noticias-destacadas","22":"tag-noticiasdestacadas","23":"tag-titulares","24":"tag-ultimas-noticias","25":"tag-ultimasnoticias","26":"tag-world","27":"tag-world-news","28":"tag-worldnews"},"share_on_mastodon":{"url":"https:\/\/pubeurope.com\/@es\/115601238466123274","error":""},"_links":{"self":[{"href":"https:\/\/www.europesays.com\/es\/wp-json\/wp\/v2\/posts\/252100","targetHints":{"allow":["GET"]}}],"collection":[{"href":"https:\/\/www.europesays.com\/es\/wp-json\/wp\/v2\/posts"}],"about":[{"href":"https:\/\/www.europesays.com\/es\/wp-json\/wp\/v2\/types\/post"}],"author":[{"embeddable":true,"href":"https:\/\/www.europesays.com\/es\/wp-json\/wp\/v2\/users\/2"}],"replies":[{"embeddable":true,"href":"https:\/\/www.europesays.com\/es\/wp-json\/wp\/v2\/comments?post=252100"}],"version-history":[{"count":0,"href":"https:\/\/www.europesays.com\/es\/wp-json\/wp\/v2\/posts\/252100\/revisions"}],"wp:featuredmedia":[{"embeddable":true,"href":"https:\/\/www.europesays.com\/es\/wp-json\/wp\/v2\/media\/252101"}],"wp:attachment":[{"href":"https:\/\/www.europesays.com\/es\/wp-json\/wp\/v2\/media?parent=252100"}],"wp:term":[{"taxonomy":"category","embeddable":true,"href":"https:\/\/www.europesays.com\/es\/wp-json\/wp\/v2\/categories?post=252100"},{"taxonomy":"post_tag","embeddable":true,"href":"https:\/\/www.europesays.com\/es\/wp-json\/wp\/v2\/tags?post=252100"}],"curies":[{"name":"wp","href":"https:\/\/api.w.org\/{rel}","templated":true}]}}