{"id":252110,"date":"2025-11-23T22:07:14","date_gmt":"2025-11-23T22:07:14","guid":{"rendered":"https:\/\/www.europesays.com\/es\/252110\/"},"modified":"2025-11-23T22:07:14","modified_gmt":"2025-11-23T22:07:14","slug":"el-acta-de-galech-apezteguia-explica-la-expulsion-de-antony-en-el-betis-girona-una-patada-en-la-cara","status":"publish","type":"post","link":"https:\/\/www.europesays.com\/es\/252110\/","title":{"rendered":"El acta de Galech Apezteguia explica la expulsi\u00f3n de Antony en el Betis-Girona: \u00abUna patada en la cara\u00bb"},"content":{"rendered":"<p>Galech Apezteguia justifica en el acta la roja directa al extremo con argumentos en los que no incluye la falta de intencionalidad <\/p>\n<p class=\"parrafo\">El empate contra el Girona, al margen de que volaron dos puntos de La Cartuja, ha dejado una grave secuela para los verdiblancos por <strong>la expulsi\u00f3n de Antony en el ep\u00edlogo del partido por roja directa<\/strong>. <\/p>\n<p class=\"parrafo\">El brasile\u00f1o, en su intento de realizar un remate acrob\u00e1tico, <strong>golpe\u00f3 el rostro de Joel Roca en su intento de despejar<\/strong>, lo que, en principio, le cost\u00f3 tarjeta amarilla, si bien Pulido Santana llam\u00f3 al colegiado para que la revisara en el monitor, Tras contemplarla en la pantalla, <strong>Galech Apezteguia no dud\u00f3 y cambi\u00f3 la amonestaci\u00f3n por una roja directa <\/strong>que deja al extremo sin el duelo cainita del pr\u00f3ximo domingo. Una acci\u00f3n muy pol\u00e9mica por la ausencia de intencionalidad del futbolista que ha indignado a Isco, que no se call\u00f3, y al beticismo.<\/p>\n<p>El \u00e1rbitro pone complicado que el Betis pueda recurrir la roja de Antony<\/p>\n<p class=\"parrafo\">A priori, el club verdiblanco pretende estudiar el asunto por si se puede recurrir para que Antony estuviera en Nervi\u00f3n, pero <strong>lo cierto es que el \u00e1rbitro se lo ha puesto dif\u00edcil por lo que ha recogido en el acta <\/strong>acerca de la expulsi\u00f3n del extremo. En este sentido, en los motivos de la expulsi\u00f3n no ha detallado la ausencia de intencionalidad del futbolista verdiblanco y s\u00ed que <strong>ha hecho hincapi\u00e9 en la \u00abfuerza excesiva\u00bb <\/strong>empleada por el futbolista cuando realmente impacta en el rostro del giron\u00ed al querer rematar un bal\u00f3n a\u00e9reo.<\/p>\n<p class=\"parrafo\">As\u00ed, el \u00e1rbitro ha redactado en el acta que en el minuto 90&#8242; expuls\u00f3 a Antony por el siguiente motivo: <strong>\u00abFue expulsado por dar una patada en la cara de un contrario usado fuerza excesiva en la disputa del bal\u00f3n\u00bb. <\/strong>Es cierto que incluye que se trat\u00f3 de un lance del juego, pero no que en ning\u00fan momento existi\u00f3 intenci\u00f3n de la estrella verdiblanca de golpearle, lo que podr\u00eda complicar recurrir la roja y tambi\u00e9n la resoluci\u00f3n de Competici\u00f3n.<\/p>\n<p>En el Betis caus\u00f3 indignaci\u00f3n la designaci\u00f3n de Galech Apezteguia<\/p>\n<p class=\"parrafo\"><strong>En el seno del Betis ya caus\u00f3 indignaci\u00f3n la designaci\u00f3n de Galech Apezteguia <\/strong>para este choque tras lo ocurrido contra el Espanyol, en el que tambi\u00e9n atendi\u00f3 la llamada del VAR y se\u00f1al\u00f3 penalti sin tener en cuenta una posible falta previa a Valent\u00edn G\u00f3mez. Finalmente, el navarro ha justificado esta preocupaci\u00f3n con otra decisi\u00f3n controvertida contra el Betis, lo que le escama mucho a Isco.<\/p>\n<p><a class=\"elementos-rel-t2\" href=\"https:\/\/www.estadiodeportivo.com\/futbol\/betis\/isco-calla-tras-expulsion-antony-betis-girona-con-este-arbitro-20251123-521362.html\" title=\"Isco no se calla tras la expulsi\u00f3n de Antony en el Betis - Girona: &quot;Con este \u00e1rbitro...&quot; \" rel=\"nofollow noopener\" target=\"_blank\">Isco no se calla tras la expulsi\u00f3n de Antony en el Betis &#8211; Girona: \u00abCon este \u00e1rbitro&#8230;\u00bb <img decoding=\"async\" src=\"https:\/\/www.europesays.com\/es\/wp-content\/uploads\/2025\/11\/61f235e0-45d8-4b50-880f-588445d722f2_320x180.jpeg\" alt=\"Isco no se calla tras la expulsi\u00f3n de Antony en el Betis - Girona: &quot;Con este \u00e1rbitro...&quot; \"\/><\/a><a class=\"elementos-rel-t2\" href=\"https:\/\/www.estadiodeportivo.com\/futbol\/betis\/pellegrini-explica-cambio-prematuro-celso-muerde-lengua-con-roja-antony-betis-girona-esta-tocado-20251123-521366.html\" title=\"Pellegrini explica el cambio prematuro de Lo Celso y se muerde la lengua con la roja a Antony en el Betis - Girona: &quot;Est\u00e1 tocado&quot;\" rel=\"nofollow noopener\" target=\"_blank\">Pellegrini explica el cambio prematuro de Lo Celso y se muerde la lengua con la roja a Antony en el Betis &#8211; Girona: \u00abEst\u00e1 tocado\u00bb<img decoding=\"async\" src=\"https:\/\/www.europesays.com\/es\/wp-content\/uploads\/2025\/11\/a334337c-5cdb-4650-bb52-4cd04cd2d861_320x180.jpeg\" alt=\"Pellegrini explica el cambio prematuro de Lo Celso y se muerde la lengua con la roja a Antony en el Betis - Girona: &quot;Est\u00e1 tocado&quot;\"\/><\/a><a class=\"elementos-rel-t2\" href=\"https:\/\/www.estadiodeportivo.com\/futbol\/betis\/puntos-uno-uno-del-betis-partido-laliga-contra-girona-magia-isco-revelacion-valentin-gomez-perdon-antony-20251123-521337.html\" title=\"Puntos uno a uno del Betis en el partido de LaLiga contra el Girona: la magia de Isco, la revelaci\u00f3n de Valent\u00edn G\u00f3mez y el perd\u00f3n de Antony\" rel=\"nofollow noopener\" target=\"_blank\">Puntos uno a uno del Betis en el partido de LaLiga contra el Girona: la magia de Isco, la revelaci\u00f3n de Valent\u00edn G\u00f3mez y el perd\u00f3n de Antony<img decoding=\"async\" src=\"https:\/\/www.europesays.com\/es\/wp-content\/uploads\/2025\/11\/be8f11f5-9d5f-4d55-8233-a696affed1f6_320x180.jpeg\" alt=\"Puntos uno a uno del Betis en el partido de LaLiga contra el Girona: la magia de Isco, la revelaci\u00f3n de Valent\u00edn G\u00f3mez y el perd\u00f3n de Antony\"\/><\/a><\/p>\n<p class=\"parrafo\"><strong>\u00abCon este \u00e1rbitro, dos acciones grises nos han dado el m\u00e1ximo castigo. No s\u00e9 si es casualidad. <\/strong>Nos ha tocado el peor escenario en ambas ocasiones\u00bb, se\u00f1al\u00f3 el malague\u00f1o antes de conocer lo que recoge el acta.<\/p>\n","protected":false},"excerpt":{"rendered":"Galech Apezteguia justifica en el acta la roja directa al extremo con argumentos en los que no incluye&hellip;\n","protected":false},"author":2,"featured_media":252111,"comment_status":"","ping_status":"","sticky":false,"template":"","format":"standard","meta":{"footnotes":""},"categories":[268],"tags":[11321,168,25,24,284,280,282,18013,286,281,23,167],"class_list":{"0":"post-252110","1":"post","2":"type-post","3":"status-publish","4":"format-standard","5":"has-post-thumbnail","7":"category-futbol","8":"tag-acta","9":"tag-deportes","10":"tag-es","11":"tag-espana","12":"tag-estadio-deportivo","13":"tag-football","14":"tag-futbol","15":"tag-girona-fc","16":"tag-real-betis-balompie","17":"tag-soccer","18":"tag-spain","19":"tag-sports"},"share_on_mastodon":{"url":"https:\/\/pubeurope.com\/@es\/115601293270536059","error":""},"_links":{"self":[{"href":"https:\/\/www.europesays.com\/es\/wp-json\/wp\/v2\/posts\/252110","targetHints":{"allow":["GET"]}}],"collection":[{"href":"https:\/\/www.europesays.com\/es\/wp-json\/wp\/v2\/posts"}],"about":[{"href":"https:\/\/www.europesays.com\/es\/wp-json\/wp\/v2\/types\/post"}],"author":[{"embeddable":true,"href":"https:\/\/www.europesays.com\/es\/wp-json\/wp\/v2\/users\/2"}],"replies":[{"embeddable":true,"href":"https:\/\/www.europesays.com\/es\/wp-json\/wp\/v2\/comments?post=252110"}],"version-history":[{"count":0,"href":"https:\/\/www.europesays.com\/es\/wp-json\/wp\/v2\/posts\/252110\/revisions"}],"wp:featuredmedia":[{"embeddable":true,"href":"https:\/\/www.europesays.com\/es\/wp-json\/wp\/v2\/media\/252111"}],"wp:attachment":[{"href":"https:\/\/www.europesays.com\/es\/wp-json\/wp\/v2\/media?parent=252110"}],"wp:term":[{"taxonomy":"category","embeddable":true,"href":"https:\/\/www.europesays.com\/es\/wp-json\/wp\/v2\/categories?post=252110"},{"taxonomy":"post_tag","embeddable":true,"href":"https:\/\/www.europesays.com\/es\/wp-json\/wp\/v2\/tags?post=252110"}],"curies":[{"name":"wp","href":"https:\/\/api.w.org\/{rel}","templated":true}]}}