{"id":252112,"date":"2025-11-23T22:08:15","date_gmt":"2025-11-23T22:08:15","guid":{"rendered":"https:\/\/www.europesays.com\/es\/252112\/"},"modified":"2025-11-23T22:08:15","modified_gmt":"2025-11-23T22:08:15","slug":"esta-es-la-carrera-que-dejo-a-medias-blanca-suarez-para-ser-actriz","status":"publish","type":"post","link":"https:\/\/www.europesays.com\/es\/252112\/","title":{"rendered":"Esta es la carrera que dej\u00f3 a medias Blanca Su\u00e1rez para ser actriz"},"content":{"rendered":"<p>M\u00e1s all\u00e1 de su exitosa carrera como actriz, puede que pocos sepan que <strong>Blanca Su\u00e1rez<\/strong> se dispon\u00eda a seguir otro camino profesional antes de dar el salto a la fama. Pese a que desde los ocho a\u00f1os <strong>se apuntaba a la escuela Trit\u00f3n de Artes Esc\u00e9nicas<\/strong>, -donde form\u00f3 durante 13 a\u00f1os-, tambi\u00e9n quiso tener otra opci\u00f3n que le ayudase a seguir adelante en caso de que su paso por el mundo de la actuaci\u00f3n no fuese tan positivo.<\/p>\n<p>As\u00ed, Blanca se matriculaba en <strong>un grado de\u00a0Comunicaci\u00f3n Audiovisual en la Universidad Rey Juan Carlos de Madrid<\/strong>. Sin embargo, terminaba abandonando estos estudios para centrarse por completo en su carrera cinematogr\u00e1fica. Y es que el director de casting Luis San Narciso se cruzaba en su camino y le ofrec\u00eda el papel de Julia\u00a0en la serie de Antena 3<a href=\"https:\/\/okdiario.com\/look\/actualidad\/ana-armas-nominada-oscar-internado-1639271\" rel=\"nofollow noopener\" target=\"_blank\">\u00a0El Internado<\/a>. Una interpretaci\u00f3n que le cambiaba la vida por completo, ya que la lanzaba directamente a la fama.<\/p>\n<p>\n<img decoding=\"async\" loading=\"lazy\" class=\"size-medium wp-image-2427674\" alt=\"Blanca Sua\u0301rez durante el estreno de 'Respira'. (Foto: Gtres)\" width=\"620\" height=\"349\"  src=\"https:\/\/www.europesays.com\/es\/wp-content\/uploads\/2025\/10\/placeholder.jpg\"  bad-src=\"https:\/\/www.europesays.com\/es\/wp-content\/uploads\/2025\/10\/placeholder.jpg\"\/><\/p>\n<p><img decoding=\"async\" loading=\"lazy\" class=\"size-medium wp-image-2427674\" src=\"https:\/\/www.europesays.com\/es\/wp-content\/uploads\/2025\/11\/blanca-suarez-durante-el-estreno-de-respira-620x349.jpg\" alt=\"Blanca Sua\u0301rez durante el estreno de 'Respira'. (Foto: Gtres)\" width=\"620\" height=\"349\"  \/><\/p>\n<p> Blanca Sua\u0301rez durante el estreno de \u2018Respira\u2019. (Foto: Gtres)\n<\/p>\n<p>As\u00ed fue el salto a la fama de Blanca Su\u00e1rez<\/p>\n<p>Despu\u00e9s llegaba otra serie: El Barco, en la que despuntaba como protagonista junto a Mario Casas, y tambi\u00e9n las exitosas pel\u00edculas Eskalofr\u00edo,\u00a0Carne de Ne\u00f3n, e incluso su colaboraci\u00f3n a las \u00f3rdenes de Pedro Almodovar en el filme La piel que habito. <strong>\u00abMe impresiona mucho cuando alguien que te ve se echa a llorar, o conoce perfectamente tu vida\u00bb<\/strong>, afirma ella respecto al intenso fen\u00f3meno fan que se ha despertado en torno a su figura. Y a eso se suma que Su\u00e1rez tambi\u00e9n se ha convertido en casi un icono y en imagen de varias marcas tan relevantes como Tous o Intimissimi.<\/p>\n<p>\n<img decoding=\"async\" loading=\"lazy\" class=\"size-medium wp-image-2427668\" alt=\"Blanca Su\u00e1rez. (Foto: Gtres)\" width=\"413\" height=\"620\"  src=\"https:\/\/www.europesays.com\/es\/wp-content\/uploads\/2025\/10\/placeholder.jpg\"  bad-src=\"https:\/\/www.europesays.com\/es\/wp-content\/uploads\/2025\/10\/placeholder.jpg\"\/><\/p>\n<p><img decoding=\"async\" loading=\"lazy\" class=\"size-medium wp-image-2427668\" src=\"https:\/\/www.europesays.com\/es\/wp-content\/uploads\/2025\/11\/blanca-suarez-413x620.jpg\" alt=\"Blanca Su\u00e1rez. (Foto: Gtres)\" width=\"413\" height=\"620\"  \/><\/p>\n<p> Blanca Su\u00e1rez. (Foto: Gtres)\n<\/p>\n<p>Actualmente, Blanca despunta en Netflix gracias a Respira, una serie que ya va por su segunda temporada, y en la que comparte pantalla con otras estrellas de la talla de Manu R\u00edos, Najwa Nimri e incluso Pablo Albor\u00e1n, -quien acaba de dar el salto al mundo de la actuaci\u00f3n-. De hecho, Su\u00e1rez no ha dudado en aplaudir este fichaje. \u00abHizo un casting impresionante en el que participaron much\u00edsimos actores y \u00e9l fue elegido porque lo merec\u00eda\u00bb, opinaba al respecto, dejando muy claro que fue m\u00e9rito del talento de Albor\u00e1n y no de su fama.<\/p>\n<p>La vida personal de la actriz<\/p>\n<p>En cuanto a su vida personal, pese a que Blanca Su\u00e1rez ha procurado mantenerla en un segundo plano, hay ciertos detalles que inevitablemente terminaban saliendo a la luz. Sobre todo, las m\u00e1s medi\u00e1ticas, como la que mantuvo con <strong>Miguel \u00c1ngel Silvestre<\/strong>, al que conoci\u00f3 en 2011 durante el rodaje de The Pelayos. Relaci\u00f3n que dur\u00f3 3 a\u00f1os y que terminaba en muy buenos t\u00e9rminos. Al igual que con <strong>Dani Mart\u00edn,<\/strong> al que conoci\u00f3 durante el rodaje del videoclip Emocional, single de su disco hom\u00f3nimo. La presi\u00f3n de la prensa tuvo mucho que ver en esta ruptura, ya que la inmensa atenci\u00f3n medi\u00e1tica que recibieron terminaba pas\u00e1ndoles factura. \u00ab<strong>Nos segu\u00edan 18 coches\u00bb,<\/strong> desvelaba respecto a esa delicada situaci\u00f3n.<\/p>\n<p>\n<img decoding=\"async\" loading=\"lazy\" class=\"size-medium wp-image-2427669\" alt=\"Blanca Sua\u0301rez junto al elenco de 'Respira'. (Foto: Gtres)\" width=\"620\" height=\"349\"  src=\"https:\/\/www.europesays.com\/es\/wp-content\/uploads\/2025\/10\/placeholder.jpg\"  bad-src=\"https:\/\/www.europesays.com\/es\/wp-content\/uploads\/2025\/10\/placeholder.jpg\"\/><\/p>\n<p><img decoding=\"async\" loading=\"lazy\" class=\"size-medium wp-image-2427669\" src=\"https:\/\/www.europesays.com\/es\/wp-content\/uploads\/2025\/11\/blanca-suarez-junto-al-elenco-de-respira-620x349.jpg\" alt=\"Blanca Sua\u0301rez junto al elenco de 'Respira'. (Foto: Gtres)\" width=\"620\" height=\"349\"  \/><\/p>\n<p> Blanca Sua\u0301rez junto al elenco de \u2018Respira\u2019. (Foto: Gtres)\n<\/p>\n<p>Despu\u00e9s pasar\u00edan por su vida Joel Bosqued y Mario Casas, con quien c<a href=\"https:\/\/okdiario.com\/look\/actualidad\/blanca-suarez-sorprende-hablar-sexo-relacion-javier-rey-2393655\" rel=\"nofollow noopener\" target=\"_blank\">onformaba una de las parejas m\u00e1s queridas del panorama nacional<\/a>. Desde hace a\u00f1os, Blanca comparte su vida con Javier Rey.<\/p>\n","protected":false},"excerpt":{"rendered":"M\u00e1s all\u00e1 de su exitosa carrera como actriz, puede que pocos sepan que Blanca Su\u00e1rez se dispon\u00eda a&hellip;\n","protected":false},"author":2,"featured_media":252113,"comment_status":"","ping_status":"","sticky":false,"template":"","format":"standard","meta":{"footnotes":""},"categories":[174],"tags":[63768,255,146,147,25,24,256,23],"class_list":{"0":"post-252112","1":"post","2":"type-post","3":"status-publish","4":"format-standard","5":"has-post-thumbnail","7":"category-famosos","8":"tag-carrera-abandono-blanca-suarez","9":"tag-celebrities","10":"tag-entertainment","11":"tag-entretenimiento","12":"tag-es","13":"tag-espana","14":"tag-famosos","15":"tag-spain"},"share_on_mastodon":{"url":"https:\/\/pubeurope.com\/@es\/115601297352453751","error":""},"_links":{"self":[{"href":"https:\/\/www.europesays.com\/es\/wp-json\/wp\/v2\/posts\/252112","targetHints":{"allow":["GET"]}}],"collection":[{"href":"https:\/\/www.europesays.com\/es\/wp-json\/wp\/v2\/posts"}],"about":[{"href":"https:\/\/www.europesays.com\/es\/wp-json\/wp\/v2\/types\/post"}],"author":[{"embeddable":true,"href":"https:\/\/www.europesays.com\/es\/wp-json\/wp\/v2\/users\/2"}],"replies":[{"embeddable":true,"href":"https:\/\/www.europesays.com\/es\/wp-json\/wp\/v2\/comments?post=252112"}],"version-history":[{"count":0,"href":"https:\/\/www.europesays.com\/es\/wp-json\/wp\/v2\/posts\/252112\/revisions"}],"wp:featuredmedia":[{"embeddable":true,"href":"https:\/\/www.europesays.com\/es\/wp-json\/wp\/v2\/media\/252113"}],"wp:attachment":[{"href":"https:\/\/www.europesays.com\/es\/wp-json\/wp\/v2\/media?parent=252112"}],"wp:term":[{"taxonomy":"category","embeddable":true,"href":"https:\/\/www.europesays.com\/es\/wp-json\/wp\/v2\/categories?post=252112"},{"taxonomy":"post_tag","embeddable":true,"href":"https:\/\/www.europesays.com\/es\/wp-json\/wp\/v2\/tags?post=252112"}],"curies":[{"name":"wp","href":"https:\/\/api.w.org\/{rel}","templated":true}]}}