{"id":252120,"date":"2025-11-23T22:15:14","date_gmt":"2025-11-23T22:15:14","guid":{"rendered":"https:\/\/www.europesays.com\/es\/252120\/"},"modified":"2025-11-23T22:15:14","modified_gmt":"2025-11-23T22:15:14","slug":"jorge-alio-ophthalmologisthay-que-cambiar-los-habitos-de-vida-de-nuestros-ninos","status":"publish","type":"post","link":"https:\/\/www.europesays.com\/es\/252120\/","title":{"rendered":"Jorge Ali\u00f3: Ophthalmologist\u00abHay que cambiar los h\u00e1bitos de vida de nuestros ni\u00f1os\u00bb"},"content":{"rendered":"<p>El eminente oftalm\u00f3logo Jorge Ali\u00f3 (Caracas, 1953) intervendr\u00e1 el pr\u00f3ximo 26 de noviembre en la jornada sobre &#8216;Avances en el conocimiento actual sobre la oftalmolog\u00eda:  &#8230; retos y oportunidades&#8217;, que organiza la Universidad Internacional Men\u00e9ndez Pelayo en su sede de Cartagena, a las 18.00 horas.<\/p>\n<p class=\"v-p\"><strong>\u2013Est\u00e1 en el s\u00e9ptimo lugar en la lista de oftalm\u00f3logos m\u00e1s influyentes del mundo. \u00bfQu\u00e9 le ha reportado personal y profesionalmente?<\/strong><\/p>\n<p class=\"v-p\">\u2013Los reconocimientos siempre sirven para incrementar tu convicci\u00f3n de que est\u00e1s haciendo lo correcto. Eso no implica que dependas de ellos para poder seguir adelante, pero existe el reconocimiento, por parte de terceros, en especial de otros colegas, en un \u00e1mbito tan competitivo como es el cient\u00edfico profesional, supone un est\u00edmulo y una alegr\u00eda. Por otra parte, como docente, el tener una posici\u00f3n destacada en cuanto a mi nivel de influencia profesional, implica que mi tarea educativa est\u00e1 siendo eficaz y que, a trav\u00e9s de los recursos educativos que utilizamos y que b\u00e1sicamente permiten diseminar los avances cient\u00edficos en los cuales trabajamos, tanto nosotros como otros, sirven para los dem\u00e1s y son apreciados como un progreso para nuestra especialidad.<\/p>\n<p class=\"v-p\"><strong>\u2013La lente intraocular acomodativa Lumina que ha desarrollado, \u00bfc\u00f3mo mejora los resultados de las operaciones de cataratas?<\/strong><\/p>\n<p class=\"v-p\">\u2013La lente Lumina es una lente acomodativa, es decir, es capaz de enfocar a distintas distancias sin necesitar varios focos a la vez, como ocurre con las multifocales. A diferencia de otras lentes, esta capacidad hace que la lente se comporte con un \u00fanico foco a las distintas distancias y de esa manera evitar los trastornos luminosos, como aparici\u00f3n de mala visi\u00f3n y otros fen\u00f3menos visuales que acontecen al usar lentes multifocales o EDOF. Se trata, en mi opini\u00f3n y sin ninguna duda, como el mayor paso adelante que se ha dado en la oftalmolog\u00eda en cuanto a lentes intraoculares, puesto que la recuperaci\u00f3n de la acomodaci\u00f3n no se ha conseguido hasta ahora. Esta lente ha pasado por estudios cient\u00edficos publicados en revistas cient\u00edficas de alto nivel hasta un total de cuatro trabajos, que demuestran sus capacidades y su realidad. Se trata, sin ninguna duda, de la primera lente acomodativa funcional y con funcionalidad demostrada del mundo hasta ahora descrita.<\/p>\n<p class=\"v-p\"><strong>\u2013\u00bfA qu\u00e9 se debe que los pacientes de cataratas sean cada vez m\u00e1s j\u00f3venes?<\/strong><\/p>\n<p class=\"v-p\">\u2013Las operaciones de catarata se hacen cada vez en personas m\u00e1s j\u00f3venes, pero eso no quiere decir que ocurran m\u00e1s precozmente. M\u00e1s bien c\u00f3mo se trata de que la cirug\u00eda es capaz de eliminar las cataratas con \u00e9xito en edades m\u00e1s tempranas porque alteran la capacidad visual del sujeto. Se define catarata como una p\u00e9rdida de la transparencia del cristalino causante de una disminuci\u00f3n visual. Hoy se utiliza otro concepto, como es el de cristalino disfuncional, en el que describimos c\u00f3mo el cristalino al envejecer (sin estar opaco) degrada la capacidad visual. Este hecho se aprovecha, el de la operaci\u00f3n sobre el cristalino, para restaurar la emetrop\u00eda (no necesita gafas para ver bien) a todas las distancias con lentes diversas, y, no obstante, hasta la fecha no han conseguido restaurar la acomodaci\u00f3n. Esa es la ventaja de la lente Lumina antes descrita.<\/p>\n<p class=\"v-p\"><strong>\u2013Hay mucha controversia con las intervenciones para cambiar el color de los ojos, pero usted cre\u00f3 una t\u00e9cnica pionera para hacerlo. \u00bfEn qu\u00e9 consiste y qu\u00e9 garant\u00edas ofrece?<\/strong><\/p>\n<p class=\"v-p\">\u2013La t\u00e9cnica de la queratopigmentaci\u00f3n fue descrita por m\u00ed en todos sus aspectos hace ya m\u00e1s de 14 a\u00f1os y desde entonces la utilizamos sobre todo para casos terap\u00e9uticos. Se trata del uso de pigmentos y t\u00e9cnicas para hacerlos permanentes en la c\u00f3rnea, para igualar el color de ojos anormales (opacidades de cornea, ojos ciegos por operaciones fallidas, otros procesos patol\u00f3gicos que desfiguran al paciente). Estos casos no ten\u00edan hasta ahora ninguna soluci\u00f3n m\u00e1s que quitar el ojo (enucleaci\u00f3n) y colocaci\u00f3n de una pr\u00f3tesis. Hemos conseguido con esas t\u00e9cnicas restaurar un aspecto normal que es un inmenso beneficio para los pacientes. De camino a conseguir esto, hemos descrito la t\u00e9cnica de queratopigmentaci\u00f3n cosm\u00e9tica para cambiar el color de ojos a modo voluntario. Esta es una opci\u00f3n est\u00e9tica tomada por algunos pacientes y que, practicada con cautela, seleccionando bien al paciente y los pigmentos, est\u00e1 teniendo ahora un gran \u00e9xito aunque a\u00fan necesita proyecci\u00f3n en el tiempo para demostrar su estabilidad y seguridad a largo plazo. Es simplemente un nuevo tipo de cirug\u00eda que a\u00f1ade valor a todo lo que hacemos tanto a pacientes patol\u00f3gicos como a veces a pacientes con deseos est\u00e9ticos de cambio de color de ojos.<\/p>\n<p class=\"v-p\"><strong>\u2013\u00bfEn qu\u00e9 medida est\u00e1n afectando los cambios en los h\u00e1bitos de vida al empeoramiento de la visi\u00f3n?<\/strong><\/p>\n<p class=\"v-p\">\u2013Los cambios actuales en el modo de vida implican un mayor uso de la visi\u00f3n pr\u00f3xima. Esto, trasladado al adulto, se traduce en una mayor necesidad de gafas de cerca a partir de una determinada edad, pero en j\u00f3venes implica un est\u00edmulo a la miop\u00eda. Sin duda, la plaga que supone la miop\u00eda infantil y su evoluci\u00f3n (en algunos pa\u00edses como Singapur alcanza el 70% de la poblaci\u00f3n, al igual que en algunas \u00e1reas de China), constituye un cambio biol\u00f3gico que se est\u00e1 abordando en este momento con t\u00e9cnicas y tratamientos que permiten atenuar o controlar este crecimiento anormal del ojo. Sin duda alguna, hay que cambiar los h\u00e1bitos de vida de nuestros ni\u00f1os, utilizar estas t\u00e9cnicas preventivas y finalmente, ser cautelosos con estos desequilibrios en los h\u00e1bitos de vida de nuestra poblaci\u00f3n que se demuestran no adecuados para nuestra salud.<\/p>\n","protected":false},"excerpt":{"rendered":"El eminente oftalm\u00f3logo Jorge Ali\u00f3 (Caracas, 1953) intervendr\u00e1 el pr\u00f3ximo 26 de noviembre en la jornada sobre &#8216;Avances&hellip;\n","protected":false},"author":2,"featured_media":252121,"comment_status":"","ping_status":"","sticky":false,"template":"","format":"standard","meta":{"footnotes":""},"categories":[92],"tags":[3054,25,24,15292,165,2932,166,23,2606],"class_list":{"0":"post-252120","1":"post","2":"type-post","3":"status-publish","4":"format-standard","5":"has-post-thumbnail","7":"category-salud","8":"tag-cambiar","9":"tag-es","10":"tag-espana","11":"tag-habitos","12":"tag-health","13":"tag-ninos","14":"tag-salud","15":"tag-spain","16":"tag-vida"},"share_on_mastodon":{"url":"https:\/\/pubeurope.com\/@es\/115601324428475679","error":""},"_links":{"self":[{"href":"https:\/\/www.europesays.com\/es\/wp-json\/wp\/v2\/posts\/252120","targetHints":{"allow":["GET"]}}],"collection":[{"href":"https:\/\/www.europesays.com\/es\/wp-json\/wp\/v2\/posts"}],"about":[{"href":"https:\/\/www.europesays.com\/es\/wp-json\/wp\/v2\/types\/post"}],"author":[{"embeddable":true,"href":"https:\/\/www.europesays.com\/es\/wp-json\/wp\/v2\/users\/2"}],"replies":[{"embeddable":true,"href":"https:\/\/www.europesays.com\/es\/wp-json\/wp\/v2\/comments?post=252120"}],"version-history":[{"count":0,"href":"https:\/\/www.europesays.com\/es\/wp-json\/wp\/v2\/posts\/252120\/revisions"}],"wp:featuredmedia":[{"embeddable":true,"href":"https:\/\/www.europesays.com\/es\/wp-json\/wp\/v2\/media\/252121"}],"wp:attachment":[{"href":"https:\/\/www.europesays.com\/es\/wp-json\/wp\/v2\/media?parent=252120"}],"wp:term":[{"taxonomy":"category","embeddable":true,"href":"https:\/\/www.europesays.com\/es\/wp-json\/wp\/v2\/categories?post=252120"},{"taxonomy":"post_tag","embeddable":true,"href":"https:\/\/www.europesays.com\/es\/wp-json\/wp\/v2\/tags?post=252120"}],"curies":[{"name":"wp","href":"https:\/\/api.w.org\/{rel}","templated":true}]}}