{"id":252125,"date":"2025-11-23T22:18:10","date_gmt":"2025-11-23T22:18:10","guid":{"rendered":"https:\/\/www.europesays.com\/es\/252125\/"},"modified":"2025-11-23T22:18:10","modified_gmt":"2025-11-23T22:18:10","slug":"cuotas-mensuales-expansion-internacional-y-mas-inversion-en-ia-pilares-de-la-nueva-hoja-de-ruta-de-edreams","status":"publish","type":"post","link":"https:\/\/www.europesays.com\/es\/252125\/","title":{"rendered":"Cuotas mensuales, expansi\u00f3n internacional y m\u00e1s inversi\u00f3n en IA, pilares de la nueva hoja de ruta de eDreams"},"content":{"rendered":"<p><img decoding=\"async\" src=\"https:\/\/www.europesays.com\/es\/wp-content\/uploads\/2025\/11\/7739685\" border=\"0\" alt=\"Archivo - Dana Dunne, consejero delegado de eDreams Odigeo.\" title=\"Archivo - Dana Dunne, consejero delegado de eDreams Odigeo.\"\/><\/p>\n<p>&#13;<\/p>\n<p>   Las cuotas mensuales o trimestrales para la suscripci\u00f3n anual de Prime, la aceleraci\u00f3n de su expansi\u00f3n internacional y el aumento de inversi\u00f3n en IA son los tres pilares clave de eDreams para impulsar su nueva hoja de ruta estrat\u00e9gica hasta 2030, con el objetivo de alcanzar 13 millones de miembros, desde los 7,7 millones actuales, y un Ebitda &#8216;cash&#8217; de 270 millones de euros para ese mismo a\u00f1o, un X% m\u00e1s con respecto a 2025.<\/p>\n<p>En palabras de su CEO, Dana Dunne, este nuevo plan plurianual se trata del siguiente \u00abpaso l\u00f3gico\u00bb en la trayectoria de la firma, destacando que la agencia redoblar\u00e1 la apuesta por su modelo para \u00abllevarlo m\u00e1s lejos y m\u00e1s r\u00e1pido\u00bb.<\/p>\n<p>Sobre los tres pilares, en primer lugar, la empresa ve como una \u00abevoluci\u00f3n clave\u00bb la introducci\u00f3n de opciones de pago m\u00e1s flexibles para la suscripci\u00f3n anual de Prime, lo que, seg\u00fan sus datos, puede ofrecer un 13% m\u00e1s de valor a largo plazo, m\u00e1s de un 10% m\u00e1s de satisfacci\u00f3n del cliente y un aumento del 8% en las tasas de conversi\u00f3n.<\/p>\n<p>Desde eDreams tambi\u00e9n ha destacado que estos pagos flexibles son un facilitador \u00abclave\u00bb para la expansi\u00f3n de productos, resaltando que este modelo encaja \u00abperfectamente\u00bb con categor\u00edas de viajes de alta frecuencia, como el tren, un mercado \u00absignificativo\u00bb y en crecimiento valorado en m\u00e1s de 40.000 millones de euros.<\/p>\n<p>\u00abEstas iniciativas se sumar\u00e1n a la ya robusta oferta de Prime, que incluye una gama completa de productos como vuelos, hoteles, paquetes din\u00e1micos y alquiler de coches, complementada con otras ventajas para los miembros, como la flexibilidad de cancelar reservas por cualquier motivo y el acceso exclusivo a ofertas solo para miembros\u00bb, ha a\u00f1adido en un comunicado remitido a la CNMV.<\/p>\n<p>EXPANSI\u00d3N EN LATAM, ORIENTE MEDIO Y \u00c1FRICA<br \/>&#13;<br \/>\n   Por otro lado, la agencia de viajes online acelerar\u00e1 su expansi\u00f3n internacional m\u00e1s all\u00e1 de sus 10 pa\u00edses Prime, centr\u00e1ndose en regiones de \u00abalto potencial\u00bb, como Latinoam\u00e9rica, Europa Central, Oriente Medio y \u00c1frica.<\/p>\n<p>En este contexto, ya ha estado probando su producto de suscripci\u00f3n en varios mercados nuevos, que \u00abest\u00e1n demostrando un rendimiento excepcional\u00bb, con una penetraci\u00f3n en los hogares un 28% superior en su primer a\u00f1o y una tasa de captaci\u00f3n de Prime un 13% m\u00e1s alta en comparaci\u00f3n con los cinco principales mercados europeos maduros, as\u00ed como una mayor satisfacci\u00f3n del cliente.<\/p>\n<p>Bas\u00e1ndose en estos s\u00f3lidos resultados, la inversi\u00f3n se centrar\u00e1 ahora en escalar un grupo selecto de estos mercados de \u00abalto potencial\u00bb y en localizar a\u00fan m\u00e1s la oferta para impulsar un crecimiento \u00absignificativo\u00bb.<\/p>\n<p>AUMENTO DE INVERSI\u00d3N EN IA<br \/>&#13;<br \/>\n   Como tercer pilar, la firma espa\u00f1ola ha confirmado que aumentar\u00e1 la inversi\u00f3n en Inteligencia Artificial para \u00abprofundizar esa ventaja competitiva\u00bb.<\/p>\n<p>La plataforma de IA propia de la compa\u00f1\u00eda, desarrollada internamente durante m\u00e1s de una d\u00e9cada, incluye la informaci\u00f3n de m\u00e1s de 100 millones de b\u00fasquedas diarias y 100 terabytes de datos que impulsan aplicaciones ag\u00e9nticas cada d\u00eda.<\/p>\n<p>Desde esta posici\u00f3n, eDreams desarrollar\u00e1 \u00abnuevas capacidades\u00bb, con una inversi\u00f3n que \u00abaprovechar\u00e1 notablemente las capacidades de la IA Ag\u00e9ntica como un motor clave de creaci\u00f3n de valor para el negocio\u00bb.<\/p>\n<p>GANA 24 VECES M\u00c1S PERO SE DESPLOMA EN BOLSA POR RECORTAR PREVISIONES<br \/>&#13;<br \/>\n   Este martes al cierre de mercado, eDreams present\u00f3 sus resultados financieros correspondientes a su primer semestre del a\u00f1o fiscal 2026, en los que registr\u00f3 un beneficio neto de 31,5 millones, una cifra 24 veces mayor a las ganancias de 1,3 millones del mismo periodo del pasado ejercicio.<\/p>\n<p>Sin embargo, la respuesta del mercado burs\u00e1til desencaden\u00f3 en un hundimiento de m\u00e1s del 40% en la cotizaci\u00f3n de eDreams al d\u00eda siguiente, despu\u00e9s de rebajar en 60 millones de euros su previsi\u00f3n de resultado bruto de explotaci\u00f3n (Ebitda) &#8216;cash&#8217; para el a\u00f1o fiscal 2026, es decir, hasta los 155 millones de euros, un 14% menos que el ejercicio pasado.<\/p>\n<p>En el mismo comunicado, la empresa explic\u00f3 que esta reducci\u00f3n se debe principalmente a un cambio inferior de 52 millones de euros en los ingresos diferidos generados por Prime al introducir el modelo de pagos mensuales\/trimestrales, mientras que el resto se debe al conservador menor nivel de acceso a Ryanair.<\/p>\n<p>Sobre la aerol\u00ednea irlandesa, eDreams ha denunciado que, en los \u00faltimos dos a\u00f1os, ha intensificado sus esfuerzos para bloquear a las OTAs, a pesar de que \u00ablas \u00f3rdenes judiciales han otorgado el derecho a distribuir su contenido\u00bb.<\/p>\n<p>Estas acciones han impactado \u00abnegativa y significativamente\u00bb la experiencia general del cliente y del viajero, adem\u00e1s de afectar a la adquisici\u00f3n de nuevos miembros, pero no a la retenci\u00f3n de los actuales usuarios, seg\u00fan la firma.<\/p>\n<p>\u00abeDreams sigue dedicada a defender la competencia leal dentro de la industria de viajes y a salvaguardar los intereses de los viajeros, y contin\u00faa luchando legalmente contra las pr\u00e1cticas abusivas de Ryanair\u00bb, ha a\u00f1adido la agencia.<\/p>\n<p>De cara al siguiente a\u00f1o fiscal 2027, continuar\u00e1 la tendencia descendente del Ebitda &#8216;cash&#8217; al estimar 115 millones de euros, por lo que no volver\u00e1 a crecer hasta dentro de cinco trimestres, en el \u00faltimo periodo trimestral del peridodo de 2027. La estimaci\u00f3n final espera registrar un total de 270 millones de euros en 2030.<\/p>\n","protected":false},"excerpt":{"rendered":"&#13; Las cuotas mensuales o trimestrales para la suscripci\u00f3n anual de Prime, la aceleraci\u00f3n de su expansi\u00f3n internacional&hellip;\n","protected":false},"author":2,"featured_media":252126,"comment_status":"","ping_status":"","sticky":false,"template":"","format":"standard","meta":{"footnotes":""},"categories":[80],"tags":[82,95,94,25,24,23],"class_list":{"0":"post-252125","1":"post","2":"type-post","3":"status-publish","4":"format-standard","5":"has-post-thumbnail","7":"category-economia","8":"tag-business","9":"tag-economia","10":"tag-economy","11":"tag-es","12":"tag-espana","13":"tag-spain"},"share_on_mastodon":{"url":"https:\/\/pubeurope.com\/@es\/115601336970138437","error":""},"_links":{"self":[{"href":"https:\/\/www.europesays.com\/es\/wp-json\/wp\/v2\/posts\/252125","targetHints":{"allow":["GET"]}}],"collection":[{"href":"https:\/\/www.europesays.com\/es\/wp-json\/wp\/v2\/posts"}],"about":[{"href":"https:\/\/www.europesays.com\/es\/wp-json\/wp\/v2\/types\/post"}],"author":[{"embeddable":true,"href":"https:\/\/www.europesays.com\/es\/wp-json\/wp\/v2\/users\/2"}],"replies":[{"embeddable":true,"href":"https:\/\/www.europesays.com\/es\/wp-json\/wp\/v2\/comments?post=252125"}],"version-history":[{"count":0,"href":"https:\/\/www.europesays.com\/es\/wp-json\/wp\/v2\/posts\/252125\/revisions"}],"wp:featuredmedia":[{"embeddable":true,"href":"https:\/\/www.europesays.com\/es\/wp-json\/wp\/v2\/media\/252126"}],"wp:attachment":[{"href":"https:\/\/www.europesays.com\/es\/wp-json\/wp\/v2\/media?parent=252125"}],"wp:term":[{"taxonomy":"category","embeddable":true,"href":"https:\/\/www.europesays.com\/es\/wp-json\/wp\/v2\/categories?post=252125"},{"taxonomy":"post_tag","embeddable":true,"href":"https:\/\/www.europesays.com\/es\/wp-json\/wp\/v2\/tags?post=252125"}],"curies":[{"name":"wp","href":"https:\/\/api.w.org\/{rel}","templated":true}]}}