{"id":252144,"date":"2025-11-23T22:37:09","date_gmt":"2025-11-23T22:37:09","guid":{"rendered":"https:\/\/www.europesays.com\/es\/252144\/"},"modified":"2025-11-23T22:37:09","modified_gmt":"2025-11-23T22:37:09","slug":"elche-real-madrid-en-directo-los-blancos-empatan-ante-un-gran-elche-futbol-deportes","status":"publish","type":"post","link":"https:\/\/www.europesays.com\/es\/252144\/","title":{"rendered":"Elche &#8211; Real Madrid en directo| Los blancos empatan ante un gran Elche | F\u00fatbol | Deportes"},"content":{"rendered":"<p>El Elche se mostr\u00f3 valiente con la presi\u00f3n de bal\u00f3n y tambi\u00e9n hizo una defensa muy buena en su propio campo. A pesar de ello, y dejando pocos espacios, el Real Madrid encontr\u00f3 situaciones en las que pudo verse con una amenaza clara de gol. Sin aprovecharlo, el equipo de Xabi Alonso tambi\u00e9n sufri\u00f3 en ciertos momentos al defender, sobre todo cuando los de Eder Sarabia juntaron pases y pudieron hacer que sus dos delanteros tuvieran presencia en el \u00e1rea para finalizar las jugadas. El partido, muy disputado por ambos lados, est\u00e1 siendo muy bonito.<\/p>\n","protected":false},"excerpt":{"rendered":"El Elche se mostr\u00f3 valiente con la presi\u00f3n de bal\u00f3n y tambi\u00e9n hizo una defensa muy buena en&hellip;\n","protected":false},"author":2,"featured_media":252145,"comment_status":"","ping_status":"","sticky":false,"template":"","format":"standard","meta":{"footnotes":""},"categories":[93],"tags":[1540,168,8212,1539,25,24,282,1538,1210,3048,23,167],"class_list":{"0":"post-252144","1":"post","2":"type-post","3":"status-publish","4":"format-standard","5":"has-post-thumbnail","7":"category-deportes","8":"tag-competiciones","9":"tag-deportes","10":"tag-elche-cf","11":"tag-entrenadores","12":"tag-es","13":"tag-espana","14":"tag-futbol","15":"tag-futbolistas","16":"tag-laliga-ea-sports","17":"tag-real-madrid","18":"tag-spain","19":"tag-sports"},"share_on_mastodon":{"url":"https:\/\/pubeurope.com\/@es\/115601411007697853","error":""},"_links":{"self":[{"href":"https:\/\/www.europesays.com\/es\/wp-json\/wp\/v2\/posts\/252144","targetHints":{"allow":["GET"]}}],"collection":[{"href":"https:\/\/www.europesays.com\/es\/wp-json\/wp\/v2\/posts"}],"about":[{"href":"https:\/\/www.europesays.com\/es\/wp-json\/wp\/v2\/types\/post"}],"author":[{"embeddable":true,"href":"https:\/\/www.europesays.com\/es\/wp-json\/wp\/v2\/users\/2"}],"replies":[{"embeddable":true,"href":"https:\/\/www.europesays.com\/es\/wp-json\/wp\/v2\/comments?post=252144"}],"version-history":[{"count":0,"href":"https:\/\/www.europesays.com\/es\/wp-json\/wp\/v2\/posts\/252144\/revisions"}],"wp:featuredmedia":[{"embeddable":true,"href":"https:\/\/www.europesays.com\/es\/wp-json\/wp\/v2\/media\/252145"}],"wp:attachment":[{"href":"https:\/\/www.europesays.com\/es\/wp-json\/wp\/v2\/media?parent=252144"}],"wp:term":[{"taxonomy":"category","embeddable":true,"href":"https:\/\/www.europesays.com\/es\/wp-json\/wp\/v2\/categories?post=252144"},{"taxonomy":"post_tag","embeddable":true,"href":"https:\/\/www.europesays.com\/es\/wp-json\/wp\/v2\/tags?post=252144"}],"curies":[{"name":"wp","href":"https:\/\/api.w.org\/{rel}","templated":true}]}}